{"id":360729,"date":"2022-07-27T17:06:43","date_gmt":"2022-07-27T17:06:43","guid":{"rendered":"https:\/\/dimensionturistica.com\/es\/?p=360729"},"modified":"2022-07-27T17:06:44","modified_gmt":"2022-07-27T17:06:44","slug":"ebro-foods-ataca-directriz-bajista","status":"publish","type":"post","link":"https:\/\/dimensionturistica.com\/es\/ebro-foods-ataca-directriz-bajista\/","title":{"rendered":"Ebro Foods ataca directriz bajista"},"content":{"rendered":"<p> <br \/>\n<\/p>\n<div id=\"newsContent\">\n<p><img decoding=\"async\" alt=\"Ebro Foods: Momento cr\u00edtico si quiere volver a la parte alta del canal\" class=\"\" height=\"440\" longdesc=\"Ebro Foods: Momento cr\u00edtico si quiere volver a la parte alta del canal\" src=\"https:\/\/www.estrategiasdeinversion.com\/uploads\/noticias_redaccion\/Portada2\/ebro_foods.jpg\" title=\"Ebro Foods: Momento cr\u00edtico si quiere volver a la parte alta del canal\" width=\"660\"\/><\/p>\n<p><span><span><span><span>La cotizaci\u00f3n de <\/span><\/span><\/span><\/span><span class=\"txt-blue\"><strong><u><a target=\"_blank\" class=\"lnk\" href=\"https:\/\/www.estrategiasdeinversion.com\/cotizaciones\/indices\/mercado-continuo\/ebro-foods\" title=\"Ebro Foods\" rel=\"noopener\">Ebro Foods<\/a><\/u><\/strong><\/span><span><span><span><span>\u00a0 desarrolla un amplio proceso lateral que queda perfectamente identificado entre el \u00e1rea de resistencia de los 17,04 \/ 16,92\u20ac\u00a0 el \u00e1rea de soporte de los 15,30 \/ 15,18\u20ac por acci\u00f3n.<\/span> En este sentido, dentro de la amplia lateralidad, el precio ataca la directriz bajista de medio plazo, cuya superaci\u00f3n se encuentra respaldada por la activaci\u00f3n de fuertes se\u00f1ales de compra en el oscilador MACD en escala temporal diaria.<\/span><\/span><\/span><\/p>\n<p><span><span><span>En este sentido, la superaci\u00f3n de la directriz bajista habilitar\u00eda una actualizaci\u00f3n de pr\u00f3ximos objetivos alcistas rumbo al \u00e1rea de resistencia citada anteriormente, mientras que una incapacidad por parte de las compras de resolver al alza dicha directriz decreciente aumentar\u00eda la probabilidad de un deterioro en el rebote alcista terciario y, por ende, de plantear una potencial rotaci\u00f3n a la base del amplio canal de fondo.<\/span><\/span><\/span><\/p>\n<p align=\"center\"><span class=\"txt-red\"><span><span><span><i><span lang=\"ES-TRAD\">Ebro Meals (EBRO) en escala semanal (Izq.) y diaria (Dcha.) con volatilidad (ventana central superior), MACD (ventana central inferior) y volumen de contrataci\u00f3n (ventana inferior). Fuente: ProRealTime y elaboraci\u00f3n propia.<\/span><\/i><\/span><\/span><\/span><\/span><\/p>\n<figure class=\"media-image\" itemscop=\"\" itemtype=\"http:\/\/schema.org\/ImageObject\"><meta itemprop=\"name\"\/><meta itemprop=\"contentUrl\" content=\"\/\/www.estrategiasdeinversion.com\/uploads\/noticias_redaccion\/ebro-2022_07_27-10h29.png\"\/><img decoding=\"async\" alt=\"Ebro Foods en gr\u00e1fico semanal y diario\" class=\"gal photo\" height=\"1000\" title=\"Ebro Foods en gr\u00e1fico semanal y diario\" width=\"1778\" src=\"https:\/\/www.estrategiasdeinversion.com\/uploads\/noticias_redaccion\/ebro-2022_07_27-10h29.png\" srcset=\"\" data-processed=\"true\" sizes=\"100vw\"\/><noscript><img decoding=\"async\" src=\"https:\/\/www.estrategiasdeinversion.com\/uploads\/noticias_redaccion\/ebro-2022_07_27-10h29.png\" width=\"1778\" height=\"1000\" alt=\"Ebro Foods en gr\u00e1fico semanal y diario\" class=\"gal photo\" srcset=\"https:\/\/www.estrategiasdeinversion.com\/media\/360\/uploads\/noticias_redaccion\/ebro-2022_07_27-10h29.png 360w,https:\/\/www.estrategiasdeinversion.com\/media\/420\/uploads\/noticias_redaccion\/ebro-2022_07_27-10h29.png 420w,https:\/\/www.estrategiasdeinversion.com\/media\/676\/uploads\/noticias_redaccion\/ebro-2022_07_27-10h29.png 676w\" data-processed=\"true\"\/><\/noscript><\/figure>\n<\/div>\n\n<p><em> \u2018 The preceding article may include information circulated by third parties \u2019 <\/em><\/p>\n<p><em> \u2018 Some details of this article were extracted from the following source www.estrategiasdeinversion.com \u2019 <\/em><\/p>\n","protected":false},"excerpt":{"rendered":"<p>La cotizaci\u00f3n de Ebro Foods\u00a0 desarrolla un amplio proceso lateral que queda perfectamente identificado entre el \u00e1rea de resistencia de los 17,04 \/ 16,92\u20ac\u00a0 el \u00e1rea de soporte de los 15,30 \/ 15,18\u20ac por acci\u00f3n. En este sentido, dentro de la amplia lateralidad, el precio ataca la directriz bajista de medio plazo, cuya superaci\u00f3n se [&hellip;]<\/p>\n","protected":false},"author":2,"featured_media":360730,"comment_status":"open","ping_status":"closed","sticky":false,"template":"","format":"standard","meta":{"om_disable_all_campaigns":false,"jnews-multi-image_gallery":[],"jnews_single_post":[],"jnews_primary_category":[],"jnews_social_meta":[],"footnotes":""},"categories":[43],"tags":[],"class_list":["post-360729","post","type-post","status-publish","format-standard","has-post-thumbnail","hentry","category-gourmet"],"_links":{"self":[{"href":"https:\/\/dimensionturistica.com\/es\/wp-json\/wp\/v2\/posts\/360729","targetHints":{"allow":["GET"]}}],"collection":[{"href":"https:\/\/dimensionturistica.com\/es\/wp-json\/wp\/v2\/posts"}],"about":[{"href":"https:\/\/dimensionturistica.com\/es\/wp-json\/wp\/v2\/types\/post"}],"author":[{"embeddable":true,"href":"https:\/\/dimensionturistica.com\/es\/wp-json\/wp\/v2\/users\/2"}],"replies":[{"embeddable":true,"href":"https:\/\/dimensionturistica.com\/es\/wp-json\/wp\/v2\/comments?post=360729"}],"version-history":[{"count":0,"href":"https:\/\/dimensionturistica.com\/es\/wp-json\/wp\/v2\/posts\/360729\/revisions"}],"wp:featuredmedia":[{"embeddable":true,"href":"https:\/\/dimensionturistica.com\/es\/wp-json\/wp\/v2\/media\/360730"}],"wp:attachment":[{"href":"https:\/\/dimensionturistica.com\/es\/wp-json\/wp\/v2\/media?parent=360729"}],"wp:term":[{"taxonomy":"category","embeddable":true,"href":"https:\/\/dimensionturistica.com\/es\/wp-json\/wp\/v2\/categories?post=360729"},{"taxonomy":"post_tag","embeddable":true,"href":"https:\/\/dimensionturistica.com\/es\/wp-json\/wp\/v2\/tags?post=360729"}],"curies":[{"name":"wp","href":"https:\/\/api.w.org\/{rel}","templated":true}]}}