{"id":360602,"date":"2022-07-27T13:29:33","date_gmt":"2022-07-27T13:29:33","guid":{"rendered":"https:\/\/dimensionturistica.com\/es\/?p=360602"},"modified":"2022-07-27T13:29:33","modified_gmt":"2022-07-27T13:29:33","slug":"sin-lienzo-en-blanco-adaptabilidad-para-la-arquitectura-mexicana-en-reserva-santa-fe","status":"publish","type":"post","link":"https:\/\/dimensionturistica.com\/es\/sin-lienzo-en-blanco-adaptabilidad-para-la-arquitectura-mexicana-en-reserva-santa-fe\/","title":{"rendered":"Sin lienzo en blanco: adaptabilidad para la arquitectura mexicana en Reserva Santa Fe"},"content":{"rendered":"<p><img decoding=\"async\" class=\"size-medium wp-image-360611 alignright\" src=\"https:\/\/dimensionturistica.com\/es\/wp-content\/uploads\/2022\/07\/WhatsApp-Image-2021-10-29-at-4.22.57-PM-6-edit-300x234.webp\" alt=\"\" width=\"300\" height=\"234\" srcset=\"https:\/\/dimensionturistica.com\/es\/wp-content\/uploads\/2022\/07\/WhatsApp-Image-2021-10-29-at-4.22.57-PM-6-edit-300x234.webp 300w, https:\/\/dimensionturistica.com\/es\/wp-content\/uploads\/2022\/07\/WhatsApp-Image-2021-10-29-at-4.22.57-PM-6-edit-1024x800.webp 1024w, https:\/\/dimensionturistica.com\/es\/wp-content\/uploads\/2022\/07\/WhatsApp-Image-2021-10-29-at-4.22.57-PM-6-edit-768x600.webp 768w, https:\/\/dimensionturistica.com\/es\/wp-content\/uploads\/2022\/07\/WhatsApp-Image-2021-10-29-at-4.22.57-PM-6-edit-750x586.webp 750w, https:\/\/dimensionturistica.com\/es\/wp-content\/uploads\/2022\/07\/WhatsApp-Image-2021-10-29-at-4.22.57-PM-6-edit-1140x891.webp 1140w, https:\/\/dimensionturistica.com\/es\/wp-content\/uploads\/2022\/07\/WhatsApp-Image-2021-10-29-at-4.22.57-PM-6-edit.webp 1500w\" sizes=\"(max-width: 300px) 100vw, 300px\" \/>Como un mercado en constante crecimiento, la industria inmobiliaria se ha transformado con el paso de los a\u00f1os. Estos cambios se perciben desde distintas perspectivas: desde lo est\u00e9tico, con corrientes y materiales en tendencia; y desde lo tecnol\u00f3gico, con la aplicaci\u00f3n de herramientas y procesos que brindan mayor fiabilidad, actualmente, una gesti\u00f3n m\u00e1s consciente en el consumo de recursos. Sin embargo, hay un elemento, un ingrediente fundamental que, lamentablemente, pasa desapercibido o en un segundo plano casi siempre: el entorno o ecosistema en el que se construye.<br \/>\nLas frases hechas condensan conceptos que pueden aplicarse en casi cualquier contexto. \u201cUn lienzo en blanco\u201d, por ejemplo, tiene cabida en pr\u00e1cticamente cualquier disciplina, ya que hace referencia al potencial casi ilimitado de un ejercicio creativo a trav\u00e9s de esta met\u00e1fora pict\u00f3rica. En arquitectura, dicha frase, hasta cierto punto, ha resultado un tanto contraproducente: el espacio donde se construye no es blanco; es decir, contiene aspectos inherentes -clima, suelo, fauna, flora, etc.- que es necesario considerar a la hora de hacer esa primera \u201cpincelada\u201d en un plano, para as\u00ed no s\u00f3lo suplantar sino armonizar en todo sentido<img decoding=\"async\" class=\"size-medium wp-image-360612 alignright\" src=\"https:\/\/dimensionturistica.com\/es\/wp-content\/uploads\/2022\/07\/Vivian-Alderete-La-Isla-medios-71-300x200.webp\" alt=\"\" width=\"300\" height=\"200\" srcset=\"https:\/\/dimensionturistica.com\/es\/wp-content\/uploads\/2022\/07\/Vivian-Alderete-La-Isla-medios-71-300x200.webp 300w, https:\/\/dimensionturistica.com\/es\/wp-content\/uploads\/2022\/07\/Vivian-Alderete-La-Isla-medios-71.webp 750w\" sizes=\"(max-width: 300px) 100vw, 300px\" \/>.<br \/>\nLa Isla interior &#8211; Mauricio Tello<br \/>\nLejos de estas met\u00e1foras y sus implicaciones, proyectos como Reserva Santa Fe han virado su enfoque creativo hacia la regeneraci\u00f3n constructiva, siendo conscientes de las necesidades, limitaciones y potencial de la regi\u00f3n en la que est\u00e1n desarrollando ya el primer y \u00fanico conjunto habitacional en su tipo hasta el momento en toda Latinoam\u00e9rica: un enorme bosque de 197 hect\u00e1reas ubicado entre el Valle de M\u00e9xico y el Valle de Toluca, que est\u00e1 en proceso de obtener uno de los certificados m\u00e1s importantes y estrictos en t\u00e9rminos de sustentabilidad y adaptabilidad inmobiliaria: el Living Community Challenge.<br \/>\nEn principio, Reserva Santa Fe ha conducido el proyecto por el trecho de la regeneraci\u00f3n. La creaci\u00f3n de lagos artificiales mediante captaci\u00f3n pluvial, adem\u00e1s de satisfacer las necesidades de los habitantes en relaci\u00f3n a este recurso, ha devuelto la humedad a este espacio, beneficiando as\u00ed a fauna y flora del lugar, como el cacomixtle, el coyote y el ajolote, adem\u00e1s del \u00e1rbol madro\u00f1o, el tepoz\u00e1n blanco y el agave salmiana respectivamente, especies catalogadas y observadas por expertos que trabajan con Reserva desde hace a\u00f1os.<br \/>\nEn este sentido, devolver los atributos naturales a este espacio tambi\u00e9n obliga a conocer, de igual forma, la<img decoding=\"async\" class=\"size-medium wp-image-360614 alignright\" src=\"https:\/\/dimensionturistica.com\/es\/wp-content\/uploads\/2022\/07\/La-Isla-Interior-Mauricio-Tello-4-300x169.webp\" alt=\"\" width=\"300\" height=\"169\" srcset=\"https:\/\/dimensionturistica.com\/es\/wp-content\/uploads\/2022\/07\/La-Isla-Interior-Mauricio-Tello-4-300x169.webp 300w, https:\/\/dimensionturistica.com\/es\/wp-content\/uploads\/2022\/07\/La-Isla-Interior-Mauricio-Tello-4-768x432.webp 768w, https:\/\/dimensionturistica.com\/es\/wp-content\/uploads\/2022\/07\/La-Isla-Interior-Mauricio-Tello-4-750x422.webp 750w, https:\/\/dimensionturistica.com\/es\/wp-content\/uploads\/2022\/07\/La-Isla-Interior-Mauricio-Tello-4.webp 889w\" sizes=\"(max-width: 300px) 100vw, 300px\" \/> injerencia e influencia que han tenido los pobladores de la regi\u00f3n en el mismo durante a\u00f1os. Por ello, uno de los lugares m\u00e1s emblem\u00e1ticos dentro de Reserva Santa Fe -que seguir\u00e1 abierto al p\u00fablico- es el Santuario Nacelagua, localizado en las partes m\u00e1s profundas del bosque, con un peque\u00f1o monolito sagrado en honor a la Virgen de los Remedios, adorada por las comunidades otom\u00edes de la regi\u00f3n, encima de un ojo de agua que inspir\u00f3 su nombre.<br \/>\nSantuario<br \/>\nDicho Santuario, m\u00e1s all\u00e1 de fungir como un tributo al legado y cultura de las comunidades originarias de<img decoding=\"async\" class=\"size-medium wp-image-360615 alignright\" src=\"https:\/\/dimensionturistica.com\/es\/wp-content\/uploads\/2022\/07\/IMG_0690-300x169.webp\" alt=\"\" width=\"300\" height=\"169\" srcset=\"https:\/\/dimensionturistica.com\/es\/wp-content\/uploads\/2022\/07\/IMG_0690-300x169.webp 300w, https:\/\/dimensionturistica.com\/es\/wp-content\/uploads\/2022\/07\/IMG_0690-768x432.webp 768w, https:\/\/dimensionturistica.com\/es\/wp-content\/uploads\/2022\/07\/IMG_0690-750x422.webp 750w, https:\/\/dimensionturistica.com\/es\/wp-content\/uploads\/2022\/07\/IMG_0690.webp 889w\" sizes=\"(max-width: 300px) 100vw, 300px\" \/> esta zona en el centro del pa\u00eds, es s\u00edmbolo del cuidado y atenci\u00f3n que Reserva Santa Fe tiene para con este ecosistema, su elementos naturales y hasta antropol\u00f3gicos. De esta manera, el proyecto inmobiliario apuesta por la adaptabilidad, rasgo que es necesario asumir en cualquier desarrollo de esta \u00edndole, sobre todo en un pa\u00eds como M\u00e9xico, rico en recursos e historia, un mural natural -siguiendo la met\u00e1fora inicial-, donde es necesario repensar ya la relaci\u00f3n que cada construcci\u00f3n tiene con \u00e9ste.<br \/>\nPara m\u00e1s informaci\u00f3n, as\u00ed como para agendar visitas a Reserva Santa Fe, por favor consulte www.ReservaRantaFe.com, en el tel\u00e9fono 55 2167 3358 o v\u00eda correo a info@reservasantafe.com.<\/p>\n","protected":false},"excerpt":{"rendered":"<p>Como un mercado en constante crecimiento, la industria inmobiliaria se ha transformado con el paso de los a\u00f1os. Estos cambios se perciben desde distintas perspectivas: desde lo est\u00e9tico, con corrientes y materiales en tendencia; y desde lo tecnol\u00f3gico, con la aplicaci\u00f3n de herramientas y procesos que brindan mayor fiabilidad, actualmente, una gesti\u00f3n m\u00e1s consciente en [&hellip;]<\/p>\n","protected":false},"author":1,"featured_media":360613,"comment_status":"open","ping_status":"closed","sticky":false,"template":"","format":"standard","meta":{"om_disable_all_campaigns":false,"jnews-multi-image_gallery":[],"jnews_single_post":{"source_name":"","source_url":"","via_name":"","via_url":"","override_template":"0","override":[{"template":"1","single_blog_custom":"","parallax":"1","fullscreen":"1","layout":"right-sidebar","sidebar":"default-sidebar","second_sidebar":"default-sidebar","sticky_sidebar":"1","share_position":"top","share_float_style":"share-monocrhome","show_share_counter":"1","show_view_counter":"1","show_featured":"1","show_post_meta":"1","show_post_author":"1","show_post_author_image":"1","show_post_date":"1","post_date_format":"default","post_date_format_custom":"Y\/m\/d","show_post_category":"1","show_post_reading_time":"0","post_reading_time_wpm":"300","show_zoom_button":"0","zoom_button_out_step":"2","zoom_button_in_step":"3","show_post_tag":"1","show_prev_next_post":"1","show_popup_post":"1","number_popup_post":"1","show_author_box":"0","show_post_related":"0","show_inline_post_related":"0"}],"override_image_size":"0","image_override":[{"single_post_thumbnail_size":"crop-500","single_post_gallery_size":"crop-500"}],"trending_post":"0","trending_post_position":"meta","trending_post_label":"Trending","sponsored_post":"0","sponsored_post_label":"Sponsored by","sponsored_post_name":"","sponsored_post_url":"","sponsored_post_logo_enable":"0","sponsored_post_logo":"","sponsored_post_desc":"","disable_ad":"0"},"jnews_primary_category":{"id":""},"jnews_social_meta":{"fb_title":"","fb_description":"","fb_image":"","twitter_title":"","twitter_description":"","twitter_image":""},"footnotes":""},"categories":[40],"tags":[],"class_list":["post-360602","post","type-post","status-publish","format-standard","has-post-thumbnail","hentry","category-industria"],"_links":{"self":[{"href":"https:\/\/dimensionturistica.com\/es\/wp-json\/wp\/v2\/posts\/360602","targetHints":{"allow":["GET"]}}],"collection":[{"href":"https:\/\/dimensionturistica.com\/es\/wp-json\/wp\/v2\/posts"}],"about":[{"href":"https:\/\/dimensionturistica.com\/es\/wp-json\/wp\/v2\/types\/post"}],"author":[{"embeddable":true,"href":"https:\/\/dimensionturistica.com\/es\/wp-json\/wp\/v2\/users\/1"}],"replies":[{"embeddable":true,"href":"https:\/\/dimensionturistica.com\/es\/wp-json\/wp\/v2\/comments?post=360602"}],"version-history":[{"count":0,"href":"https:\/\/dimensionturistica.com\/es\/wp-json\/wp\/v2\/posts\/360602\/revisions"}],"wp:featuredmedia":[{"embeddable":true,"href":"https:\/\/dimensionturistica.com\/es\/wp-json\/wp\/v2\/media\/360613"}],"wp:attachment":[{"href":"https:\/\/dimensionturistica.com\/es\/wp-json\/wp\/v2\/media?parent=360602"}],"wp:term":[{"taxonomy":"category","embeddable":true,"href":"https:\/\/dimensionturistica.com\/es\/wp-json\/wp\/v2\/categories?post=360602"},{"taxonomy":"post_tag","embeddable":true,"href":"https:\/\/dimensionturistica.com\/es\/wp-json\/wp\/v2\/tags?post=360602"}],"curies":[{"name":"wp","href":"https:\/\/api.w.org\/{rel}","templated":true}]}}