{"id":360560,"date":"2022-07-27T12:43:41","date_gmt":"2022-07-27T12:43:41","guid":{"rendered":"https:\/\/dimensionturistica.com\/es\/?p=360560"},"modified":"2022-07-27T12:43:41","modified_gmt":"2022-07-27T12:43:41","slug":"acatzingo-invita-a-la-feria-de-la-tuna-y-el-nopal","status":"publish","type":"post","link":"https:\/\/dimensionturistica.com\/es\/acatzingo-invita-a-la-feria-de-la-tuna-y-el-nopal\/","title":{"rendered":"Acatzingo invita a la Feria de la Tuna y el Nopal"},"content":{"rendered":"<p><img decoding=\"async\" class=\"size-medium wp-image-360561 alignright\" src=\"https:\/\/dimensionturistica.com\/es\/wp-content\/uploads\/2022\/07\/unnamed-33-300x200.jpg\" alt=\"\" width=\"300\" height=\"200\" srcset=\"https:\/\/dimensionturistica.com\/es\/wp-content\/uploads\/2022\/07\/unnamed-33-300x200.jpg 300w, https:\/\/dimensionturistica.com\/es\/wp-content\/uploads\/2022\/07\/unnamed-33-1024x682.jpg 1024w, https:\/\/dimensionturistica.com\/es\/wp-content\/uploads\/2022\/07\/unnamed-33-768x512.jpg 768w, https:\/\/dimensionturistica.com\/es\/wp-content\/uploads\/2022\/07\/unnamed-33-750x500.jpg 750w, https:\/\/dimensionturistica.com\/es\/wp-content\/uploads\/2022\/07\/unnamed-33-1140x760.jpg 1140w, https:\/\/dimensionturistica.com\/es\/wp-content\/uploads\/2022\/07\/unnamed-33.jpg 1280w\" sizes=\"(max-width: 300px) 100vw, 300px\" \/>\u00a0Tras cinco a\u00f1os de suspensi\u00f3n, en este 2022 la localidad de San Sebasti\u00e1n Villanueva (municipio de Acatzingo), llevar\u00e1 a cabo la Feria de la Tuna y el Nopal, en la que participar\u00e1n productores de la regi\u00f3n, adem\u00e1s de emprendedores que ofrecer\u00e1n productos derivados, desde platillos t\u00edpicos, postres o dulces, cremas o lociones, incluso artesan\u00edas con fibras de nopal, conocida en la regi\u00f3n como \u201ccacaxcle\u201d.<br \/>\nEl presidente municipal de Acatzingo, Abraham Mart\u00ednez Jim\u00e9nez, invit\u00f3 a las y los poblanos a conocer y adquirir sus productos, y record\u00f3 que, por las propiedades de la tierra y el empe\u00f1o de la gente, San Sebasti\u00e1n Villanueva es una de las principales comunidades productoras de nopal a nivel nacional.<br \/>\nEn este sentido, el subsecretario de Producci\u00f3n y Productividad Primaria de la Secretar\u00eda de Desarrollo Rural, Sergio Zepeda Rodr\u00edguez, destac\u00f3 que en la regi\u00f3n son m\u00e1s de 4 mil 500 hect\u00e1reas sembradas de nopal, lo que permite una producci\u00f3n superior a 87 mil toneladas de tuna con calidad de exportaci\u00f3n.<br \/>\nGumaro Sandoval Sol\u00eds, productor de la regi\u00f3n, mencion\u00f3 que durante todo el a\u00f1o hay cosecha, de manera<img decoding=\"async\" class=\"size-medium wp-image-360563 alignright\" src=\"https:\/\/dimensionturistica.com\/es\/wp-content\/uploads\/2022\/07\/unnamed-1-15-300x200.jpg\" alt=\"\" width=\"300\" height=\"200\" srcset=\"https:\/\/dimensionturistica.com\/es\/wp-content\/uploads\/2022\/07\/unnamed-1-15-300x200.jpg 300w, https:\/\/dimensionturistica.com\/es\/wp-content\/uploads\/2022\/07\/unnamed-1-15-1024x682.jpg 1024w, https:\/\/dimensionturistica.com\/es\/wp-content\/uploads\/2022\/07\/unnamed-1-15-768x512.jpg 768w, https:\/\/dimensionturistica.com\/es\/wp-content\/uploads\/2022\/07\/unnamed-1-15-750x500.jpg 750w, https:\/\/dimensionturistica.com\/es\/wp-content\/uploads\/2022\/07\/unnamed-1-15-1140x760.jpg 1140w, https:\/\/dimensionturistica.com\/es\/wp-content\/uploads\/2022\/07\/unnamed-1-15.jpg 1280w\" sizes=\"(max-width: 300px) 100vw, 300px\" \/> que permanentemente hay nopal verdulero, tuna criolla, cristalina, roja o verde, y subray\u00f3 que por medio de cooperativas y comercializadoras, conformadas por habitantes de la regi\u00f3n, han logrado que su producto se comercialice incluso en la Uni\u00f3n Americana, ya sea como fruto o procesado.<br \/>\nEn su intervenci\u00f3n, la secretaria de Turismo, Marta Ornelas Guerrero, insisti\u00f3 en la importancia del turismo gastron\u00f3mico, adem\u00e1s del inter\u00e9s que a ra\u00edz de la pandemia de COVID-19, ha cobrado el turismo rural, ya que permite al visitante tener experiencias complementarias, por ello invit\u00f3 a las y los poblanos a asistir a las ferias que organizan productores como los de tuna y nopal en Acatzingo.<br \/>\n\u00a1Si tienes ganas de asistir a la Feria de la Tuna y el Nopal, entonces \u201cTienes Ganas de Puebla\u201d!<\/p>\n","protected":false},"excerpt":{"rendered":"<p>\u00a0Tras cinco a\u00f1os de suspensi\u00f3n, en este 2022 la localidad de San Sebasti\u00e1n Villanueva (municipio de Acatzingo), llevar\u00e1 a cabo la Feria de la Tuna y el Nopal, en la que participar\u00e1n productores de la regi\u00f3n, adem\u00e1s de emprendedores que ofrecer\u00e1n productos derivados, desde platillos t\u00edpicos, postres o dulces, cremas o lociones, incluso artesan\u00edas con [&hellip;]<\/p>\n","protected":false},"author":1,"featured_media":360562,"comment_status":"open","ping_status":"closed","sticky":false,"template":"","format":"standard","meta":{"om_disable_all_campaigns":false,"jnews-multi-image_gallery":[],"jnews_single_post":{"source_name":"","source_url":"","via_name":"","via_url":"","override_template":"0","override":[{"template":"1","single_blog_custom":"","parallax":"1","fullscreen":"1","layout":"right-sidebar","sidebar":"default-sidebar","second_sidebar":"default-sidebar","sticky_sidebar":"1","share_position":"top","share_float_style":"share-monocrhome","show_share_counter":"1","show_view_counter":"1","show_featured":"1","show_post_meta":"1","show_post_author":"1","show_post_author_image":"1","show_post_date":"1","post_date_format":"default","post_date_format_custom":"Y\/m\/d","show_post_category":"1","show_post_reading_time":"0","post_reading_time_wpm":"300","show_zoom_button":"0","zoom_button_out_step":"2","zoom_button_in_step":"3","show_post_tag":"1","show_prev_next_post":"1","show_popup_post":"1","number_popup_post":"1","show_author_box":"0","show_post_related":"0","show_inline_post_related":"0"}],"override_image_size":"0","image_override":[{"single_post_thumbnail_size":"crop-500","single_post_gallery_size":"crop-500"}],"trending_post":"0","trending_post_position":"meta","trending_post_label":"Trending","sponsored_post":"0","sponsored_post_label":"Sponsored by","sponsored_post_name":"","sponsored_post_url":"","sponsored_post_logo_enable":"0","sponsored_post_logo":"","sponsored_post_desc":"","disable_ad":"0"},"jnews_primary_category":{"id":""},"jnews_social_meta":{"fb_title":"","fb_description":"","fb_image":"","twitter_title":"","twitter_description":"","twitter_image":""},"footnotes":""},"categories":[43],"tags":[],"class_list":["post-360560","post","type-post","status-publish","format-standard","has-post-thumbnail","hentry","category-gourmet"],"_links":{"self":[{"href":"https:\/\/dimensionturistica.com\/es\/wp-json\/wp\/v2\/posts\/360560","targetHints":{"allow":["GET"]}}],"collection":[{"href":"https:\/\/dimensionturistica.com\/es\/wp-json\/wp\/v2\/posts"}],"about":[{"href":"https:\/\/dimensionturistica.com\/es\/wp-json\/wp\/v2\/types\/post"}],"author":[{"embeddable":true,"href":"https:\/\/dimensionturistica.com\/es\/wp-json\/wp\/v2\/users\/1"}],"replies":[{"embeddable":true,"href":"https:\/\/dimensionturistica.com\/es\/wp-json\/wp\/v2\/comments?post=360560"}],"version-history":[{"count":0,"href":"https:\/\/dimensionturistica.com\/es\/wp-json\/wp\/v2\/posts\/360560\/revisions"}],"wp:featuredmedia":[{"embeddable":true,"href":"https:\/\/dimensionturistica.com\/es\/wp-json\/wp\/v2\/media\/360562"}],"wp:attachment":[{"href":"https:\/\/dimensionturistica.com\/es\/wp-json\/wp\/v2\/media?parent=360560"}],"wp:term":[{"taxonomy":"category","embeddable":true,"href":"https:\/\/dimensionturistica.com\/es\/wp-json\/wp\/v2\/categories?post=360560"},{"taxonomy":"post_tag","embeddable":true,"href":"https:\/\/dimensionturistica.com\/es\/wp-json\/wp\/v2\/tags?post=360560"}],"curies":[{"name":"wp","href":"https:\/\/api.w.org\/{rel}","templated":true}]}}