{"id":360093,"date":"2022-07-26T18:05:35","date_gmt":"2022-07-26T18:05:35","guid":{"rendered":"https:\/\/dimensionturistica.com\/es\/?p=360093"},"modified":"2022-07-26T18:05:35","modified_gmt":"2022-07-26T18:05:35","slug":"best-day-te-recuerda-que-nunca-es-tarde-para-viajar","status":"publish","type":"post","link":"https:\/\/dimensionturistica.com\/es\/best-day-te-recuerda-que-nunca-es-tarde-para-viajar\/","title":{"rendered":"Best Day te recuerda que \u00a1Nunca es tarde para viajar!"},"content":{"rendered":"<p><img decoding=\"async\" class=\"size-medium wp-image-360097 alignright\" src=\"https:\/\/dimensionturistica.com\/es\/wp-content\/uploads\/2022\/07\/VERACRUZ-300x180.jpg\" alt=\"\" width=\"300\" height=\"180\" srcset=\"https:\/\/dimensionturistica.com\/es\/wp-content\/uploads\/2022\/07\/VERACRUZ-300x180.jpg 300w, https:\/\/dimensionturistica.com\/es\/wp-content\/uploads\/2022\/07\/VERACRUZ.jpg 474w\" sizes=\"(max-width: 300px) 100vw, 300px\" \/> En el marco del \u201cD\u00eda de Los Abuelos\u201d, a celebrarse en el mes de agosto, Best Day, la compa\u00f1\u00eda de viajes l\u00edder en M\u00e9xico, comparte las preferencias de este perfil de viajeros:<br \/>\nViajes de largas estancias.- Por todos es sabido que, sobre todo en las temporadas de invierno, esta opci\u00f3n es excelente para quienes desean hacer un mix entre descanso y aventura en destinos donde se instalan por largos periodos. Destinos ideales para este tipo de viaje son Mazatl\u00e1n, M\u00e9rida y Chapala.<br \/>\nDestinos culturales.- Siempre son una alternativa ideal para aquellos viajeros curiosos que desean continuar<img decoding=\"async\" class=\" wp-image-360099 alignright\" src=\"https:\/\/dimensionturistica.com\/es\/wp-content\/uploads\/2022\/07\/los-cabos.jpg\" alt=\"\" width=\"297\" height=\"154\" \/> enriqueciendo sus conocimientos. En M\u00e9xico destacan San Miguel de Allende, Oaxaca, Chiapas.<br \/>\nPlayas.- Por supuesto, las playas tambi\u00e9n son favoritas para quienes quieren disfrutar destinos en los que el descanso y la tranquilidad son las caracter\u00edsticas principales. Los Cabos, Veracruz y Puerto Vallarta son, sin duda, de las m\u00e1s <img decoding=\"async\" class=\"size-medium wp-image-360100 alignleft\" src=\"https:\/\/dimensionturistica.com\/es\/wp-content\/uploads\/2022\/07\/MONTEALBAN-300x141.jpg\" alt=\"\" width=\"300\" height=\"141\" srcset=\"https:\/\/dimensionturistica.com\/es\/wp-content\/uploads\/2022\/07\/MONTEALBAN-300x141.jpg 300w, https:\/\/dimensionturistica.com\/es\/wp-content\/uploads\/2022\/07\/MONTEALBAN.jpg 474w\" sizes=\"(max-width: 300px) 100vw, 300px\" \/>solicitadas.<br \/>\n\u201cUn viaje es una experiencia que se disfruta siempre, ya que no hay l\u00edmite de edad para descubrir la belleza de un destino. En la actualidad, muchos abuelos eligen destinar su tiempo y energ\u00eda para disfrutar de un viaje\u201d, mencion\u00f3 Santiago Elijovich, Vicepresidente de Best Day.<br \/>\nBest Day combina la confianza y el servicio que lo caracterizan, con el deseo y el placer de salir de la rutina, siendo c\u00f3mplices en la aventura de los viajeros para tener las mejores vacaciones.<br \/>\nInformaci\u00f3n adicional:<br \/>\nBest Day Travel Group: bestday.com.mx\/<\/p>\n<p>linkedin.com\/company\/best-day-travel\/<\/p>\n","protected":false},"excerpt":{"rendered":"<p>En el marco del \u201cD\u00eda de Los Abuelos\u201d, a celebrarse en el mes de agosto, Best Day, la compa\u00f1\u00eda de viajes l\u00edder en M\u00e9xico, comparte las preferencias de este perfil de viajeros: Viajes de largas estancias.- Por todos es sabido que, sobre todo en las temporadas de invierno, esta opci\u00f3n es excelente para quienes desean [&hellip;]<\/p>\n","protected":false},"author":1,"featured_media":360098,"comment_status":"open","ping_status":"closed","sticky":false,"template":"","format":"standard","meta":{"om_disable_all_campaigns":false,"jnews-multi-image_gallery":[],"jnews_single_post":{"source_name":"","source_url":"","via_name":"","via_url":"","override_template":"0","override":[{"template":"1","single_blog_custom":"","parallax":"1","fullscreen":"1","layout":"right-sidebar","sidebar":"default-sidebar","second_sidebar":"default-sidebar","sticky_sidebar":"1","share_position":"top","share_float_style":"share-monocrhome","show_share_counter":"1","show_view_counter":"1","show_featured":"1","show_post_meta":"1","show_post_author":"1","show_post_author_image":"1","show_post_date":"1","post_date_format":"default","post_date_format_custom":"Y\/m\/d","show_post_category":"1","show_post_reading_time":"0","post_reading_time_wpm":"300","show_zoom_button":"0","zoom_button_out_step":"2","zoom_button_in_step":"3","show_post_tag":"1","show_prev_next_post":"1","show_popup_post":"1","number_popup_post":"1","show_author_box":"0","show_post_related":"0","show_inline_post_related":"0"}],"override_image_size":"0","image_override":[{"single_post_thumbnail_size":"crop-500","single_post_gallery_size":"crop-500"}],"trending_post":"0","trending_post_position":"meta","trending_post_label":"Trending","sponsored_post":"0","sponsored_post_label":"Sponsored by","sponsored_post_name":"","sponsored_post_url":"","sponsored_post_logo_enable":"0","sponsored_post_logo":"","sponsored_post_desc":"","disable_ad":"0"},"jnews_primary_category":{"id":""},"jnews_social_meta":{"fb_title":"","fb_description":"","fb_image":"","twitter_title":"","twitter_description":"","twitter_image":""},"footnotes":""},"categories":[39],"tags":[],"class_list":["post-360093","post","type-post","status-publish","format-standard","has-post-thumbnail","hentry","category-viajes"],"_links":{"self":[{"href":"https:\/\/dimensionturistica.com\/es\/wp-json\/wp\/v2\/posts\/360093","targetHints":{"allow":["GET"]}}],"collection":[{"href":"https:\/\/dimensionturistica.com\/es\/wp-json\/wp\/v2\/posts"}],"about":[{"href":"https:\/\/dimensionturistica.com\/es\/wp-json\/wp\/v2\/types\/post"}],"author":[{"embeddable":true,"href":"https:\/\/dimensionturistica.com\/es\/wp-json\/wp\/v2\/users\/1"}],"replies":[{"embeddable":true,"href":"https:\/\/dimensionturistica.com\/es\/wp-json\/wp\/v2\/comments?post=360093"}],"version-history":[{"count":0,"href":"https:\/\/dimensionturistica.com\/es\/wp-json\/wp\/v2\/posts\/360093\/revisions"}],"wp:featuredmedia":[{"embeddable":true,"href":"https:\/\/dimensionturistica.com\/es\/wp-json\/wp\/v2\/media\/360098"}],"wp:attachment":[{"href":"https:\/\/dimensionturistica.com\/es\/wp-json\/wp\/v2\/media?parent=360093"}],"wp:term":[{"taxonomy":"category","embeddable":true,"href":"https:\/\/dimensionturistica.com\/es\/wp-json\/wp\/v2\/categories?post=360093"},{"taxonomy":"post_tag","embeddable":true,"href":"https:\/\/dimensionturistica.com\/es\/wp-json\/wp\/v2\/tags?post=360093"}],"curies":[{"name":"wp","href":"https:\/\/api.w.org\/{rel}","templated":true}]}}