{"id":359866,"date":"2022-07-26T08:44:52","date_gmt":"2022-07-26T08:44:52","guid":{"rendered":"https:\/\/dimensionturistica.com\/es\/?p=359866"},"modified":"2022-07-26T08:44:52","modified_gmt":"2022-07-26T08:44:52","slug":"alicante-el-destino-vacacional-preferido-por-los-britanicos-para-el-proximo-mes-de-agosto","status":"publish","type":"post","link":"https:\/\/dimensionturistica.com\/es\/alicante-el-destino-vacacional-preferido-por-los-britanicos-para-el-proximo-mes-de-agosto\/","title":{"rendered":"Alicante, el destino vacacional preferido por los brit\u00e1nicos para el pr\u00f3ximo mes de agosto"},"content":{"rendered":"<p> <br \/>\n<\/p>\n<div id=\"article-body-content\" data-action=\"toggle\" data-status=\"on\">\n<p id=\"paragraph_1\">\u00bfD\u00f3nde pasar\u00e1n los brit\u00e1nicos sus vacaciones este mes de agosto? <strong>Alicante, <a rel=\"nofollow noopener\" target=\"_blank\" href=\"https:\/\/www.elespanol.com\/malaga\/20210715\/salado-malaga-no-depender-turista-britanico-diversificar\/596440822_0.html\">M\u00e1laga<\/a>, Barcelona, Tenerife y Palma de Mallorca<\/strong> est\u00e1n entre las cinco primeras ciudades espa\u00f1olas m\u00e1s buscadas para viajar el pr\u00f3ximo mes de agosto, seg\u00fan los datos recogidos por el buscador de precios &#8216;Jetcost&#8217;.\u00a0<\/p>\n<p id=\"paragraph_2\">Las b\u00fasquedas de vuelos han aumentado en un 250%, mientras que las de hoteles en un 330% en los siete primeros meses de este a\u00f1o 2022, as\u00ed ha quedado reflejado en las b\u00fasquedas que miles de usuarios han realizado en el buscador de vuelos y hoteles www.jetcost.es.<\/p>\n<p id=\"paragraph_3\">Por otro lado, las b\u00fasquedas para las vacaciones de agosto de 2022 est\u00e1n ya un 30% por encima de las del mismo mes de 2019. Adem\u00e1s, los usuarios, <strong>pasan un 50% m\u00e1s de tiempo buscando diferentes soluciones, presupuestos y fechas alternativas<\/strong>, para encontrar la oferta que mejor se adapte a sus bolsillos.<\/p>\n<p id=\"paragraph_4\"><em><a rel=\"nofollow noopener\" target=\"_blank\" href=\"https:\/\/www.elespanol.com\/alicante\/vivir\/20220630\/ciudades-valencianas-cuelan-destinos-buscados-espanoles-conocelas\/683931788_0.html\">[Cinco ciudades valencianas se cuelan entre los destinos m\u00e1s buscados por los espa\u00f1oles: con\u00f3celas]<\/a><\/em><\/p>\n<p id=\"paragraph_5\">Y<strong> buena parte de los europeos que han decidido viajar durante las vacaciones de agosto de 2022, lo van a hacer a Espa\u00f1a<\/strong>, nuestro gran clima con el sol y la playa como protagonistas principales, nuestra riqueza cultural, costumbres y fiestas populares, adem\u00e1s de nuestra riqu\u00edsima gastronom\u00eda, buenos hoteles e infraestructuras y precios m\u00e1s econ\u00f3micos que otros pa\u00edses han hecho que seamos el pa\u00eds m\u00e1s buscado en Jetcost para pasar las vacaciones de agosto <strong>por delante de Italia y Portugal<\/strong>.<\/p>\n<h3 class=\"content__summary-title\">Alicante favorita\u00a0<\/h3>\n<p id=\"paragraph_6\">Jetcost.es analiza regularmente las b\u00fasquedas que se realizan a trav\u00e9s de su net, de manera que se consiguen datos muy fiables, al tratarse de b\u00fasquedas reales y no de encuestas. Los datos que analizan los resultados de b\u00fasquedas de vuelos durante el mes de agosto de 2022, indican que, <strong>una gran mayor\u00eda se ha decantado por La Comunidad Valenciana, y dentro de ella, Alicante es la ciudad m\u00e1s solicitada<\/strong> por los viajeros brit\u00e1nicos, la tercera por los neerlandeses, la cuarta por los alemanes y franceses, la s\u00e9ptima por los portugueses y la d\u00e9cima por los italianos.<\/p>\n<p id=\"paragraph_7\">Adem\u00e1s de Alicante, <strong>Valencia tambi\u00e9n est\u00e1 siendo una de las ciudades m\u00e1s buscada<\/strong>s, es la quinta opci\u00f3n para los italianos, la s\u00e9ptima para los neerlandeses, la s\u00e9ptima para los alemanes, la octava para los franceses, la und\u00e9cima para los portugueses y la duod\u00e9cima para los brit\u00e1nicos.<\/p>\n<h3 class=\"content__summary-title\">Turismo nacional<\/h3>\n<p id=\"paragraph_8\">Por su parte, para los espa\u00f1oles,<strong> Alicante y Valencia son la decimotercera y decimooctava ciudades,<\/strong> respectivamente, del mundo m\u00e1s buscadas para pasar estos d\u00edas de descanso y ocio. Adem\u00e1s, de ellas, las capitales de los principales pa\u00edses Europeos son, junto con otras ciudades espa\u00f1olas, los destinos que mejores puestos ocupan en la lista, Par\u00eds en octavo lugar, Roma en d\u00e9cimo, Londres en duod\u00e9cimo. Los que han elegido los destinos de larga distancia se han decantado por Lima (16), La Habana (20), Nueva York (21), Bangkok (24) y Bogot\u00e1 (25).<\/p>\n<p id=\"paragraph_9\">&#8220;<strong>La normalidad ya est\u00e1 aqu\u00ed<\/strong> y con ella vienen los millones de turistas que nos visitaban cada verano antes de la pandemia. Alicante y Valencia siguen siendo grandes destinos tur\u00edsticos mundiales&#8221;, afirma el director de Advertising de Jetcost, Ignazio Ciarmoli.\u00a0<\/p>\n<p id=\"paragraph_10\">El portavoz de este fashionable buscador apunta a la &#8220;riqueza cultural, sus playas, sus costumbres y fiestas populares, su riqu\u00edsima gastronom\u00eda y sus buenos hoteles&#8221;, como las <strong>principales razones que llevan a los europeos a decantarse por la Comunidad Valenciana<\/strong> como principal destino vacacional.<\/p>\n<p id=\"paragraph_11\">&#8220;Por otro lado, <strong>muchos espa\u00f1oles tambi\u00e9n se han fijado en estas ciudades<\/strong> nacionales para sus vacaciones, muy por encima de las europeas y los destinos de larga distancia&#8221;, concluye Ciarmoli.<\/p>\n<h3 class=\"follow-topics-title\"><span class=\"follow-topics-title__icon\"\/>Sigue los temas que te interesan<\/h3>\n<\/p><\/div>\n\n<p><em> &#8221; Fuentes www.elespanol.com &#8221; <\/em><\/p>\n","protected":false},"excerpt":{"rendered":"<p>\u00bfD\u00f3nde pasar\u00e1n los brit\u00e1nicos sus vacaciones este mes de agosto? Alicante, M\u00e1laga, Barcelona, Tenerife y Palma de Mallorca est\u00e1n entre las cinco primeras ciudades espa\u00f1olas m\u00e1s buscadas para viajar el pr\u00f3ximo mes de agosto, seg\u00fan los datos recogidos por el buscador de precios &#8216;Jetcost&#8217;.\u00a0 Las b\u00fasquedas de vuelos han aumentado en un 250%, mientras que [&hellip;]<\/p>\n","protected":false},"author":4,"featured_media":359867,"comment_status":"open","ping_status":"closed","sticky":false,"template":"","format":"standard","meta":{"om_disable_all_campaigns":false,"jnews-multi-image_gallery":[],"jnews_single_post":[],"jnews_primary_category":[],"jnews_social_meta":[],"footnotes":""},"categories":[39],"tags":[19663,3005,544,1861,2873],"class_list":["post-359866","post","type-post","status-publish","format-standard","has-post-thumbnail","hentry","category-viajes","tag-alicante-provincia","tag-comunidad-valenciana","tag-turismo","tag-vacaciones","tag-verano"],"_links":{"self":[{"href":"https:\/\/dimensionturistica.com\/es\/wp-json\/wp\/v2\/posts\/359866","targetHints":{"allow":["GET"]}}],"collection":[{"href":"https:\/\/dimensionturistica.com\/es\/wp-json\/wp\/v2\/posts"}],"about":[{"href":"https:\/\/dimensionturistica.com\/es\/wp-json\/wp\/v2\/types\/post"}],"author":[{"embeddable":true,"href":"https:\/\/dimensionturistica.com\/es\/wp-json\/wp\/v2\/users\/4"}],"replies":[{"embeddable":true,"href":"https:\/\/dimensionturistica.com\/es\/wp-json\/wp\/v2\/comments?post=359866"}],"version-history":[{"count":0,"href":"https:\/\/dimensionturistica.com\/es\/wp-json\/wp\/v2\/posts\/359866\/revisions"}],"wp:featuredmedia":[{"embeddable":true,"href":"https:\/\/dimensionturistica.com\/es\/wp-json\/wp\/v2\/media\/359867"}],"wp:attachment":[{"href":"https:\/\/dimensionturistica.com\/es\/wp-json\/wp\/v2\/media?parent=359866"}],"wp:term":[{"taxonomy":"category","embeddable":true,"href":"https:\/\/dimensionturistica.com\/es\/wp-json\/wp\/v2\/categories?post=359866"},{"taxonomy":"post_tag","embeddable":true,"href":"https:\/\/dimensionturistica.com\/es\/wp-json\/wp\/v2\/tags?post=359866"}],"curies":[{"name":"wp","href":"https:\/\/api.w.org\/{rel}","templated":true}]}}