{"id":359848,"date":"2022-07-26T08:19:43","date_gmt":"2022-07-26T08:19:43","guid":{"rendered":"https:\/\/dimensionturistica.com\/es\/?p=359848"},"modified":"2022-07-26T08:19:43","modified_gmt":"2022-07-26T08:19:43","slug":"el-atlas-para-explorar-lugares-miticos-de-la-literatura","status":"publish","type":"post","link":"https:\/\/dimensionturistica.com\/es\/el-atlas-para-explorar-lugares-miticos-de-la-literatura\/","title":{"rendered":"el atlas para explorar lugares m\u00edticos de la literatura"},"content":{"rendered":"<p> <br \/>\n<\/p>\n<div>\n<aside class=\"subscription-highlighted\">\n<div class=\"subscription-container\">\n<div class=\"non-subscribed\">\n<p class=\"description\">Somos de rutas, no de rutinas. Descubre Viajes Nationwide Geographic<\/p>\n<p><a rel=\"nofollow noopener\" target=\"_blank\" href=\"https:\/\/tienda.rbarevistas.com\/por-que-viajes-national-geographic.html?rba_source=viajes.nationalgeographic.com.es&amp;rba_medium=referral&amp;rba_campaign=NGMV&amp;rba_content=frase-articulo\" class=\"more-link\">SABER M\u00c1S<\/a><\/div>\n<\/div>\n<\/aside>\n<p style=\"display: none;\"><img decoding=\"async\" id=\"ctl01_ctl00_phMain_phMain_ctl00_ctl02_ctl17_ctl01_imgContent\" src=\"https:\/\/viajes.nationalgeographic.com.es\/medio\/2022\/07\/22\/regiones-imaginarias_1dc31a3a_800x800.png\" alt=\"Regiones imaginarias\" style=\"border-width:0px;\"\/><\/p>\n<aside class=\"add300x250 publi-interior-top ad-container-r1 ad-inline\"\/>\n<p><a rel=\"nofollow noopener\" target=\"_blank\" class=\"btn-comprar\" href=\"https:\/\/es.bookshop.org\/a\/8937\/9788412433920\">Disponible en Bookshop<\/a><\/p>\n<p dir=\"ltr\"><span id=\"docs-internal-guid-e1ea9437-7fff-f672-5e25-bb30c4afc9f4\">Cuando este cronista viaj\u00f3 a Aracataca por ver qu\u00e9 hab\u00eda all\u00ed del Macondo de Gabriel Garc\u00eda M\u00e1rquez, encontr\u00f3 la tumba de Melquiades. Al bajar del colectivo se pod\u00eda sentir el polvo flotando en el ambiente y la lentitud del tiempo, como si el reloj estuviese andando en otra dimensi\u00f3n. La tumba estaba frente a la casa de una familia de la estirpe de los Buend\u00eda que com\u00eda sancocho con una cuchara de palo. Aquel plato caliente a 35 grados se antojaba m\u00e1s ficticio que la propia tumba del m\u00edtico gitano de <\/span><em>Cien A\u00f1os de Soledad<\/em>.<\/p>\n<p><span id=\"docs-internal-guid-e1ea9437-7fff-f672-5e25-bb30c4afc9f4\">Uno parte hacia Aracataca, pero llega a Macondo porque <strong>lo imaginario acaba nutriendo lo actual m\u00e1s de lo que se cree<\/strong>. Ese es exactamente el poder de la ficci\u00f3n: y esa es la especie de revelaci\u00f3n a la que se llega de alg\u00fan modo en las diez experiencias de viajes -exorcismos, abducciones o vampirizaciones- recogidas en <\/span><em>Regiones imaginarias<\/em> (Ed. Menguantes), <strong>un libro que funciona al modo de un atlas con el que poder dar con las coordenadas f\u00edsicas de aquellos mundos que aparecen en las obras <\/strong><strong>literarias <\/strong>de la ecl\u00e9ctica n\u00f3mina de autores formada por Faulkner, Garc\u00eda M\u00e1rquez, Rulfo, Benet, Camilleri, Onetti, Munif, Narayan, Achebe y, la misteriosa, Lima-Mendes.<\/p>\n<blockquote>\n<p><span id=\"docs-internal-guid-71f0b1fd-7fff-9327-8626-9902e7e90694\">En definitiva, este libro invita a descubrir literatura vigente y muy interesante (L\u00eda Peinador)<\/span><\/p>\n<\/blockquote>\n<p>Pero, \u00bfpor qu\u00e9 tratar de viajar a un lugar que no existe si con los que existen ya habr\u00eda como para llenar varias vidas en ruta? O lo que es lo mismo, \u201c\u00bfhasta qu\u00e9 punto puede la ficci\u00f3n modificar, alterar o influir en la realidad?\u201d, se preguntaron Bernardo Guti\u00e9rrez y Luis Fern\u00e1ndez Zaurin, los dos coordinadores de este unique proyecto que no acab\u00f3 de materializarse hasta que se cruzaron en su camino los menguantes L\u00eda Peinador y Jos\u00e9 Luis Gonz\u00e1lez Macias.<\/p>\n<figure class=\"thumb zoom\"><img loading=\"lazy\" decoding=\"async\" sizes=\"auto, 100vw\" srcset=\"https:\/\/viajes.nationalgeographic.com.es\/medio\/2022\/07\/22\/comala-foto-albert-ferrer_d7e7e7d1_720x478.jpg 720w,https:\/\/viajes.nationalgeographic.com.es\/medio\/2022\/07\/22\/comala-foto-albert-ferrer_5e407d59_1200x798.jpg 1200w\" src=\"https:\/\/viajes.nationalgeographic.com.es\/medio\/2022\/07\/22\/comala-foto-albert-ferrer_5e407d59_1200x798.jpg\" class=\"lazyload\" width=\"1200\" height=\"798\" data-aspectratio=\"1200\/798\"\/><noscript><img decoding=\"async\" src=\"https:\/\/viajes.nationalgeographic.com.es\/medio\/2022\/07\/22\/comala-foto-albert-ferrer_5e407d59_1200x798.jpg\"\/><\/noscript><\/p>\n<div class=\"info\">\n<div class=\"credit\">\n<p>As\u00ed vio Comala en Jalisco el fot\u00f3grafo Albert Ferrer. \u00bfEs ese cuerpo en fuga el de Juan Rulfo acaso?<\/p>\n<\/div><figcaption class=\"by\">&#13;Foto: Albert Ferrer<\/figcaption><\/div>\n<\/figure>\n<p dir=\"ltr\"><span>Ocurri\u00f3 que <strong>al tiempo que se mejoraba el detalle cartogr\u00e1fico el mundo se fue haciendo m\u00e1s claustrof\u00f3bico<\/strong>. La nitidez del mapeado que alcanza Google Maps y todos los derivados de su tecnolog\u00eda, la omnipresencia de sus c\u00e1maras y sat\u00e9lites, el vuelo divino con el que juega Google Earth nos deja, parad\u00f3jicamente, hu\u00e9rfanos de deseo. Y cuando los mapas dejan de ser el refugio ansiado, cuando ya no hay espacios en blanco donde imaginar la otredad, el <em>fl\u00e2neur<\/em> letraherido busca la alternativa en los lugares que transit\u00f3 antes en las p\u00e1ginas de los libros.<\/span><\/p>\n<p dir=\"ltr\"><span id=\"docs-internal-guid-e1a75f04-7fff-5304-dccc-6187655650ca\">Se viaja buscando los lugares de la ficci\u00f3n porque son los \u00faltimos reductos de la <\/span><em>terra ignota<\/em>. Y para alcanzarlos deben \u201cquedar arrasadas las coordenadas cotidianas\u201d, tal como explica Rafael Argullol en su breve ensayo \u201cEl deseo de geograf\u00eda\u201d, recogido en el volumen <em>La aventura, justo una concept<\/em> (Ed. La L\u00ednea del Horizonte). Lo de arrasar coordenadas cotidianas le ocurri\u00f3 a Luis Fern\u00e1ndez Zaur\u00edn cuando fue hasta Sayula (Jalisco, M\u00e9xico) buscando la Comala de Juan Rulfo y se encontr\u00f3 con &#8220;una borrosa poblaci\u00f3n de unos 50.000 habitantes del estado de Jalisco[&#8230;]\u201d.<\/p>\n<p dir=\"ltr\">\n<section class=\"related-article-content relacionado\">\n<p class=\"relatedTitle\">Art\u00edculo relacionado<\/p>\n<p><a rel=\"nofollow noopener\" target=\"_blank\" href=\"https:\/\/viajes.nationalgeographic.com.es\/a\/cartagena-indias-colombia-gabriel-garcia-marquez_12593\" class=\"rel\"><\/p>\n<article class=\"article\">&#13;<\/p>\n<figure class=\"thumb\">&#13;<img decoding=\"async\" src=\"https:\/\/viajes.nationalgeographic.com.es\/medio\/2020\/04\/17\/dl-a01023116_d4691f0e_1280x720.jpg\" alt=\"DL a01023116\" class=\"imagenRelacionado lazyload\"\/><noscript><img decoding=\"async\" src=\"https:\/\/viajes.nationalgeographic.com.es\/medio\/2020\/04\/17\/dl-a01023116_d4691f0e_1280x720.jpg\" alt=\"DL a01023116\"\/><\/noscript>&#13;<\/figure>\n<p>&#13;<\/p>\n<div class=\"relacionadoTxt\">\n<p>&#13;<\/p>\n<h4 class=\"supertitle\">&#13;Mariposas amarillas<\/h4>\n<h4 class=\"title\">&#13;Cartagena de Indias con Gabriel Garc\u00eda M\u00e1rquez<\/h4>\n<p>&#13;<\/p>\n<\/div>\n<\/article>\n<p><\/a><\/section>\n<p><span id=\"docs-internal-guid-e1a75f04-7fff-5304-dccc-6187655650ca\">\u201cVigata no existe, qu\u00e9 se supone que debo hacer, escribir sobre un lugar que no existe?\u201d, eso es lo que contest\u00f3 asombrado el escritor italiano Valentino Necco cuando recibi\u00f3 la propuesta de viajar a la regi\u00f3n imaginaria de Andrea Camilleri. Como respuesta obtuvo algo parecido a un aforismo: \u201cNo existe, pero puedes ir hasta all\u00ed\u201d. Ese es el desaf\u00edo al que se enfrentaron de una forma u otra los autores del libro: no puede ser de otro modo cuando <strong>no hay agencias que venden billetes a lugares como Macondo, Regi\u00f3n, Yoknapatawpha, Malgudi\u2026 Mucho menos a Bab\u00e0kua<\/strong>. Y a\u00fan as\u00ed se va.<\/span><\/p>\n<div>\n<figure class=\"thumb zoom\"><img loading=\"lazy\" decoding=\"async\" sizes=\"auto, 100vw\" srcset=\"https:\/\/viajes.nationalgeographic.com.es\/medio\/2022\/07\/22\/region-de-juan-benet_0179739f_720x586.jpg 720w,https:\/\/viajes.nationalgeographic.com.es\/medio\/2022\/07\/22\/region-de-juan-benet_ee006a85_884x720.jpg 884w\" src=\"https:\/\/viajes.nationalgeographic.com.es\/medio\/2022\/07\/22\/region-de-juan-benet_ee006a85_884x720.jpg\" class=\"lazyload\" width=\"884\" height=\"720\" data-aspectratio=\"884\/720\"\/><noscript><img decoding=\"async\" src=\"https:\/\/viajes.nationalgeographic.com.es\/medio\/2022\/07\/22\/region-de-juan-benet_ee006a85_884x720.jpg\"\/><\/noscript><\/p>\n<div class=\"info\">\n<div class=\"credit\">\n<p dir=\"ltr\"><span id=\"docs-internal-guid-bdf84e61-7fff-f02d-73b5-c4118e7e4480\">&#8220;Por lo que he podido observar, Benet\u00a0cogi\u00f3 la referencia de la monta\u00f1a leonesa, que podr\u00eda ser una parte de la Cordillera Cant\u00e1brica, y lo que hace es cambiar las toponimias, jugando, al parecer, con nombres de amigos y gui\u00f1os que se hac\u00edan entre los escritores para poner el nombre de las monta\u00f1as, de los r\u00edos y todos los elementos geogr\u00e1ficos de Regi\u00f3n&#8221;, explica\u00a0<\/span><span>Gonz\u00e1lez Mac\u00edas.\u00a0<\/span><\/p>\n<p>\u00a0<\/p>\n<\/div><figcaption class=\"by\">&#13;<\/figcaption><\/div>\n<\/figure>\n<\/div>\n<p dir=\"ltr\"><span id=\"docs-internal-guid-7fc04ec4-7fff-be53-c44f-07c751a0fcb3\">Para \u00c1lvaro Colomer no fue problema enfundarse un traje de buceo con tal de poder llegar a la regi\u00f3n imaginaria de Juan Benet, o eso explica en el libro. Busc\u00f3 el territorio m\u00edtico de Regi\u00f3n bajo el embalse del Porma, en Le\u00f3n, y <strong>descubri\u00f3 que lo imaginario es l\u00edquido y que por eso muchas veces no vale la pena obsesionarse con localizar en las coordenadas reales los paralelismo de la ficci\u00f3n<\/strong>, que muchas veces la convergencia no es tan easy. Que se lo digan si no a Gabi Mart\u00ednez y a Daniel Loewe, que se fueron de viaje a alg\u00fan lugar de Arabia para poder recorrer el emirato de Hudayb, imaginado por el escritor Abderrahm\u00e1n Munif, y se dieron cuenta al ultimate que se hab\u00edan equivocado de pa\u00eds. \u00bfSe hab\u00edan equivocado de pa\u00eds? El propio Abderrahm\u00e1n Munif contesta en una frase subrayada en alguna p\u00e1gina de <\/span><em>El Extrav\u00edo<\/em>, el \u00fanico tomo de <em>Ciudades de sal<\/em> que se ha publicado en espa\u00f1ol (Ed. Belacqva): \u201cUno puede ser optimista, pero nadie puede leer el futuro\u201d.<\/p>\n<blockquote>\n<p dir=\"ltr\"><span id=\"docs-internal-guid-4600a0c8-7fff-2de8-8875-7c39190a4db7\">Con su mapa, Juan Benet quiso darle al imaginario precisi\u00f3n cient\u00edfica y topogr\u00e1fica (<\/span>Gonz\u00e1lez Mac\u00edas)<\/p>\n<\/blockquote>\n<p><span id=\"docs-internal-guid-7fc04ec4-7fff-be53-c44f-07c751a0fcb3\">A fin de cuentas, todos somos un poco como el gran pintor Panizo del Valle, que llevaba toda la vida pintando a las gentes de la pen\u00ednsula de Bab\u00e0kua de forma realista sin haber viajado nunca antes hasta all\u00ed. Su historia est\u00e1 contada en el triple tirabuz\u00f3n ficcional con el que se cierra el volumen de <\/span><em>Regiones Imaginarias<\/em>. Bab\u00e0kua aparece por primera y \u00fanica vez en <em>Le cafard<\/em>, la novela inacabada de la misteriosa Mar\u00eda Lima Mendes, que escribi\u00f3 toda su vida con el pseud\u00f3nimo de Violet Desvari\u00e9 y que a la vez fue un invento de Enrique Vila-Matas.<\/p>\n<figure class=\"thumb zoom\"><img loading=\"lazy\" decoding=\"async\" sizes=\"auto, 100vw\" srcset=\"https:\/\/viajes.nationalgeographic.com.es\/medio\/2022\/07\/22\/babakua_7b205ae3_720x1015.jpg 720w,https:\/\/viajes.nationalgeographic.com.es\/medio\/2022\/07\/22\/babakua_b8e0591c_1200x1693.jpg 1200w\" src=\"https:\/\/viajes.nationalgeographic.com.es\/medio\/2022\/07\/22\/babakua_b8e0591c_1200x1693.jpg\" class=\"lazyload\" width=\"1200\" height=\"1693\" data-aspectratio=\"1200\/1693\"\/><noscript><img decoding=\"async\" src=\"https:\/\/viajes.nationalgeographic.com.es\/medio\/2022\/07\/22\/babakua_b8e0591c_1200x1693.jpg\"\/><\/noscript><\/p>\n<div class=\"info\">\n<div class=\"credit\">\n<p>As\u00ed ha cartografiado\u00a0Gonz\u00e1lez Mac\u00edas la pen\u00ednsula de Bab\u00e0kua imaginada por Enrique Vila-Matas. El trabajo de documentaci\u00f3n para\u00a0encontrar los paralelismos entre ficci\u00f3n y realidad ha sido toda una aventura bibliogr\u00e1fica.<\/p>\n<\/div><figcaption class=\"by\">&#13;<\/figcaption><\/div>\n<\/figure>\n<p><span id=\"docs-internal-guid-7fc04ec4-7fff-be53-c44f-07c751a0fcb3\">En enero de 1917, Panizo del Valle se embarca hacia el lugar que llevaba m\u00e1s de 20 a\u00f1os pintando de forma infatigable con tan mala fortuna que se le cruza en el camino un pobre diablo originario de Tossa de mar (\u00bfel \u00fanico lugar actual en este atlas imaginario?) que le hizo ver que, a pesar de ser considerado el \u00faltimo realista, su obra period un pur\u00e9 de errores: \u201cHa pintado unos hombres y mujeres que yo no he visto nunca en Bab\u00e0kua, donde todo el mundo es m\u00e1s malo que el demonio\u201d, le cube sin compasi\u00f3n. Al llegar al amanecer, le ven saltar al muelle. Se mostraba desequilibrado, como si la revelaci\u00f3n sobre su trabajo se lo hubiera tragado por completo. Vest\ufffd\ufffda a\u00fan con el pijama y una camiseta floreada cuando le vieron perderse en la selva de Bab\u00e0kua: \u201c[&#8230;] a \u00faltima hora y en un gesto tan admirable como conmovedor, decidi\u00f3 jug\u00e1rsela, arriesgar por vez primera en su vida, arriesgar y adentrarse a cuerpo limpio en la realidad\u201d. S\u00f3lo as\u00ed es como se llega a las regiones imaginarias, en pijama, con camisa floreada, pero sobre todo, a cuerpo limpio y arriesgando. <\/span><\/p>\n<div>\n<div class=\"cuadro-destacado\">\n<p class=\"overtitle\">&#8220;Regiones imaginarias&#8221;<\/p>\n<h3 class=\"title\">Un atlas que explora lugares m\u00edticos de la literatura<\/h3>\n<ol class=\"destacado-list\">\n<li class=\"destacado-list-item\">\n<p class=\"list-item-title\"><span id=\"docs-internal-guid-c05a1704-7fff-9659-fec3-875a77656104\">Publica Menguantes<\/span><\/p>\n<p class=\"list-item-text\"><a rel=\"nofollow noopener\" target=\"_blank\" href=\"http:\/\/viajes.nationalgeographic.com.es\/lifestyle\/menguantes-editorial-libros-viaje-poco-comunes_16631\">Una editorial de libros de viajes poco comunes<\/a>.<\/p>\n<\/li>\n<li class=\"destacado-list-item\">\n<p class=\"list-item-title\"><span id=\"docs-internal-guid-39d84ddf-7fff-ac35-0388-90fd467c80ef\">Autores que participan en el libro:<\/span><\/p>\n<p class=\"list-item-text\"><span id=\"docs-internal-guid-2e9453e5-7fff-f0b4-d937-a4353d83b5e0\">Chelo Alvarez-Stehle, \u00c1lvaro Colomer, Luis Fern\u00e1ndez Zaur\u00edn, Bernardo Guti\u00e9rrez, Use Lahoz, Gabi Mart\u00ednez, Valentino Necco, Elisa Reche, Chika Unigwe y Enrique Vila-Matas.<\/span><\/p>\n<\/li>\n<li class=\"destacado-list-item\">\n<p class=\"list-item-title\">Con la mirada de los fot\u00f3grafos:<\/p>\n<p dir=\"ltr\"><span id=\"docs-internal-guid-ac28e577-7fff-5367-56db-8173775048a9\">Sandra Balsells, Guillermo Barber\u00e0, Oscar Bonilla, Marta Calvo, Albert Ferrer, Jaime Le\u00f3n, Daniel Loewe, Kim Manresa, Patricia Martisa y Rex Miller<\/span>.<\/p>\n<\/li>\n<li class=\"destacado-list-item\">\n<p class=\"list-item-title\"><span id=\"docs-internal-guid-79080dd8-7fff-3285-ceb6-793dc03489a9\">Mapas que acompa\u00f1an a los textos:<\/span><\/p>\n<p dir=\"ltr\"><span id=\"docs-internal-guid-bd28741f-7fff-7d14-df2c-c90b132d9638\">Gonz\u00e1lez Mac\u00edas.<\/span><\/p>\n<\/li>\n<\/ol>\n<\/div>\n<\/div>\n<p><a rel=\"nofollow noopener\" target=\"_blank\" class=\"btn-comprar\" href=\"https:\/\/es.bookshop.org\/a\/8937\/9788412433920\">Disponible en Bookshop<\/a><\/p>\n<aside class=\"add300x600 publi-interior-bot ad-inline ad-container-r2\"\/><\/div>\n\n<p><em> &#8221; Fuentes viajes.nationalgeographic.com.es &#8221; <\/em><\/p>\n","protected":false},"excerpt":{"rendered":"<p>Somos de rutas, no de rutinas. Descubre Viajes Nationwide Geographic SABER M\u00c1S Disponible en Bookshop Cuando este cronista viaj\u00f3 a Aracataca por ver qu\u00e9 hab\u00eda all\u00ed del Macondo de Gabriel Garc\u00eda M\u00e1rquez, encontr\u00f3 la tumba de Melquiades. Al bajar del colectivo se pod\u00eda sentir el polvo flotando en el ambiente y la lentitud del tiempo, [&hellip;]<\/p>\n","protected":false},"author":4,"featured_media":359849,"comment_status":"open","ping_status":"closed","sticky":false,"template":"","format":"standard","meta":{"om_disable_all_campaigns":false,"jnews-multi-image_gallery":[],"jnews_single_post":[],"jnews_primary_category":[],"jnews_social_meta":[],"footnotes":""},"categories":[39],"tags":[47258,47257],"class_list":["post-359848","post","type-post","status-publish","format-standard","has-post-thumbnail","hentry","category-viajes","tag-cargado-desde-el-fichero-de-recursos","tag-keywords-por-defecto"],"_links":{"self":[{"href":"https:\/\/dimensionturistica.com\/es\/wp-json\/wp\/v2\/posts\/359848","targetHints":{"allow":["GET"]}}],"collection":[{"href":"https:\/\/dimensionturistica.com\/es\/wp-json\/wp\/v2\/posts"}],"about":[{"href":"https:\/\/dimensionturistica.com\/es\/wp-json\/wp\/v2\/types\/post"}],"author":[{"embeddable":true,"href":"https:\/\/dimensionturistica.com\/es\/wp-json\/wp\/v2\/users\/4"}],"replies":[{"embeddable":true,"href":"https:\/\/dimensionturistica.com\/es\/wp-json\/wp\/v2\/comments?post=359848"}],"version-history":[{"count":0,"href":"https:\/\/dimensionturistica.com\/es\/wp-json\/wp\/v2\/posts\/359848\/revisions"}],"wp:featuredmedia":[{"embeddable":true,"href":"https:\/\/dimensionturistica.com\/es\/wp-json\/wp\/v2\/media\/359849"}],"wp:attachment":[{"href":"https:\/\/dimensionturistica.com\/es\/wp-json\/wp\/v2\/media?parent=359848"}],"wp:term":[{"taxonomy":"category","embeddable":true,"href":"https:\/\/dimensionturistica.com\/es\/wp-json\/wp\/v2\/categories?post=359848"},{"taxonomy":"post_tag","embeddable":true,"href":"https:\/\/dimensionturistica.com\/es\/wp-json\/wp\/v2\/tags?post=359848"}],"curies":[{"name":"wp","href":"https:\/\/api.w.org\/{rel}","templated":true}]}}