{"id":359429,"date":"2022-07-25T14:29:04","date_gmt":"2022-07-25T14:29:04","guid":{"rendered":"https:\/\/dimensionturistica.com\/es\/?p=359429"},"modified":"2022-07-25T14:29:04","modified_gmt":"2022-07-25T14:29:04","slug":"te-invita-chignahuapan-a-la-festividad-de-santiago-apostol-y-feria-de-la-barbacoa-y-pulque","status":"publish","type":"post","link":"https:\/\/dimensionturistica.com\/es\/te-invita-chignahuapan-a-la-festividad-de-santiago-apostol-y-feria-de-la-barbacoa-y-pulque\/","title":{"rendered":"Te Invita Chignahuapan a la festividad de Santiago Ap\u00f3stol y Feria de la Barbacoa y Pulque"},"content":{"rendered":"<p><img decoding=\"async\" class=\"size-medium wp-image-359436 alignright\" src=\"https:\/\/dimensionturistica.com\/es\/wp-content\/uploads\/2022\/07\/unnamed-4-5-300x200.jpg\" alt=\"\" width=\"300\" height=\"200\" srcset=\"https:\/\/dimensionturistica.com\/es\/wp-content\/uploads\/2022\/07\/unnamed-4-5-300x200.jpg 300w, https:\/\/dimensionturistica.com\/es\/wp-content\/uploads\/2022\/07\/unnamed-4-5-1024x682.jpg 1024w, https:\/\/dimensionturistica.com\/es\/wp-content\/uploads\/2022\/07\/unnamed-4-5-768x512.jpg 768w, https:\/\/dimensionturistica.com\/es\/wp-content\/uploads\/2022\/07\/unnamed-4-5-750x500.jpg 750w, https:\/\/dimensionturistica.com\/es\/wp-content\/uploads\/2022\/07\/unnamed-4-5-1140x760.jpg 1140w, https:\/\/dimensionturistica.com\/es\/wp-content\/uploads\/2022\/07\/unnamed-4-5.jpg 1280w\" sizes=\"(max-width: 300px) 100vw, 300px\" \/>El Pueblo M\u00e1gico de Chignahuapan invita a disfrutar de las actividades gastron\u00f3micas, art\u00edsticas y culturales que realizar\u00e1 por la festividad de Santiago Ap\u00f3stol del 23 al 31 de julio.<br \/>\nAs\u00ed lo inform\u00f3 el director de Turismo municipal, Juan Carlos Barrientos Lucas, quien estim\u00f3 que el municipio recibir\u00e1 a 25 mil visitantes y obtendr\u00e1 una derrama econ\u00f3mica superior a los 20 millones de pesos durante dichos d\u00edas.<br \/>\nAsimismo, dio a conocer que, aunado a la festividad religiosa, ser\u00e1 realizada la Feria de la Barbacoa y el Pulque los d\u00edas 30 y 31 de julio, con la participaci\u00f3n de 20 productores de la regi\u00f3n.<br \/>\nEl presidente del comit\u00e9 de fiestas patronales, Jos\u00e9 Carmona Le\u00f3n mencion\u00f3 que son m\u00e1s de 70 actividades<img decoding=\"async\" class=\"size-medium wp-image-359437 alignright\" src=\"https:\/\/dimensionturistica.com\/es\/wp-content\/uploads\/2022\/07\/unnamed-3-7-300x200.jpg\" alt=\"\" width=\"300\" height=\"200\" srcset=\"https:\/\/dimensionturistica.com\/es\/wp-content\/uploads\/2022\/07\/unnamed-3-7-300x200.jpg 300w, https:\/\/dimensionturistica.com\/es\/wp-content\/uploads\/2022\/07\/unnamed-3-7-1024x682.jpg 1024w, https:\/\/dimensionturistica.com\/es\/wp-content\/uploads\/2022\/07\/unnamed-3-7-768x512.jpg 768w, https:\/\/dimensionturistica.com\/es\/wp-content\/uploads\/2022\/07\/unnamed-3-7-750x500.jpg 750w, https:\/\/dimensionturistica.com\/es\/wp-content\/uploads\/2022\/07\/unnamed-3-7-1140x760.jpg 1140w, https:\/\/dimensionturistica.com\/es\/wp-content\/uploads\/2022\/07\/unnamed-3-7.jpg 1280w\" sizes=\"(max-width: 300px) 100vw, 300px\" \/> programadas entre concursos de baile tradicional, juegos t\u00edpicos (como rayuela), una cabalgata y procesi\u00f3n, adem\u00e1s de muestras gastron\u00f3micas, presentaci\u00f3n de grupos musicales y compa\u00f1\u00edas de danza folcl\u00f3rica.<br \/>\nDurante su intervenci\u00f3n, la directora de Pueblos M\u00e1gicos de la Secretar\u00eda de Turismo, Karla V\u00e1zquez Martag\u00f3n destac\u00f3 que el rescate y preservaci\u00f3n de tradiciones es uno de los atractivos de los Pueblos M\u00e1gicos, no solo en el aspecto gastron\u00f3mico sino en general, al retomar actividades como las carreras de costales, carrera de burros o concurso de bicicletas que tienen programado en Chignahuapan y que resultan novedosos para los visitantes.<\/p>\n","protected":false},"excerpt":{"rendered":"<p>El Pueblo M\u00e1gico de Chignahuapan invita a disfrutar de las actividades gastron\u00f3micas, art\u00edsticas y culturales que realizar\u00e1 por la festividad de Santiago Ap\u00f3stol del 23 al 31 de julio. As\u00ed lo inform\u00f3 el director de Turismo municipal, Juan Carlos Barrientos Lucas, quien estim\u00f3 que el municipio recibir\u00e1 a 25 mil visitantes y obtendr\u00e1 una derrama [&hellip;]<\/p>\n","protected":false},"author":1,"featured_media":359435,"comment_status":"open","ping_status":"closed","sticky":false,"template":"","format":"standard","meta":{"om_disable_all_campaigns":false,"jnews-multi-image_gallery":[],"jnews_single_post":{"source_name":"","source_url":"","via_name":"","via_url":"","override_template":"0","override":[{"template":"1","single_blog_custom":"","parallax":"1","fullscreen":"1","layout":"right-sidebar","sidebar":"default-sidebar","second_sidebar":"default-sidebar","sticky_sidebar":"1","share_position":"top","share_float_style":"share-monocrhome","show_share_counter":"1","show_view_counter":"1","show_featured":"1","show_post_meta":"1","show_post_author":"1","show_post_author_image":"1","show_post_date":"1","post_date_format":"default","post_date_format_custom":"Y\/m\/d","show_post_category":"1","show_post_reading_time":"0","post_reading_time_wpm":"300","show_zoom_button":"0","zoom_button_out_step":"2","zoom_button_in_step":"3","show_post_tag":"1","show_prev_next_post":"1","show_popup_post":"1","number_popup_post":"1","show_author_box":"0","show_post_related":"0","show_inline_post_related":"0"}],"override_image_size":"0","image_override":[{"single_post_thumbnail_size":"crop-500","single_post_gallery_size":"crop-500"}],"trending_post":"0","trending_post_position":"meta","trending_post_label":"Trending","sponsored_post":"0","sponsored_post_label":"Sponsored by","sponsored_post_name":"","sponsored_post_url":"","sponsored_post_logo_enable":"0","sponsored_post_logo":"","sponsored_post_desc":"","disable_ad":"0"},"jnews_primary_category":{"id":""},"jnews_social_meta":{"fb_title":"","fb_description":"","fb_image":"","twitter_title":"","twitter_description":"","twitter_image":""},"footnotes":""},"categories":[43],"tags":[],"class_list":["post-359429","post","type-post","status-publish","format-standard","has-post-thumbnail","hentry","category-gourmet"],"_links":{"self":[{"href":"https:\/\/dimensionturistica.com\/es\/wp-json\/wp\/v2\/posts\/359429","targetHints":{"allow":["GET"]}}],"collection":[{"href":"https:\/\/dimensionturistica.com\/es\/wp-json\/wp\/v2\/posts"}],"about":[{"href":"https:\/\/dimensionturistica.com\/es\/wp-json\/wp\/v2\/types\/post"}],"author":[{"embeddable":true,"href":"https:\/\/dimensionturistica.com\/es\/wp-json\/wp\/v2\/users\/1"}],"replies":[{"embeddable":true,"href":"https:\/\/dimensionturistica.com\/es\/wp-json\/wp\/v2\/comments?post=359429"}],"version-history":[{"count":0,"href":"https:\/\/dimensionturistica.com\/es\/wp-json\/wp\/v2\/posts\/359429\/revisions"}],"wp:featuredmedia":[{"embeddable":true,"href":"https:\/\/dimensionturistica.com\/es\/wp-json\/wp\/v2\/media\/359435"}],"wp:attachment":[{"href":"https:\/\/dimensionturistica.com\/es\/wp-json\/wp\/v2\/media?parent=359429"}],"wp:term":[{"taxonomy":"category","embeddable":true,"href":"https:\/\/dimensionturistica.com\/es\/wp-json\/wp\/v2\/categories?post=359429"},{"taxonomy":"post_tag","embeddable":true,"href":"https:\/\/dimensionturistica.com\/es\/wp-json\/wp\/v2\/tags?post=359429"}],"curies":[{"name":"wp","href":"https:\/\/api.w.org\/{rel}","templated":true}]}}