{"id":359417,"date":"2022-07-25T14:18:23","date_gmt":"2022-07-25T14:18:23","guid":{"rendered":"https:\/\/dimensionturistica.com\/es\/?p=359417"},"modified":"2022-07-25T14:18:23","modified_gmt":"2022-07-25T14:18:23","slug":"se-busca-reforzar-la-marca-caribe-mexicano-en-los-estados-unidos-y-el-canada-a-traves-de-las-plataforma-digitales","status":"publish","type":"post","link":"https:\/\/dimensionturistica.com\/es\/se-busca-reforzar-la-marca-caribe-mexicano-en-los-estados-unidos-y-el-canada-a-traves-de-las-plataforma-digitales\/","title":{"rendered":"Se busca reforzar la marca Caribe Mexicano en los Estados Unidos y el Canad\u00e1 a trav\u00e9s de \u00abLas Plataforma Digitales\u00bb"},"content":{"rendered":"<p><img decoding=\"async\" class=\"size-medium wp-image-359421 alignright\" src=\"https:\/\/dimensionturistica.com\/es\/wp-content\/uploads\/2022\/07\/unnamed-29-300x199.jpg\" alt=\"\" width=\"300\" height=\"199\" srcset=\"https:\/\/dimensionturistica.com\/es\/wp-content\/uploads\/2022\/07\/unnamed-29-300x199.jpg 300w, https:\/\/dimensionturistica.com\/es\/wp-content\/uploads\/2022\/07\/unnamed-29-1024x681.jpg 1024w, https:\/\/dimensionturistica.com\/es\/wp-content\/uploads\/2022\/07\/unnamed-29-768x511.jpg 768w, https:\/\/dimensionturistica.com\/es\/wp-content\/uploads\/2022\/07\/unnamed-29-750x499.jpg 750w, https:\/\/dimensionturistica.com\/es\/wp-content\/uploads\/2022\/07\/unnamed-29-1140x758.jpg 1140w, https:\/\/dimensionturistica.com\/es\/wp-content\/uploads\/2022\/07\/unnamed-29.jpg 1280w\" sizes=\"(max-width: 300px) 100vw, 300px\" \/>Para continuar posicionando la marca Caribe Mexicano en Estados Unidos y Canad\u00e1 se ha comenzado a publicar videos de promoci\u00f3n dentro de las plataformas en l\u00ednea YouTube y TikTok, con la finalidad de dar mayor difusi\u00f3n a los atractivos y experiencias \u00fanicas de los destinos tur\u00edsticos de Quintana Roo.<br \/>\nEsta estrategia digital de mercadotecnia forma parte de la campa\u00f1a lanzada en octubre del 2021, \u201c#MyMexicanCaribbean\u201d que consisti\u00f3 en la visita de 8 creadores de contenido (@bucketlistbums, @cherrielynn, @amyseder, @bburkley, @traveldeeper, @nicoleisaacs, @maddiecastellano, @lamise, @michaelandmatt y @thenaughtyfork) provenientes de Estados Unidos lo cuales visitaron algunos destinos tur\u00edsticos del Caribe Mexicano y realizaron diversas actividades mostrando a trav\u00e9s de sus redes sociales los atractivos que hacen \u00fanico a cada uno de ellos.<br \/>\n\u201cLa manera de hacer promoci\u00f3n a trav\u00e9s de redes sociales y plataformas en l\u00ednea nos permite llegar<img decoding=\"async\" class=\"size-medium wp-image-359422 alignright\" src=\"https:\/\/dimensionturistica.com\/es\/wp-content\/uploads\/2022\/07\/unnamed-2-9-300x200.jpg\" alt=\"\" width=\"300\" height=\"200\" srcset=\"https:\/\/dimensionturistica.com\/es\/wp-content\/uploads\/2022\/07\/unnamed-2-9-300x200.jpg 300w, https:\/\/dimensionturistica.com\/es\/wp-content\/uploads\/2022\/07\/unnamed-2-9-1024x682.jpg 1024w, https:\/\/dimensionturistica.com\/es\/wp-content\/uploads\/2022\/07\/unnamed-2-9-768x512.jpg 768w, https:\/\/dimensionturistica.com\/es\/wp-content\/uploads\/2022\/07\/unnamed-2-9-750x500.jpg 750w, https:\/\/dimensionturistica.com\/es\/wp-content\/uploads\/2022\/07\/unnamed-2-9-1140x760.jpg 1140w, https:\/\/dimensionturistica.com\/es\/wp-content\/uploads\/2022\/07\/unnamed-2-9.jpg 1280w\" sizes=\"(max-width: 300px) 100vw, 300px\" \/> directamente a los usuarios quienes buscan tener de primera mano experiencias con las que se identifiquen; buscamos tener mayor interacci\u00f3n y material disponible en estos sitios sobre el Caribe Mexicano\u201d, coment\u00f3 Dar\u00edo Flota Ocampo, director general del Consejo de Promoci\u00f3n Tur\u00edstica de Quintana Roo.<br \/>\nAdem\u00e1s del contenido que compartieron durante su estancia, los videos que ahora se estar\u00e1n publicando contienen parte de las experiencias que vivieron cuando visitaron el Caribe Mexicano; asimismo, otros 10 creadores de contenido que ya estuvieron tambi\u00e9n en los destinos estar\u00e1n reviviendo sus aventuras y utilizar\u00e1n el hashtag \u201c#\u201d de la campa\u00f1a #MyMexicanCaribbean as\u00ed como etiquetando la cuenta @mexicancaribbean en TikTok, red social que ha cobrado mayor popularidad en los recientes meses, con reportes que lo proyectan como la tercer red social m\u00e1s grande en 2022 s\u00f3lo despu\u00e9s de Facebook e Instagram.<\/p>\n","protected":false},"excerpt":{"rendered":"<p>Para continuar posicionando la marca Caribe Mexicano en Estados Unidos y Canad\u00e1 se ha comenzado a publicar videos de promoci\u00f3n dentro de las plataformas en l\u00ednea YouTube y TikTok, con la finalidad de dar mayor difusi\u00f3n a los atractivos y experiencias \u00fanicas de los destinos tur\u00edsticos de Quintana Roo. Esta estrategia digital de mercadotecnia forma [&hellip;]<\/p>\n","protected":false},"author":1,"featured_media":359423,"comment_status":"open","ping_status":"closed","sticky":false,"template":"","format":"standard","meta":{"om_disable_all_campaigns":false,"jnews-multi-image_gallery":[],"jnews_single_post":{"source_name":"","source_url":"","via_name":"","via_url":"","override_template":"0","override":[{"template":"1","single_blog_custom":"","parallax":"1","fullscreen":"1","layout":"right-sidebar","sidebar":"default-sidebar","second_sidebar":"default-sidebar","sticky_sidebar":"1","share_position":"top","share_float_style":"share-monocrhome","show_share_counter":"1","show_view_counter":"1","show_featured":"1","show_post_meta":"1","show_post_author":"1","show_post_author_image":"1","show_post_date":"1","post_date_format":"default","post_date_format_custom":"Y\/m\/d","show_post_category":"1","show_post_reading_time":"0","post_reading_time_wpm":"300","show_zoom_button":"0","zoom_button_out_step":"2","zoom_button_in_step":"3","show_post_tag":"1","show_prev_next_post":"1","show_popup_post":"1","number_popup_post":"1","show_author_box":"0","show_post_related":"0","show_inline_post_related":"0"}],"override_image_size":"0","image_override":[{"single_post_thumbnail_size":"crop-500","single_post_gallery_size":"crop-500"}],"trending_post":"0","trending_post_position":"meta","trending_post_label":"Trending","sponsored_post":"0","sponsored_post_label":"Sponsored by","sponsored_post_name":"","sponsored_post_url":"","sponsored_post_logo_enable":"0","sponsored_post_logo":"","sponsored_post_desc":"","disable_ad":"0"},"jnews_primary_category":{"id":""},"jnews_social_meta":{"fb_title":"","fb_description":"","fb_image":"","twitter_title":"","twitter_description":"","twitter_image":""},"footnotes":""},"categories":[39],"tags":[],"class_list":["post-359417","post","type-post","status-publish","format-standard","has-post-thumbnail","hentry","category-viajes"],"_links":{"self":[{"href":"https:\/\/dimensionturistica.com\/es\/wp-json\/wp\/v2\/posts\/359417","targetHints":{"allow":["GET"]}}],"collection":[{"href":"https:\/\/dimensionturistica.com\/es\/wp-json\/wp\/v2\/posts"}],"about":[{"href":"https:\/\/dimensionturistica.com\/es\/wp-json\/wp\/v2\/types\/post"}],"author":[{"embeddable":true,"href":"https:\/\/dimensionturistica.com\/es\/wp-json\/wp\/v2\/users\/1"}],"replies":[{"embeddable":true,"href":"https:\/\/dimensionturistica.com\/es\/wp-json\/wp\/v2\/comments?post=359417"}],"version-history":[{"count":0,"href":"https:\/\/dimensionturistica.com\/es\/wp-json\/wp\/v2\/posts\/359417\/revisions"}],"wp:featuredmedia":[{"embeddable":true,"href":"https:\/\/dimensionturistica.com\/es\/wp-json\/wp\/v2\/media\/359423"}],"wp:attachment":[{"href":"https:\/\/dimensionturistica.com\/es\/wp-json\/wp\/v2\/media?parent=359417"}],"wp:term":[{"taxonomy":"category","embeddable":true,"href":"https:\/\/dimensionturistica.com\/es\/wp-json\/wp\/v2\/categories?post=359417"},{"taxonomy":"post_tag","embeddable":true,"href":"https:\/\/dimensionturistica.com\/es\/wp-json\/wp\/v2\/tags?post=359417"}],"curies":[{"name":"wp","href":"https:\/\/api.w.org\/{rel}","templated":true}]}}