{"id":359406,"date":"2022-07-25T14:07:40","date_gmt":"2022-07-25T14:07:40","guid":{"rendered":"https:\/\/dimensionturistica.com\/es\/?p=359406"},"modified":"2022-07-25T14:07:40","modified_gmt":"2022-07-25T14:07:40","slug":"los-cabos-estrena-conexion-directa-con-espana-a-traves-de-iberojet","status":"publish","type":"post","link":"https:\/\/dimensionturistica.com\/es\/los-cabos-estrena-conexion-directa-con-espana-a-traves-de-iberojet\/","title":{"rendered":"Los Cabos estrena conexi\u00f3n directa con Espa\u00f1a a trav\u00e9s de Iberojet"},"content":{"rendered":"<p><img decoding=\"async\" class=\"size-medium wp-image-359407 alignleft\" src=\"https:\/\/dimensionturistica.com\/es\/wp-content\/uploads\/2022\/07\/unnamed-16-300x174.png\" alt=\"\" width=\"300\" height=\"174\" srcset=\"https:\/\/dimensionturistica.com\/es\/wp-content\/uploads\/2022\/07\/unnamed-16-300x174.png 300w, https:\/\/dimensionturistica.com\/es\/wp-content\/uploads\/2022\/07\/unnamed-16.png 400w\" sizes=\"(max-width: 300px) 100vw, 300px\" \/>Los Cabos, el exclusivo destino tur\u00edstico mexicano ubicado al sur de Baja California Sur, inicia este lunes una conexi\u00f3n directa con Espa\u00f1a de la mano de Iberojet, la aerol\u00ednea de \u00c1voris Corporaci\u00f3n Empresarial.<br \/>\nEl primer vuelo, operado con un A350, despeg\u00f3 desde el aeropuerto Adolfo Su\u00e1rez Barajas con un 94% de pasajeros a bordo. Esta conexi\u00f3n se ofrecer\u00e1 una vez por semana (los lunes) durante la temporada de verano; es decir, hasta septiembre con salida a las 12:30 horas desde Madrid y regreso a las 19:50 horas desde Los Cabos.<br \/>\nEl embajador de M\u00e9xico en Espa\u00f1a, Quirino Ordaz, presidi\u00f3 el acto de despedida de este primer vuelo en el aeropuerto de Madrid a Los Cabos, y destac\u00f3 que \u201ccon este nuevo vuelo, estrechamos relaciones con un nuevo destino en el pac\u00edfico mexicano y, con ello, lograremos fortalecer las relaciones tur\u00edsticas y comerciales, adem\u00e1s de generar una derrama econ\u00f3mica entre los dos pa\u00edses.<br \/>\nPor su parte, Emilio Rivas, director general de la Divisi\u00f3n de TTOO, Bedbank, Incoming &amp; Contrataci\u00f3n Corporativa de \u00c1voris destac\u00f3 que \u201clos turoperadores de \u00c1voris, Quel\u00f3nea y Travelplan han trabajado arduamente para poder ofrecer este destino, pero estamos m\u00e1s que seguros que este paquete vacacional, que ya se puede adquirir en cualquier agencia de viajes, va a ser todo un \u00e9xito ya que ofrece una alternativa<img decoding=\"async\" class=\"size-medium wp-image-359408 alignright\" src=\"https:\/\/dimensionturistica.com\/es\/wp-content\/uploads\/2022\/07\/unnamed-1-1-300x144.png\" alt=\"\" width=\"300\" height=\"144\" srcset=\"https:\/\/dimensionturistica.com\/es\/wp-content\/uploads\/2022\/07\/unnamed-1-1-300x144.png 300w, https:\/\/dimensionturistica.com\/es\/wp-content\/uploads\/2022\/07\/unnamed-1-1.png 500w\" sizes=\"(max-width: 300px) 100vw, 300px\" \/> perfecta y diferente a la de otros destinos.\u201d<br \/>\n\u201cGracias a la colaboraci\u00f3n del gobierno estatal, la iniciativa privada y la confianza de Iberojet hac\u00eda el destino se logr\u00f3 concretar est\u00e1 nueva ruta proveniente de Madrid; seguiremos trabajando de la mano para fortalecer la competitividad del destino y, con ello, atraer a m\u00e1s turistas europeos al estado, buscando el beneficio de la comunidad <img decoding=\"async\" class=\"size-medium wp-image-359409 alignright\" src=\"https:\/\/dimensionturistica.com\/es\/wp-content\/uploads\/2022\/07\/DIRECTOR-300x300.jpg\" alt=\"\" width=\"300\" height=\"300\" srcset=\"https:\/\/dimensionturistica.com\/es\/wp-content\/uploads\/2022\/07\/DIRECTOR-300x300.jpg 300w, https:\/\/dimensionturistica.com\/es\/wp-content\/uploads\/2022\/07\/DIRECTOR-150x150.jpg 150w, https:\/\/dimensionturistica.com\/es\/wp-content\/uploads\/2022\/07\/DIRECTOR-75x75.jpg 75w, https:\/\/dimensionturistica.com\/es\/wp-content\/uploads\/2022\/07\/DIRECTOR-350x350.jpg 350w, https:\/\/dimensionturistica.com\/es\/wp-content\/uploads\/2022\/07\/DIRECTOR.jpg 400w\" sizes=\"(max-width: 300px) 100vw, 300px\" \/>y el desarrollo social de Baja California Sur\u201d, coment\u00f3 V\u00edctor Manuel Castro Cos\u00edo, Gobernador del Estado de Baja California Sur.<br \/>\nPor su parte, la secretaria de Turismo y Econom\u00eda de Baja California Sur, Maribel Collins, destac\u00f3 que \u201cEuropa es muy interesante para nosotros, es un mercado en el que queremos tener mayor presencia, no solo porque la estancia media de estos viajeros y por ende su gasto sea mayor que la de estadounidenses o canadienses (14 d\u00edas frente a 7), sino porque visitan tambi\u00e9n a otros puntos de Baja California Sur, atra\u00eddos por su naturaleza y cultura, y eso contribuye al desarrollo econ\u00f3mico y social de toda la regi\u00f3n\u201d.<br \/>\nPara Rodrigo Esponda, director general del Fideicomiso de Turismo de Los Cabos, \u201ceste vuelo directo nos va a permitir recibir m\u00e1s de 4 mil turistas espa\u00f1oles este a\u00f1o, quienes podr\u00e1n descubrir uno de los destinos tur\u00edsticos m\u00e1s diversos del mundo, completamente diferente a lo que tienen en su imaginario sobre M\u00e9xico, con una oferta de lujo diferenciada y una atenci\u00f3n y hospitalidad \u00fanica\u201d.<br \/>\nLos Cabos recibi\u00f3 el a\u00f1o pasado 2,8 millones de turistas, la mayor\u00eda de ellos procedentes de Estados Unidos. Apenas unos 35.000 visitantes eran europeos, principalmente brit\u00e1nicos, franceses y alemanes. Europa es un mercado emergente estrat\u00e9gico para este enclave tur\u00edstico mexicano que busca posicionarse como destino de lujo.<\/p>\n","protected":false},"excerpt":{"rendered":"<p>Los Cabos, el exclusivo destino tur\u00edstico mexicano ubicado al sur de Baja California Sur, inicia este lunes una conexi\u00f3n directa con Espa\u00f1a de la mano de Iberojet, la aerol\u00ednea de \u00c1voris Corporaci\u00f3n Empresarial. El primer vuelo, operado con un A350, despeg\u00f3 desde el aeropuerto Adolfo Su\u00e1rez Barajas con un 94% de pasajeros a bordo. Esta [&hellip;]<\/p>\n","protected":false},"author":1,"featured_media":359410,"comment_status":"open","ping_status":"closed","sticky":false,"template":"","format":"standard","meta":{"om_disable_all_campaigns":false,"jnews-multi-image_gallery":[],"jnews_single_post":{"source_name":"","source_url":"","via_name":"","via_url":"","override_template":"0","override":[{"template":"1","single_blog_custom":"","parallax":"1","fullscreen":"1","layout":"right-sidebar","sidebar":"default-sidebar","second_sidebar":"default-sidebar","sticky_sidebar":"1","share_position":"top","share_float_style":"share-monocrhome","show_share_counter":"1","show_view_counter":"1","show_featured":"1","show_post_meta":"1","show_post_author":"1","show_post_author_image":"1","show_post_date":"1","post_date_format":"default","post_date_format_custom":"Y\/m\/d","show_post_category":"1","show_post_reading_time":"0","post_reading_time_wpm":"300","show_zoom_button":"0","zoom_button_out_step":"2","zoom_button_in_step":"3","show_post_tag":"1","show_prev_next_post":"1","show_popup_post":"1","number_popup_post":"1","show_author_box":"0","show_post_related":"0","show_inline_post_related":"0"}],"override_image_size":"0","image_override":[{"single_post_thumbnail_size":"crop-500","single_post_gallery_size":"crop-500"}],"trending_post":"0","trending_post_position":"meta","trending_post_label":"Trending","sponsored_post":"0","sponsored_post_label":"Sponsored by","sponsored_post_name":"","sponsored_post_url":"","sponsored_post_logo_enable":"0","sponsored_post_logo":"","sponsored_post_desc":"","disable_ad":"0"},"jnews_primary_category":{"id":""},"jnews_social_meta":{"fb_title":"","fb_description":"","fb_image":"","twitter_title":"","twitter_description":"","twitter_image":""},"footnotes":""},"categories":[39],"tags":[],"class_list":["post-359406","post","type-post","status-publish","format-standard","has-post-thumbnail","hentry","category-viajes"],"_links":{"self":[{"href":"https:\/\/dimensionturistica.com\/es\/wp-json\/wp\/v2\/posts\/359406","targetHints":{"allow":["GET"]}}],"collection":[{"href":"https:\/\/dimensionturistica.com\/es\/wp-json\/wp\/v2\/posts"}],"about":[{"href":"https:\/\/dimensionturistica.com\/es\/wp-json\/wp\/v2\/types\/post"}],"author":[{"embeddable":true,"href":"https:\/\/dimensionturistica.com\/es\/wp-json\/wp\/v2\/users\/1"}],"replies":[{"embeddable":true,"href":"https:\/\/dimensionturistica.com\/es\/wp-json\/wp\/v2\/comments?post=359406"}],"version-history":[{"count":0,"href":"https:\/\/dimensionturistica.com\/es\/wp-json\/wp\/v2\/posts\/359406\/revisions"}],"wp:featuredmedia":[{"embeddable":true,"href":"https:\/\/dimensionturistica.com\/es\/wp-json\/wp\/v2\/media\/359410"}],"wp:attachment":[{"href":"https:\/\/dimensionturistica.com\/es\/wp-json\/wp\/v2\/media?parent=359406"}],"wp:term":[{"taxonomy":"category","embeddable":true,"href":"https:\/\/dimensionturistica.com\/es\/wp-json\/wp\/v2\/categories?post=359406"},{"taxonomy":"post_tag","embeddable":true,"href":"https:\/\/dimensionturistica.com\/es\/wp-json\/wp\/v2\/tags?post=359406"}],"curies":[{"name":"wp","href":"https:\/\/api.w.org\/{rel}","templated":true}]}}