{"id":359390,"date":"2022-07-25T13:50:35","date_gmt":"2022-07-25T13:50:35","guid":{"rendered":"https:\/\/dimensionturistica.com\/es\/?p=359390"},"modified":"2022-07-25T13:50:35","modified_gmt":"2022-07-25T13:50:35","slug":"pricetravel-holding-celebra-su-primera-convencion-de-lideres-con-vision-a-futuro","status":"publish","type":"post","link":"https:\/\/dimensionturistica.com\/es\/pricetravel-holding-celebra-su-primera-convencion-de-lideres-con-vision-a-futuro\/","title":{"rendered":"Pricetravel Holding celebra su primera convenci\u00f3n de lideres con visi\u00f3n a futuro"},"content":{"rendered":"<p><img decoding=\"async\" class=\"size-medium wp-image-359399 alignright\" src=\"https:\/\/dimensionturistica.com\/es\/wp-content\/uploads\/2022\/07\/price2-300x152.jpg\" alt=\"\" width=\"300\" height=\"152\" srcset=\"https:\/\/dimensionturistica.com\/es\/wp-content\/uploads\/2022\/07\/price2-300x152.jpg 300w, https:\/\/dimensionturistica.com\/es\/wp-content\/uploads\/2022\/07\/price2.jpg 500w\" sizes=\"(max-width: 300px) 100vw, 300px\" \/>PriceTravel Holding realiza su primera convenci\u00f3n regional con la partici\u00f3n de m\u00e1s de 70 l\u00edderes de la compa\u00f1\u00eda, entre los cuales estuvieron presentes tanto directores como gerentes de primer nivel.<br \/>\nEl Presidente Ejecutivo, Lorenzo Vargas y el Director General, Jorge Restrepo, recibieron a sus invitados en el Hotel Hard Rock Canc\u00fan para presentar su estrategia para el segundo semestre de este a\u00f1o, as\u00ed como reconocer los logros alcanzados en lo que va del 2022.<br \/>\n\u201c\u00a1Felicidades por los resultados del primer semestre! Agradezco el profesionalismo y dedicaci\u00f3n de todos<img decoding=\"async\" class=\"size-medium wp-image-359400 alignright\" src=\"https:\/\/dimensionturistica.com\/es\/wp-content\/uploads\/2022\/07\/PRICE3-300x196.jpg\" alt=\"\" width=\"300\" height=\"196\" srcset=\"https:\/\/dimensionturistica.com\/es\/wp-content\/uploads\/2022\/07\/PRICE3-300x196.jpg 300w, https:\/\/dimensionturistica.com\/es\/wp-content\/uploads\/2022\/07\/PRICE3.jpg 500w\" sizes=\"(max-width: 300px) 100vw, 300px\" \/> nuestros colaboradores. Es un gusto estar hoy posicionados en la industria como una de las empresas m\u00e1s importantes de distribuci\u00f3n global, con un fuerte enfoque en Latinoam\u00e9rica.\u201d, comenta Lorenzo Vargas, Presidente Ejecutivo de PriceTravel Holding.<br \/>\nMientras tanto Jorge Restrepo, Director General de la compa\u00f1\u00eda menciona: \u201cSeguiremos trabajando en diferentes estrategias de crecimiento para impulsar e incrementar las ventas, dise\u00f1ando acciones espec\u00edficas en cada una de las l\u00edneas de negocio de la compa\u00f1\u00eda y continuar apostando por la tecnolog\u00eda, para as\u00ed poder lograr un crecimiento de doble digito para el cierre del 2022.\u201d<br \/>\nLos principales directivos del grupo tur\u00edstico compartieron tambi\u00e9n las prioridades y objetivos de sus \u00e1reas;<img decoding=\"async\" class=\"size-medium wp-image-359401 alignright\" src=\"https:\/\/dimensionturistica.com\/es\/wp-content\/uploads\/2022\/07\/PRICE4-300x167.jpg\" alt=\"\" width=\"300\" height=\"167\" srcset=\"https:\/\/dimensionturistica.com\/es\/wp-content\/uploads\/2022\/07\/PRICE4-300x167.jpg 300w, https:\/\/dimensionturistica.com\/es\/wp-content\/uploads\/2022\/07\/PRICE4.jpg 500w\" sizes=\"(max-width: 300px) 100vw, 300px\" \/> informaci\u00f3n de gran importancia para todos los asistentes.<br \/>\nEntre los invitados especiales, destac\u00f3 la presencia de Leo Morales, conferencista poseedor de dos records mundiales de buceo, quien imparti\u00f3 la ponencia bajo el t\u00edtulo: Los l\u00edmites los ponemos nosotros mismos.<br \/>\nAl t\u00e9rmino de la reuni\u00f3n, Lorenzo Vargas, agradeci\u00f3 a <img decoding=\"async\" class=\"size-medium wp-image-359402 alignleft\" src=\"https:\/\/dimensionturistica.com\/es\/wp-content\/uploads\/2022\/07\/PRICE6-300x229.jpg\" alt=\"\" width=\"300\" height=\"229\" srcset=\"https:\/\/dimensionturistica.com\/es\/wp-content\/uploads\/2022\/07\/PRICE6-300x229.jpg 300w, https:\/\/dimensionturistica.com\/es\/wp-content\/uploads\/2022\/07\/PRICE6.jpg 460w\" sizes=\"(max-width: 300px) 100vw, 300px\" \/>todos los participantes por su presencia y destac\u00f3 que la fortaleza de PriceTravel Holding es su gente, quienes han demostrado la capacidad de reacci\u00f3n ante cualquier circunstancia; asimismo, reconoci\u00f3 el liderazgo de todos los presentes.<br \/>\nPara continuar con el programa, los participantes se dirigieron al Rancho Ixtul, iniciando con un coctel de bienvenida y un show maya, seguido de un espect\u00e1culo de drones, finalizando con una cena con platillos de alta cocina.<br \/>\nPriceTravel Holding ha sido pieza clave en la recuperaci\u00f3n del turismo y con estas acciones, continua contribuyendo para el crecimiento del sector.<\/p>\n","protected":false},"excerpt":{"rendered":"<p>PriceTravel Holding realiza su primera convenci\u00f3n regional con la partici\u00f3n de m\u00e1s de 70 l\u00edderes de la compa\u00f1\u00eda, entre los cuales estuvieron presentes tanto directores como gerentes de primer nivel. El Presidente Ejecutivo, Lorenzo Vargas y el Director General, Jorge Restrepo, recibieron a sus invitados en el Hotel Hard Rock Canc\u00fan para presentar su estrategia [&hellip;]<\/p>\n","protected":false},"author":1,"featured_media":359398,"comment_status":"open","ping_status":"closed","sticky":false,"template":"","format":"standard","meta":{"om_disable_all_campaigns":false,"jnews-multi-image_gallery":[],"jnews_single_post":{"source_name":"","source_url":"","via_name":"","via_url":"","override_template":"0","override":[{"template":"1","single_blog_custom":"","parallax":"1","fullscreen":"1","layout":"right-sidebar","sidebar":"default-sidebar","second_sidebar":"default-sidebar","sticky_sidebar":"1","share_position":"top","share_float_style":"share-monocrhome","show_share_counter":"1","show_view_counter":"1","show_featured":"1","show_post_meta":"1","show_post_author":"1","show_post_author_image":"1","show_post_date":"1","post_date_format":"default","post_date_format_custom":"Y\/m\/d","show_post_category":"1","show_post_reading_time":"0","post_reading_time_wpm":"300","show_zoom_button":"0","zoom_button_out_step":"2","zoom_button_in_step":"3","show_post_tag":"1","show_prev_next_post":"1","show_popup_post":"1","number_popup_post":"1","show_author_box":"0","show_post_related":"0","show_inline_post_related":"0"}],"override_image_size":"0","image_override":[{"single_post_thumbnail_size":"crop-500","single_post_gallery_size":"crop-500"}],"trending_post":"0","trending_post_position":"meta","trending_post_label":"Trending","sponsored_post":"0","sponsored_post_label":"Sponsored by","sponsored_post_name":"","sponsored_post_url":"","sponsored_post_logo_enable":"0","sponsored_post_logo":"","sponsored_post_desc":"","disable_ad":"0"},"jnews_primary_category":{"id":""},"jnews_social_meta":{"fb_title":"","fb_description":"","fb_image":"","twitter_title":"","twitter_description":"","twitter_image":""},"footnotes":""},"categories":[39],"tags":[],"class_list":["post-359390","post","type-post","status-publish","format-standard","has-post-thumbnail","hentry","category-viajes"],"_links":{"self":[{"href":"https:\/\/dimensionturistica.com\/es\/wp-json\/wp\/v2\/posts\/359390","targetHints":{"allow":["GET"]}}],"collection":[{"href":"https:\/\/dimensionturistica.com\/es\/wp-json\/wp\/v2\/posts"}],"about":[{"href":"https:\/\/dimensionturistica.com\/es\/wp-json\/wp\/v2\/types\/post"}],"author":[{"embeddable":true,"href":"https:\/\/dimensionturistica.com\/es\/wp-json\/wp\/v2\/users\/1"}],"replies":[{"embeddable":true,"href":"https:\/\/dimensionturistica.com\/es\/wp-json\/wp\/v2\/comments?post=359390"}],"version-history":[{"count":0,"href":"https:\/\/dimensionturistica.com\/es\/wp-json\/wp\/v2\/posts\/359390\/revisions"}],"wp:featuredmedia":[{"embeddable":true,"href":"https:\/\/dimensionturistica.com\/es\/wp-json\/wp\/v2\/media\/359398"}],"wp:attachment":[{"href":"https:\/\/dimensionturistica.com\/es\/wp-json\/wp\/v2\/media?parent=359390"}],"wp:term":[{"taxonomy":"category","embeddable":true,"href":"https:\/\/dimensionturistica.com\/es\/wp-json\/wp\/v2\/categories?post=359390"},{"taxonomy":"post_tag","embeddable":true,"href":"https:\/\/dimensionturistica.com\/es\/wp-json\/wp\/v2\/tags?post=359390"}],"curies":[{"name":"wp","href":"https:\/\/api.w.org\/{rel}","templated":true}]}}