{"id":359280,"date":"2022-07-25T09:26:49","date_gmt":"2022-07-25T09:26:49","guid":{"rendered":"https:\/\/dimensionturistica.com\/es\/?p=359280"},"modified":"2022-07-25T09:26:49","modified_gmt":"2022-07-25T09:26:49","slug":"la-isla-estado-mas-pequena-del-mundo","status":"publish","type":"post","link":"https:\/\/dimensionturistica.com\/es\/la-isla-estado-mas-pequena-del-mundo\/","title":{"rendered":"La isla-estado m\u00e1s peque\u00f1a del mundo"},"content":{"rendered":"<p> <br \/>\n<\/p>\n<div>\n<p class=\"date\"> <time itemprop=\"dateModified\" datetime=\"2022-07-25T07:00:00+02:00\" data-timestamp=\"1658732400\">&#13;25 de julio de 2022 \u00b7 07:00<\/time>&#13;<\/p>\n<\/div>\n<div id=\"article-text\">\n<div class=\"txt\">\n<aside class=\"subscription-highlighted\">\n<div class=\"subscription-container\">\n<div class=\"non-subscribed\">\n<p class=\"description\">Somos de rutas, no de rutinas. Descubre Viajes Nationwide Geographic<\/p>\n<p><a rel=\"nofollow noopener\" target=\"_blank\" href=\"https:\/\/tienda.rbarevistas.com\/por-que-viajes-national-geographic.html?rba_source=viajes.nationalgeographic.com.es&amp;rba_medium=referral&amp;rba_campaign=NGMV&amp;rba_content=frase-articulo\" class=\"more-link\">SABER M\u00c1S<\/a><\/div>\n<\/div>\n<\/aside>\n<p style=\"display: none;\"><img decoding=\"async\" id=\"ctl01_ctl00_phMain_phMain_ctl00_ctl02_ctl17_ctl01_imgContent\" src=\"https:\/\/viajes.nationalgeographic.com.es\/medio\/2022\/07\/22\/nauru_4b7bbd0f_800x800.jpg\" alt=\"Nauru\" style=\"border-width:0px;\"\/><\/p>\n<aside class=\"add300x250 publi-interior-top ad-container-r1 ad-inline\"\/>\n<p>Esta isla apenas mide 21 km2, lo que no la ha impedido ser el pa\u00eds insular m\u00e1s peque\u00f1o del mundo. O, dicho de otra forma, el estado pure con menos dimensiones ya que las otras dos naciones que tienen menor tama\u00f1o son M\u00f3naco y El Vaticano, dos pa\u00edses con m\u00e1s poder pol\u00edtico y econ\u00f3mico que geogr\u00e1fico. Para comprender mejor esta peculiaridad, lo primero que hay que tener en cuenta es su aislamiento, ya que se encuentra en mitad del Pac\u00edfico Sur, entre las islas Marshall y las Islas Salom\u00f3n. De hecho, fue uno de los \u00faltimos lugares que exploraron las potencias europeas en el siglo XIX, siendo Alemania el primer pa\u00eds que lo coloniz\u00f3 y que explot\u00f3 sus yacimientos de fosfato. Despu\u00e9s, Reino Unido, Jap\u00f3n y Australia controlaron su riqueza hasta que en 1968 Nauru alcanz\u00f3 la independencia. Para entonces, la econom\u00eda de la isla estaba en clara recesi\u00f3n, lo que la convirti\u00f3 m\u00e1s en un problema para las metr\u00f3polis que en un territorio atractivo.<\/p>\n<section class=\"related-article-content relacionado\">\n<p class=\"relatedTitle\">Art\u00edculo relacionado<\/p>\n<p><a rel=\"nofollow noopener\" target=\"_blank\" href=\"https:\/\/viajes.nationalgeographic.com.es\/a\/cinco-paises-mas-pequenos-mundo_9351\" class=\"rel\"><\/p>\n<article class=\"article\">&#13;<\/p>\n<figure class=\"thumb\">&#13;<img decoding=\"async\" src=\"https:\/\/viajes.nationalgeographic.com.es\/medio\/2022\/04\/29\/san-marino_ca8326b4_1280x720.jpg\" alt=\"San Marino\" class=\"imagenRelacionado lazyload\"\/><noscript><img decoding=\"async\" src=\"https:\/\/viajes.nationalgeographic.com.es\/medio\/2022\/04\/29\/san-marino_ca8326b4_1280x720.jpg\" alt=\"San Marino\"\/><\/noscript>&#13;<\/figure>\n<p>&#13;<\/p>\n<div class=\"relacionadoTxt\">\n<p>&#13;<\/p>\n<h4 class=\"supertitle\">&#13;Los m\u00e1s diminutos en 2022&#13;<br \/>\n<\/h4>\n<h4 class=\"title\">&#13;El encanto de los diez pa\u00edses m\u00e1s peque\u00f1os del mundo<\/h4>\n<p>&#13;<\/p>\n<\/div>\n<\/article>\n<p><\/a><\/section>\n<aside class=\"add300x600 publi-interior-bot ad-inline ad-container-r2\"\/><\/div>\n<p><!-- START:toolbar --><!-- END:toolbar --><\/div>\n\n<p><em> &#8221; Fuentes viajes.nationalgeographic.com.es &#8221; <\/em><\/p>\n","protected":false},"excerpt":{"rendered":"<p>&#13;25 de julio de 2022 \u00b7 07:00&#13; Somos de rutas, no de rutinas. Descubre Viajes Nationwide Geographic SABER M\u00c1S Esta isla apenas mide 21 km2, lo que no la ha impedido ser el pa\u00eds insular m\u00e1s peque\u00f1o del mundo. O, dicho de otra forma, el estado pure con menos dimensiones ya que las otras dos [&hellip;]<\/p>\n","protected":false},"author":4,"featured_media":359281,"comment_status":"open","ping_status":"closed","sticky":false,"template":"","format":"standard","meta":{"om_disable_all_campaigns":false,"jnews-multi-image_gallery":[],"jnews_single_post":[],"jnews_primary_category":[],"jnews_social_meta":[],"footnotes":""},"categories":[39],"tags":[47258,47257],"class_list":["post-359280","post","type-post","status-publish","format-standard","has-post-thumbnail","hentry","category-viajes","tag-cargado-desde-el-fichero-de-recursos","tag-keywords-por-defecto"],"_links":{"self":[{"href":"https:\/\/dimensionturistica.com\/es\/wp-json\/wp\/v2\/posts\/359280","targetHints":{"allow":["GET"]}}],"collection":[{"href":"https:\/\/dimensionturistica.com\/es\/wp-json\/wp\/v2\/posts"}],"about":[{"href":"https:\/\/dimensionturistica.com\/es\/wp-json\/wp\/v2\/types\/post"}],"author":[{"embeddable":true,"href":"https:\/\/dimensionturistica.com\/es\/wp-json\/wp\/v2\/users\/4"}],"replies":[{"embeddable":true,"href":"https:\/\/dimensionturistica.com\/es\/wp-json\/wp\/v2\/comments?post=359280"}],"version-history":[{"count":0,"href":"https:\/\/dimensionturistica.com\/es\/wp-json\/wp\/v2\/posts\/359280\/revisions"}],"wp:featuredmedia":[{"embeddable":true,"href":"https:\/\/dimensionturistica.com\/es\/wp-json\/wp\/v2\/media\/359281"}],"wp:attachment":[{"href":"https:\/\/dimensionturistica.com\/es\/wp-json\/wp\/v2\/media?parent=359280"}],"wp:term":[{"taxonomy":"category","embeddable":true,"href":"https:\/\/dimensionturistica.com\/es\/wp-json\/wp\/v2\/categories?post=359280"},{"taxonomy":"post_tag","embeddable":true,"href":"https:\/\/dimensionturistica.com\/es\/wp-json\/wp\/v2\/tags?post=359280"}],"curies":[{"name":"wp","href":"https:\/\/api.w.org\/{rel}","templated":true}]}}