{"id":359237,"date":"2022-07-25T05:10:09","date_gmt":"2022-07-25T05:10:09","guid":{"rendered":"https:\/\/dimensionturistica.com\/es\/?p=359237"},"modified":"2022-07-25T05:10:09","modified_gmt":"2022-07-25T05:10:09","slug":"reconquistar-a-propios-y-seducir-a-extranos-otra-meta-para-guayaquil","status":"publish","type":"post","link":"https:\/\/dimensionturistica.com\/es\/reconquistar-a-propios-y-seducir-a-extranos-otra-meta-para-guayaquil\/","title":{"rendered":"Reconquistar a propios y seducir a extra\u00f1os, otra meta para Guayaquil"},"content":{"rendered":"<p> <br \/>\n<\/p>\n<div>\n<p class=\"paragraph \" id=\"m103-102-104\">Guayaquil, la ciudad que creci\u00f3 frente a un hermoso r\u00edo, tiene en sus habitantes algo que los caracteriza: el <strong>orgullo <\/strong>de pertenecer a estas tierras. Su <strong>gastronom\u00eda<\/strong>, sus malecones, sus <strong>tradiciones<\/strong> y sus <strong>pasiones futbol\u00edsticas<\/strong> hacen que quienes nacieron o fueron acogidos por la urbe decidan volver a ella una y otra vez.<\/p>\n<div class=\"content-highlight highlight \" id=\"m108-107-109\">\n<figure class=\"image-container\">\n        <a rel=\"nofollow noopener\" target=\"_blank\" href=\"https:\/\/www.expreso.ec\/guayaquil\/receta-busca-revivir-iconica-9-octubre-131671\"><br \/>\n            <img decoding=\"async\" alt=\"9 octubre 1\" data-type=\"src\" class=\"lazy\" src=\"https:\/\/imagenes.expreso.ec\/files\/image_218_133\/uploads\/2022\/07\/15\/62d1ea38c76f3.jpeg\"\/><br \/>\n        <\/a><br \/>\n    <\/figure>\n<div class=\"title-container\">\n<p id=\"m122-121-123\">La receta que busca revivir a la ic\u00f3nica 9 de Octubre<\/p>\n<\/div>\n<p>    <a rel=\"nofollow noopener\" target=\"_blank\" href=\"https:\/\/www.expreso.ec\/guayaquil\/receta-busca-revivir-iconica-9-octubre-131671\" class=\"highlight-link\">Leer m\u00e1s <em class=\"fas fa-arrow-right\"\/><\/a><\/p>\n<\/div>\n<p class=\"paragraph \" id=\"m140-139-141\">Y es que la Perla del Pac\u00edfico, con sus <strong>487 a\u00f1os de fundaci\u00f3n<\/strong>, tiene mucho que ofrecer y un gran potencial tur\u00edstico para despertar el inter\u00e9s de quienes a\u00fan no la visitan o solo han estado de paso.<\/p>\n<p class=\"paragraph \" id=\"m145-144-146\">Al barrio Las Pe\u00f1as, parque Centenario, Malec\u00f3n Sim\u00f3n Bol\u00edvar y Rutas de las Iglesias se suman la <strong>calle Panam\u00e1, Puerto Santa Ana, Plaza Guayarte,<\/strong> entre otros puntos que buscan reconquistar a propios y seducir a extra\u00f1os.<\/p>\n<p class=\"paragraph \" id=\"m150-149-151\">Y, precisamente, con este fin  es necesario que trabajen <strong>en conjunto<\/strong> la ciudadan\u00eda, empresa p\u00fablica y privada y la academia, para ser generadores de concepts y proyectos que tengan como norte mejorar estos espacios tur\u00edsticos y crear nuevos para convertir a Guayaquil en un <strong>destino so\u00f1ado<\/strong>.<\/p>\n<ul>\n<li><strong>Karla Ram\u00edrez, docente de la carrera de Turismo UCSG<\/strong><\/li>\n<\/ul>\n<p class=\"paragraph \" id=\"m200-199-201\">El <strong>guayaquile\u00f1o<\/strong>, como lo cube la canci\u00f3n, es bien franco, muy valiente y jam\u00e1s siente el temor, adem\u00e1s que es alegre, optimista y tan c\u00e1lido como el clima de su ciudad. Karla Ram\u00edrez, catedr\u00e1tica de la carrera de Turismo de la Universidad Cat\u00f3lica Santiago de Guayaquil, destaca que esta particularidad en cuanto a la <strong>personalidad<\/strong> del &#8220;guayaco&#8221; es un detalle del cual se puede sacar provecho para incrementar el turismo.<\/p>\n<div class=\"content-highlight highlight \" id=\"m205-204-206\">\n<figure class=\"image-container\">\n        <a rel=\"nofollow noopener\" target=\"_blank\" href=\"https:\/\/www.expreso.ec\/buenavida\/hotel-oro-verde-apuesta-emprendedores-131547\"><br \/>\n            <img decoding=\"async\" alt=\"Foto Institucional_Oro Verde Hotels (1)\" data-type=\"src\" class=\"lazy\" src=\"https:\/\/imagenes.expreso.ec\/files\/image_218_133\/uploads\/2022\/07\/14\/62d04c3ccc227.jpeg\"\/><br \/>\n        <\/a><br \/>\n    <\/figure>\n<div class=\"title-container\">\n<p id=\"m218-217-219\">Lodge Oro Verde apuesta por los emprendedores<\/p>\n<\/div>\n<p>    <a rel=\"nofollow noopener\" target=\"_blank\" href=\"https:\/\/www.expreso.ec\/buenavida\/hotel-oro-verde-apuesta-emprendedores-131547\" class=\"highlight-link\">Leer m\u00e1s <em class=\"fas fa-arrow-right\"\/><\/a><\/p>\n<\/div>\n<p class=\"paragraph \" id=\"m276-275-277\">&#8220;Una de las mejores cosas que podemos hacer como ciudadanos, es demostrar nuestra <strong>hospitalidad<\/strong>, es decir ser buenos anfitriones con los turistas, tratarlos de manera amable, y darles una mano cuando lo necesitan, es nuestra mejor <strong>carta de presentaci\u00f3n<\/strong>&#8220;, enfatiza Ram\u00edrez.<\/p>\n<div class=\"composite-quote quote \" id=\"m281-280-282\">\n<p class=\"quote-text \" id=\"m286-285-287\">Como ciudadanos lo mejor que podemos hacer es destacarnos como buenos anfitriones.<\/p>\n<p><span class=\"author \" id=\"m291-290-292\">Karla Ram\u00edrez<\/span><\/div>\n<p class=\"paragraph \" id=\"m296-295-297\">La profesional recalca que mejorar esta industria es responsabilidad de todos porque trae beneficios para la ciudadan\u00eda. &#8220;El turismo genera <strong>encadenamientos productivos<\/strong> muy interesantes, por cada turista que llega a la ciudad este genera gastos que benefician a todas las econom\u00edas populares y solidarias, por ejemplo, a los comercios que dan servicios de alimentos y bebidas&#8221;.<\/p>\n<div class=\"content-highlight highlight \" id=\"m301-300-302\">\n<figure class=\"image-container\">\n        <a rel=\"nofollow noopener\" target=\"_blank\" href=\"https:\/\/www.expreso.ec\/guayaquil\/ciudad-retoma-ritmo-festivo-previo-gran-dia-131288\"><br \/>\n            <img decoding=\"async\" alt=\"Guayaquil fiestas julianas\" data-type=\"src\" class=\"lazy\" src=\"https:\/\/imagenes.expreso.ec\/files\/image_218_133\/uploads\/2022\/07\/10\/62cb448cd5a15.jpeg\"\/><br \/>\n        <\/a><br \/>\n    <\/figure>\n<div class=\"title-container\">\n<p id=\"m314-313-315\">La ciudad retoma su ritmo festivo previo a su gran d\u00eda<\/p>\n<\/div>\n<p>    <a rel=\"nofollow noopener\" target=\"_blank\" href=\"https:\/\/www.expreso.ec\/guayaquil\/ciudad-retoma-ritmo-festivo-previo-gran-dia-131288\" class=\"highlight-link\">Leer m\u00e1s <em class=\"fas fa-arrow-right\"\/><\/a><\/p>\n<\/div>\n<p class=\"paragraph \" id=\"m332-331-333\">Por otro lado, la catedr\u00e1tica se\u00f1ala que, en Guayaquil, especialmente cuando se celebran fiestas c\u00edvicas hay todo un conglomerado de <strong>actividades<\/strong> como conciertos, bailes, desfiles y ferias gastron\u00f3micas.<\/p>\n<p class=\"paragraph \" id=\"m337-336-338\">&#8220;Tener una<strong> agenda accesible<\/strong>, actualizada, llamativa y din\u00e1mica para residentes y extranjeros acerca de estos eventos es una idea que ayudar\u00e1 a volver m\u00e1s atractiva la ciudad&#8221;, opina la experta.<\/p>\n<ul>\n<li><strong>Holbach Mu\u00f1et\u00f3n, Presidente Federaci\u00f3n Nacional de C\u00e1maras Provinciales de Turismo del Ecuador<\/strong><\/li>\n<\/ul>\n<p class=\"paragraph \" id=\"m347-346-348\">Recorrer las empedradas calles de Barrio las Pe\u00f1as, los modernos edificios de Puerto Santa Ana y disfrutar con la familia la oferta gastron\u00f3mica bajo la sombra de los \u00e1rboles de la calle Panam\u00e1 es posible gracias al <strong>trabajo en equipo<\/strong>.<\/p>\n<p class=\"paragraph \" id=\"m392-391-393\">&#8220;Tenemos una gran variedad de puntos tur\u00edsticos, tenemos que articularlos con <strong>infraestructura y seguridad<\/strong>, y para ello el trabajo mancomunado entre sector privado, p\u00fablica y academia es fundamental&#8221;, se\u00f1ala Holbach Mu\u00f1et\u00f3n, presidente de la Federaci\u00f3n Nacional de C\u00e1maras Provinciales de Turismo del Ecuador.<\/p>\n<p class=\"paragraph \" id=\"m397-396-398\">El experto menciona que para que Guayaquil sea el <strong>destino supreme<\/strong>, todos los actores de la industria tur\u00edstica deben esforzarse al m\u00e1ximo por trabajar en conjunto, ya que solo as\u00ed se lograr\u00e1 la <strong>reactivaci\u00f3n del turismo <\/strong>en la ciudad portuaria.<\/p>\n<p class=\"paragraph \" id=\"m442-441-443\">&#8220;Se necesitan<strong> inventarios<\/strong>, <strong>rutas tur\u00edsticas <\/strong>seguras y trabajar con la academia para tener gu\u00edas tur\u00edsticos actualizados y capacitados&#8221;, puntualiza.<\/p>\n<ul>\n<li><strong>Mariela Pinos, mag\u00edster en Advertising and marketing de destinos y productos tur\u00edsticos<\/strong><\/li>\n<\/ul>\n<p class=\"paragraph \" id=\"m452-451-453\">&#8220;Los turistas est\u00e1n cansados de hacer exactamente lo mismo en diferentes ciudades&#8221;, sentencia Mariela Pinos, catedr\u00e1tica y mag\u00edster en <strong>Advertising and marketing de destinos <\/strong>y productos tur\u00edsticos. Los destinos tienen mayor desarrollo, a criterio de la especialista, cuando la empresa privada encuentra y oferta productos que sean innovadores y diferentes que se adapten a las nuevas realidades.<\/p>\n<div class=\"content-highlight highlight \" id=\"m457-456-458\">\n<figure class=\"image-container\">\n        <a rel=\"nofollow noopener\" target=\"_blank\" href=\"https:\/\/www.expreso.ec\/guayaquil\/ocio-resucita-ruedas-128371\"><br \/>\n            <img decoding=\"async\" alt=\"Foto de Sistema Granas (8270689)\" data-type=\"src\" class=\"lazy\" src=\"https:\/\/imagenes.expreso.ec\/files\/image_218_133\/uploads\/2022\/05\/28\/62929ab11c1a8.jpeg\"\/><br \/>\n        <\/a><br \/>\n    <\/figure>\n<div class=\"title-container\">\n<p id=\"m470-469-471\">El ocio resucita sobre ruedas<\/p>\n<\/div>\n<p>    <a rel=\"nofollow noopener\" target=\"_blank\" href=\"https:\/\/www.expreso.ec\/guayaquil\/ocio-resucita-ruedas-128371\" class=\"highlight-link\">Leer m\u00e1s <em class=\"fas fa-arrow-right\"\/><\/a><\/p>\n<\/div>\n<p class=\"paragraph \" id=\"m488-487-489\">&#8220;Existen actividades que pueden efectuarse dentro de la ciudad y no necesariamente en el conglomerado urbano, sino en las partes rurales de Guayaquil, aprovechar este sector ser\u00eda una propuesta muy interesante que tiene mucho potencial&#8221;, explica Pinos.<\/p>\n<div class=\"composite-quote quote \" id=\"m493-492-494\">\n<p class=\"quote-text \" id=\"m498-497-499\">Aprovechar las \u00e1reas rurales, una propuesta interesante.<\/p>\n<p><span class=\"author \" id=\"m503-502-504\">Mariela Pinos<\/span><\/div>\n<p class=\"paragraph \" id=\"m508-507-509\">Adicionalmente, la especialista resalta que el turismo es un dinamizador de la econom\u00eda y tiene la fortaleza de redistribuir la riqueza de tal manera que en el momento en que un destino empieza a recibir m\u00e1s turistas, hay un efecto multiplicador.<\/p>\n<p class=\"paragraph \" id=\"m513-512-514\">&#8220;Si viene un extranjero va a necesitar un taxi, comprar en la tienda un cigarrillo, alg\u00fan tipo de bebida, tal vez pastillas en la farmacia. Ninguno de estos puntos forma parte, en teor\u00eda, de la actividad tur\u00edstica como los <strong>hoteles o restaurantes<\/strong>, sin embargo, se ven beneficiados porque el turismo ayuda a toda la cadena de valor&#8221;, precisa la docente.<\/p>\n<p class=\"paragraph \" id=\"m558-557-559\">Del mismo modo, la experta se\u00f1ala que desde el lado de la <strong>Academia<\/strong> se realizan estudios de investigaci\u00f3n y se pueden dar capacitaciones a la comunidad para desarrollo de productos tur\u00edsticos.<\/p>\n<\/div>\n\n<p><em> &#8221; Fuentes www.expreso.ec &#8221; <\/em><\/p>\n","protected":false},"excerpt":{"rendered":"<p>Guayaquil, la ciudad que creci\u00f3 frente a un hermoso r\u00edo, tiene en sus habitantes algo que los caracteriza: el orgullo de pertenecer a estas tierras. Su gastronom\u00eda, sus malecones, sus tradiciones y sus pasiones futbol\u00edsticas hacen que quienes nacieron o fueron acogidos por la urbe decidan volver a ella una y otra vez. La receta [&hellip;]<\/p>\n","protected":false},"author":4,"featured_media":359238,"comment_status":"open","ping_status":"closed","sticky":false,"template":"","format":"standard","meta":{"om_disable_all_campaigns":false,"jnews-multi-image_gallery":[],"jnews_single_post":[],"jnews_primary_category":[],"jnews_social_meta":[],"footnotes":""},"categories":[39],"tags":[50153,2150,12443,544],"class_list":["post-359237","post","type-post","status-publish","format-standard","has-post-thumbnail","hentry","category-viajes","tag-atractiva","tag-guayaquil","tag-perla","tag-turismo"],"_links":{"self":[{"href":"https:\/\/dimensionturistica.com\/es\/wp-json\/wp\/v2\/posts\/359237","targetHints":{"allow":["GET"]}}],"collection":[{"href":"https:\/\/dimensionturistica.com\/es\/wp-json\/wp\/v2\/posts"}],"about":[{"href":"https:\/\/dimensionturistica.com\/es\/wp-json\/wp\/v2\/types\/post"}],"author":[{"embeddable":true,"href":"https:\/\/dimensionturistica.com\/es\/wp-json\/wp\/v2\/users\/4"}],"replies":[{"embeddable":true,"href":"https:\/\/dimensionturistica.com\/es\/wp-json\/wp\/v2\/comments?post=359237"}],"version-history":[{"count":0,"href":"https:\/\/dimensionturistica.com\/es\/wp-json\/wp\/v2\/posts\/359237\/revisions"}],"wp:featuredmedia":[{"embeddable":true,"href":"https:\/\/dimensionturistica.com\/es\/wp-json\/wp\/v2\/media\/359238"}],"wp:attachment":[{"href":"https:\/\/dimensionturistica.com\/es\/wp-json\/wp\/v2\/media?parent=359237"}],"wp:term":[{"taxonomy":"category","embeddable":true,"href":"https:\/\/dimensionturistica.com\/es\/wp-json\/wp\/v2\/categories?post=359237"},{"taxonomy":"post_tag","embeddable":true,"href":"https:\/\/dimensionturistica.com\/es\/wp-json\/wp\/v2\/tags?post=359237"}],"curies":[{"name":"wp","href":"https:\/\/api.w.org\/{rel}","templated":true}]}}