{"id":359228,"date":"2022-07-25T04:55:43","date_gmt":"2022-07-25T04:55:43","guid":{"rendered":"https:\/\/dimensionturistica.com\/es\/?p=359228"},"modified":"2022-07-25T04:55:43","modified_gmt":"2022-07-25T04:55:43","slug":"chocan-en-crucero-de-paseo-queretaro-diario-de-queretaro","status":"publish","type":"post","link":"https:\/\/dimensionturistica.com\/es\/chocan-en-crucero-de-paseo-queretaro-diario-de-queretaro\/","title":{"rendered":"Chocan en crucero de Paseo Quer\u00e9taro &#8211; Diario de Quer\u00e9taro"},"content":{"rendered":"<p> <br \/>\n<\/p>\n<div id=\"content-body-225-8641399\">\n<p><span>Dos veh\u00edculos particulares con da\u00f1os materiales, fue el resultado de un choque tipo \u201csemaforazo\u201d ocurrido sobre Avenida Paseo Quer\u00e9taro en direcci\u00f3n hacia avenida Pirineos, a la altura de Actual del Marqu\u00e9s.<\/span><\/p>\n<p>Por fortuna no hubo lesionados de gravedad, s\u00f3lo con golpes leves, por lo que cuerpos de emergencia tras brindar los primeros auxilios al conductor de un auto Seat y a una conductora que manejaba una veh\u00edculo Chevrolet, se retiraron del lugar.<\/p>\n<p>Tras el accidente uno de los veh\u00edculos se proyecto en contra la banqueta donde caus\u00f3 da\u00f1os. Se tuvo que cerrar la vialidad de manera permanente mientras una gr\u00faa realiz\u00f3 maniobras para retirar los veh\u00edculos involucrados a un corral\u00f3n.<\/p>\n<p>Polic\u00edas municipales tomaron conocimiento del hecho de tr\u00e1nsito y deslindaron responsabilidades en donde ambos conductores argumentaron que les correspond\u00eda el sem\u00e1foro en colour verde.<\/p>\n<\/div>\n<p><script>(function(d, s, id) {\nvar js, fjs = d.getElementsByTagName(s)[0];\nif (d.getElementById(id)) return;\njs = d.createElement(s); js.id = id;\njs.src=\"https:\/\/connect.facebook.net\/es_LA\/sdk.js#xfbml=1&version=v3.2&appId=193330489502691&autoLogAppEvents=1\";\nfjs.parentNode.insertBefore(js, fjs);\n}(document, 'script', 'facebook-jssdk'));\n<\/script><br \/>\n<br \/><\/p>\n<p><em> &#8221; Fuentes www.diariodequeretaro.com.mx &#8221; <\/em><\/p>\n","protected":false},"excerpt":{"rendered":"<p>Dos veh\u00edculos particulares con da\u00f1os materiales, fue el resultado de un choque tipo \u201csemaforazo\u201d ocurrido sobre Avenida Paseo Quer\u00e9taro en direcci\u00f3n hacia avenida Pirineos, a la altura de Actual del Marqu\u00e9s. Por fortuna no hubo lesionados de gravedad, s\u00f3lo con golpes leves, por lo que cuerpos de emergencia tras brindar los primeros auxilios al conductor [&hellip;]<\/p>\n","protected":false},"author":4,"featured_media":359229,"comment_status":"open","ping_status":"closed","sticky":false,"template":"","format":"standard","meta":{"om_disable_all_campaigns":false,"jnews-multi-image_gallery":[],"jnews_single_post":[],"jnews_primary_category":[],"jnews_social_meta":[],"footnotes":""},"categories":[41],"tags":[1815],"class_list":["post-359228","post","type-post","status-publish","format-standard","has-post-thumbnail","hentry","category-cruceros","tag-choque"],"_links":{"self":[{"href":"https:\/\/dimensionturistica.com\/es\/wp-json\/wp\/v2\/posts\/359228","targetHints":{"allow":["GET"]}}],"collection":[{"href":"https:\/\/dimensionturistica.com\/es\/wp-json\/wp\/v2\/posts"}],"about":[{"href":"https:\/\/dimensionturistica.com\/es\/wp-json\/wp\/v2\/types\/post"}],"author":[{"embeddable":true,"href":"https:\/\/dimensionturistica.com\/es\/wp-json\/wp\/v2\/users\/4"}],"replies":[{"embeddable":true,"href":"https:\/\/dimensionturistica.com\/es\/wp-json\/wp\/v2\/comments?post=359228"}],"version-history":[{"count":0,"href":"https:\/\/dimensionturistica.com\/es\/wp-json\/wp\/v2\/posts\/359228\/revisions"}],"wp:featuredmedia":[{"embeddable":true,"href":"https:\/\/dimensionturistica.com\/es\/wp-json\/wp\/v2\/media\/359229"}],"wp:attachment":[{"href":"https:\/\/dimensionturistica.com\/es\/wp-json\/wp\/v2\/media?parent=359228"}],"wp:term":[{"taxonomy":"category","embeddable":true,"href":"https:\/\/dimensionturistica.com\/es\/wp-json\/wp\/v2\/categories?post=359228"},{"taxonomy":"post_tag","embeddable":true,"href":"https:\/\/dimensionturistica.com\/es\/wp-json\/wp\/v2\/tags?post=359228"}],"curies":[{"name":"wp","href":"https:\/\/api.w.org\/{rel}","templated":true}]}}