{"id":359022,"date":"2022-07-24T22:55:15","date_gmt":"2022-07-24T22:55:15","guid":{"rendered":"https:\/\/dimensionturistica.com\/es\/?p=359022"},"modified":"2022-07-24T22:55:15","modified_gmt":"2022-07-24T22:55:15","slug":"hay-festival-queretaro-queretaro-la-literatura-a-las-infancias","status":"publish","type":"post","link":"https:\/\/dimensionturistica.com\/es\/hay-festival-queretaro-queretaro-la-literatura-a-las-infancias\/","title":{"rendered":"Hay Festival Quer\u00e9taro Quer\u00e9taro La Literatura a Las Infancias"},"content":{"rendered":"<p><img decoding=\"async\" class=\"size-medium wp-image-359158 alignright\" src=\"https:\/\/dimensionturistica.com\/es\/wp-content\/uploads\/2022\/07\/FESTI1-300x300.jpg\" alt=\"\" width=\"300\" height=\"300\" srcset=\"https:\/\/dimensionturistica.com\/es\/wp-content\/uploads\/2022\/07\/FESTI1-300x300.jpg 300w, https:\/\/dimensionturistica.com\/es\/wp-content\/uploads\/2022\/07\/FESTI1-150x150.jpg 150w, https:\/\/dimensionturistica.com\/es\/wp-content\/uploads\/2022\/07\/FESTI1-75x75.jpg 75w, https:\/\/dimensionturistica.com\/es\/wp-content\/uploads\/2022\/07\/FESTI1-350x350.jpg 350w, https:\/\/dimensionturistica.com\/es\/wp-content\/uploads\/2022\/07\/FESTI1.jpg 500w\" sizes=\"(max-width: 300px) 100vw, 300px\" \/>Del 1 al 4 de septiembre se llevar\u00e1 a cabo la s\u00e9ptima edici\u00f3n del Hay Festival Quer\u00e9taro con m\u00e1s de 140 invitados. Como en cada a\u00f1o, Hay Festivalito, pensado para el p\u00fablico infantil, presentar\u00e1 una serie de actividades que adem\u00e1s tendr\u00e1 eco en la programaci\u00f3n de Hay Delegaciones y en el programa de extensi\u00f3n del festival en Casas Hogar, actividades que se realizan con colaboraci\u00f3n con asociaciones civiles que trabajan por la lectura con ni\u00f1os y ni\u00f1as, que se encuentran en condiciones vulnerables.<br \/>\nEsta programaci\u00f3n consta de diversos eventos, incluyendo un taller con el escritor e ilustrador infantil Juan Gedovius el domingo 4 de septiembre a las 10:30 de la ma\u00f1ana; al terminar ese mismo d\u00eda, la novelista duranguense Liliana Blum, en conversaci\u00f3n con la locutora y periodista Teresa Alc\u00e1ntara, platicar\u00e1n con el p\u00fablico la m\u00e1s reciente novela de la escritora, \u201cEl extra\u00f1o caso de Lenny Goleman\u201d, su primera novela juvenil que ha tenido gran \u00e9xito. Ambas actividades se realizar\u00e1n en el Museo de la Ciudad.<br \/>\nAdem\u00e1s, el Hay Festivalito innova en su modelo y ofrece al p\u00fablico nuevas experiencias: dos caminatas del<img decoding=\"async\" class=\"size-medium wp-image-359159 alignright\" src=\"https:\/\/dimensionturistica.com\/es\/wp-content\/uploads\/2022\/07\/FESTI2-300x200.jpg\" alt=\"\" width=\"300\" height=\"200\" srcset=\"https:\/\/dimensionturistica.com\/es\/wp-content\/uploads\/2022\/07\/FESTI2-300x200.jpg 300w, https:\/\/dimensionturistica.com\/es\/wp-content\/uploads\/2022\/07\/FESTI2.jpg 500w\" sizes=\"(max-width: 300px) 100vw, 300px\" \/> proyecto \u201cCaminaLee\u201d, en las que se recorrer\u00e1n las calles del Centro Hist\u00f3rico de Quer\u00e9taro, contando cuentos y construyendo historias; y tambi\u00e9n el \u201cMuro de los Deseos\u201d, un espacio en el que los asistentes podr\u00e1n plasmar sus grandes sue\u00f1os. Este muro estar\u00e1 ubicado en el Jard\u00edn Guerrero, que a su vez es el punto de partida de los recorridos de \u201cCaminaLee\u201d. Todas las actividades de Hay Festivalito son gratuitas previa inscripci\u00f3n en https:\/\/www.hayfestival.com\/m-176-queretaro-2022.aspx?skinid=19&amp;localesetting=es-ES&amp;sectionfilterid=0&amp;genrefilterid=0&amp;categoryfilterid=227<br \/>\nPor otra parte, la programaci\u00f3n de Hay Delegaciones contar\u00e1 con actividades para toda la familia como la conversaci\u00f3n del bi\u00f3logo y comunicador de ciencia Andr\u00e9s Cota Hiriart, quien se presentar\u00e1 en el Centro Cultural Epigmenio Gonz\u00e1lez con una charla sobre el ajolote titulada Las maravillas del anfibio m\u00e1s sobresaliente del mundo; la oaxaque\u00f1a Natalia Toledo presentar\u00e1 su libro Guendaguti \u00d1ee Sisi: La Muerte pies ligeros, en edici\u00f3n biling\u00fce zapoteco\/castellano en la Biblioteca P\u00fablica Rosario Castellanos; Elisa Guerra, nombrada la Mejor Educadora de Am\u00e9rica Latina en 2015 por el Banco Interamericano de<img decoding=\"async\" class=\"size-medium wp-image-359161 alignright\" src=\"https:\/\/dimensionturistica.com\/es\/wp-content\/uploads\/2022\/07\/FESTI5-300x197.jpg\" alt=\"\" width=\"300\" height=\"197\" srcset=\"https:\/\/dimensionturistica.com\/es\/wp-content\/uploads\/2022\/07\/FESTI5-300x197.jpg 300w, https:\/\/dimensionturistica.com\/es\/wp-content\/uploads\/2022\/07\/FESTI5.jpg 500w\" sizes=\"(max-width: 300px) 100vw, 300px\" \/> Desarrollo, estar\u00e1 conversando sobre su libro La importancia de la educaci\u00f3n, en la Biblioteca P\u00fablica F\u00e9lix Osores Sotomayor.<br \/>\nPara el programa especial en Casas Hogar, el festival colabora desde sus inicios con las asociaciones civiles Zorro Rojo y LEO AC, este a\u00f1o, amplia el programa con En el sem\u00e1foro verde se aprende, iniciativa que promueve la educaci\u00f3n de calidad para ni\u00f1os y ni\u00f1as en situaci\u00f3n de calle. En estas Casas Hogar, participar\u00e1n charlas y talleres con Juan Gedovius, Liliana Blum, Natalia Toledo y Elisa Guerra.<br \/>\nA la par de estas actividades infantiles, la programaci\u00f3n de Hay Festival Quer\u00e9taro adopta la educaci\u00f3n en la infancia como un tema prioritario en su agenda a trav\u00e9s de dos charlas. Elisa Guerra estar\u00e1 en conversaci\u00f3n con Gina Jaramillo, directora de la Revista Chilango, para hablar sobre educaci\u00f3n a nivel global, Guerra es parte de la Comisi\u00f3n Internacional para los Futuros de la Educaci\u00f3n de la UNESCO, como la \u00fanica representante de M\u00e9xico. Por otro lado, Gina Jaramillo y Germ\u00e1n Paley, quienes forman parte del colectivo Ni\u00f1eces Presentes, ofrecer\u00e1n una conversaci\u00f3n sobre Infancias Libres, desafiando estereotipos y apelando a<img decoding=\"async\" class=\"size-medium wp-image-359162 alignright\" src=\"https:\/\/dimensionturistica.com\/es\/wp-content\/uploads\/2022\/07\/FESTI7-300x198.jpg\" alt=\"\" width=\"300\" height=\"198\" srcset=\"https:\/\/dimensionturistica.com\/es\/wp-content\/uploads\/2022\/07\/FESTI7-300x198.jpg 300w, https:\/\/dimensionturistica.com\/es\/wp-content\/uploads\/2022\/07\/FESTI7.jpg 500w\" sizes=\"(max-width: 300px) 100vw, 300px\" \/> la urgente necesidad de generar un ambiente sano y seguro para la educaci\u00f3n y convivencia de las ni\u00f1as y ni\u00f1os.<br \/>\nComo en cada edici\u00f3n, Hay Festival Quer\u00e9taro invita a chicas, chicos, j\u00f3venes y grandes a disfrutar de su variada y nutrida programaci\u00f3n que como siempre, presenta formas interesantes y novedosas para imaginar el mundo.<br \/>\nConsulta la programaci\u00f3n completa del festival en: https:\/\/www.hayfestival.com\/queretaro\/inicio.<\/p>\n","protected":false},"excerpt":{"rendered":"<p>Del 1 al 4 de septiembre se llevar\u00e1 a cabo la s\u00e9ptima edici\u00f3n del Hay Festival Quer\u00e9taro con m\u00e1s de 140 invitados. Como en cada a\u00f1o, Hay Festivalito, pensado para el p\u00fablico infantil, presentar\u00e1 una serie de actividades que adem\u00e1s tendr\u00e1 eco en la programaci\u00f3n de Hay Delegaciones y en el programa de extensi\u00f3n del [&hellip;]<\/p>\n","protected":false},"author":1,"featured_media":359160,"comment_status":"open","ping_status":"closed","sticky":false,"template":"","format":"standard","meta":{"om_disable_all_campaigns":false,"jnews-multi-image_gallery":[],"jnews_single_post":{"source_name":"","source_url":"","via_name":"","via_url":"","override_template":"0","override":[{"template":"1","single_blog_custom":"","parallax":"1","fullscreen":"1","layout":"right-sidebar","sidebar":"default-sidebar","second_sidebar":"default-sidebar","sticky_sidebar":"1","share_position":"top","share_float_style":"share-monocrhome","show_share_counter":"1","show_view_counter":"1","show_featured":"1","show_post_meta":"1","show_post_author":"1","show_post_author_image":"1","show_post_date":"1","post_date_format":"default","post_date_format_custom":"Y\/m\/d","show_post_category":"1","show_post_reading_time":"0","post_reading_time_wpm":"300","show_zoom_button":"0","zoom_button_out_step":"2","zoom_button_in_step":"3","show_post_tag":"1","show_prev_next_post":"1","show_popup_post":"1","number_popup_post":"1","show_author_box":"0","show_post_related":"0","show_inline_post_related":"0"}],"override_image_size":"0","image_override":[{"single_post_thumbnail_size":"crop-500","single_post_gallery_size":"crop-500"}],"trending_post":"0","trending_post_position":"meta","trending_post_label":"Trending","sponsored_post":"0","sponsored_post_label":"Sponsored by","sponsored_post_name":"","sponsored_post_url":"","sponsored_post_logo_enable":"0","sponsored_post_logo":"","sponsored_post_desc":"","disable_ad":"0"},"jnews_primary_category":{"id":""},"jnews_social_meta":{"fb_title":"","fb_description":"","fb_image":"","twitter_title":"","twitter_description":"","twitter_image":""},"footnotes":""},"categories":[40],"tags":[],"class_list":["post-359022","post","type-post","status-publish","format-standard","has-post-thumbnail","hentry","category-industria"],"_links":{"self":[{"href":"https:\/\/dimensionturistica.com\/es\/wp-json\/wp\/v2\/posts\/359022","targetHints":{"allow":["GET"]}}],"collection":[{"href":"https:\/\/dimensionturistica.com\/es\/wp-json\/wp\/v2\/posts"}],"about":[{"href":"https:\/\/dimensionturistica.com\/es\/wp-json\/wp\/v2\/types\/post"}],"author":[{"embeddable":true,"href":"https:\/\/dimensionturistica.com\/es\/wp-json\/wp\/v2\/users\/1"}],"replies":[{"embeddable":true,"href":"https:\/\/dimensionturistica.com\/es\/wp-json\/wp\/v2\/comments?post=359022"}],"version-history":[{"count":0,"href":"https:\/\/dimensionturistica.com\/es\/wp-json\/wp\/v2\/posts\/359022\/revisions"}],"wp:featuredmedia":[{"embeddable":true,"href":"https:\/\/dimensionturistica.com\/es\/wp-json\/wp\/v2\/media\/359160"}],"wp:attachment":[{"href":"https:\/\/dimensionturistica.com\/es\/wp-json\/wp\/v2\/media?parent=359022"}],"wp:term":[{"taxonomy":"category","embeddable":true,"href":"https:\/\/dimensionturistica.com\/es\/wp-json\/wp\/v2\/categories?post=359022"},{"taxonomy":"post_tag","embeddable":true,"href":"https:\/\/dimensionturistica.com\/es\/wp-json\/wp\/v2\/tags?post=359022"}],"curies":[{"name":"wp","href":"https:\/\/api.w.org\/{rel}","templated":true}]}}