{"id":358366,"date":"2022-07-23T04:19:41","date_gmt":"2022-07-23T04:19:41","guid":{"rendered":"https:\/\/dimensionturistica.com\/es\/?p=358366"},"modified":"2022-07-23T04:19:42","modified_gmt":"2022-07-23T04:19:42","slug":"un-mundo-por-descubrir-la-opinion-de-murcia","status":"publish","type":"post","link":"https:\/\/dimensionturistica.com\/es\/un-mundo-por-descubrir-la-opinion-de-murcia\/","title":{"rendered":"Un mundo por descubrir &#8211; La Opini\u00f3n de Murcia"},"content":{"rendered":"<p> <br \/>\n<\/p>\n<p>\n        Se acerca agosto y para algunos (que a\u00fan no las han disfrutado) este mes es sin\u00f3nimo de vacaciones. De un modo u otro, para este tiempo de tregua todos buscamos esos planes que nos aporten sosiego, desconexi\u00f3n y\/o ruptura con lo cotidiano.\n<\/p>\n<div>\n<p class=\"article-body__text \">\n        Hay quienes aprovechan estos d\u00edas para el regreso al pueblo y el reencuentro con la familia y, en el mejor de los casos, las noches frescas de tertulia o verbena de verano. Tambi\u00e9n en la Regi\u00f3n son muchos los que se decantan por quincenas o semanas en la playa. Cada vez son m\u00e1s lo que optan por una alternativa m\u00e1s \u2018low cost\u2019, al menos a priori, en campings o roulottes alquiladas. Y, por supuesto, los que no entienden (o entendemos) las vacaciones sin organizar una nueva aventura o viaje.\n<\/p>\n<p class=\"article-body__text \">\n        Dentro de esta \u00faltima variedad, tambi\u00e9n hay infinitas posibilidades. Hay quien busca viajes nacionales y quienes los prefieren de larga distancia; los que escogen el todo incluido en grandes hoteles y los que disfrutan comiendo en las calles mientras recorren grandes ciudades. Los viajes de aventura, gastron\u00f3micos o culturales. Y, por supuesto, una versi\u00f3n que yo he descubierto en los \u00faltimos a\u00f1os y que, aunque tiene sus inconvenientes, se ha impuesto al resto de modalidades: los viajes en familia.\n<\/p>\n<p class=\"article-body__text \">\n        Aunque entiendo perfectamente a las parejas que viajan solas dejando a su prole al cuidado de familiares; de momento no me siento preparada para \u2018renunciar\u2019 a su presencia ni durante un espacio tan prolongado, quiz\u00e1s porque a\u00fan es muy peque\u00f1o, ni en una circunstancia tan excepcional y enriquecedora como puede ser un viaje. Es verdad que viajar con ni\u00f1os tiene sus trastornos y molestias, pero para m\u00ed las ventajas y beneficios superan a las complicaciones y dificultades. Y con voluntad uno se adapta y consigue encontrar, incluso, esos momentos de intimidad entre c\u00f3nyuges.\n<\/p>\n<p class=\"article-body__text \">\n        Si hago un poco de memoria de mis \u00faltimos viajes, entre los mejores momentos no faltan an\u00e9cdotas con mi peque\u00f1o. Como aquel mes de agosto, con menos de un a\u00f1o, en el que gateaba por los maravillosos azulejos centenarios de los suelos de las diferentes estancias del Actual Alc\u00e1zar de Sevilla; el mes de octubre, v\u00edsperas de Todos Los Santos, cuando cantaba y bailaba That is Halloween, a\u00fan con \u2018lengua de trapo\u201d\u2019, a las puertas de la Sacra Bas\u00edlica del Salvador, en \u00dabeda; o su primera siesta y ba\u00f1o en la playa en la Cala de Las Mujeres, en Calnegre.\n<\/p>\n<p class=\"article-body__text \">\n        De este tiempo solo lamento que la pandemia por covid no nos haya permitido viajar m\u00e1s, pero ahora aguardo, con verdadera ansia, nuevos recuerdos en familia en cualquier parte del mundo que \u00e9l, alg\u00fan d\u00eda, tambi\u00e9n pueda apreciar y rememorar. Y es que los viajes, con ni\u00f1os, est\u00e1n llenos de fant\u00e1sticas y emocionantes primeras veces: todo un mundo por descubrir.\n<\/p>\n<\/p><\/div>\n\n<p><em> &#8221; Fuentes www.laopiniondemurcia.es &#8221; <\/em><\/p>\n","protected":false},"excerpt":{"rendered":"<p>Se acerca agosto y para algunos (que a\u00fan no las han disfrutado) este mes es sin\u00f3nimo de vacaciones. De un modo u otro, para este tiempo de tregua todos buscamos esos planes que nos aporten sosiego, desconexi\u00f3n y\/o ruptura con lo cotidiano. Hay quienes aprovechan estos d\u00edas para el regreso al pueblo y el reencuentro [&hellip;]<\/p>\n","protected":false},"author":4,"featured_media":358367,"comment_status":"open","ping_status":"closed","sticky":false,"template":"","format":"standard","meta":{"om_disable_all_campaigns":false,"jnews-multi-image_gallery":[],"jnews_single_post":[],"jnews_primary_category":[],"jnews_social_meta":[],"footnotes":""},"categories":[39],"tags":[5952,797],"class_list":["post-358366","post","type-post","status-publish","format-standard","has-post-thumbnail","hentry","category-viajes","tag-descubrir","tag-mundo"],"_links":{"self":[{"href":"https:\/\/dimensionturistica.com\/es\/wp-json\/wp\/v2\/posts\/358366","targetHints":{"allow":["GET"]}}],"collection":[{"href":"https:\/\/dimensionturistica.com\/es\/wp-json\/wp\/v2\/posts"}],"about":[{"href":"https:\/\/dimensionturistica.com\/es\/wp-json\/wp\/v2\/types\/post"}],"author":[{"embeddable":true,"href":"https:\/\/dimensionturistica.com\/es\/wp-json\/wp\/v2\/users\/4"}],"replies":[{"embeddable":true,"href":"https:\/\/dimensionturistica.com\/es\/wp-json\/wp\/v2\/comments?post=358366"}],"version-history":[{"count":0,"href":"https:\/\/dimensionturistica.com\/es\/wp-json\/wp\/v2\/posts\/358366\/revisions"}],"wp:featuredmedia":[{"embeddable":true,"href":"https:\/\/dimensionturistica.com\/es\/wp-json\/wp\/v2\/media\/358367"}],"wp:attachment":[{"href":"https:\/\/dimensionturistica.com\/es\/wp-json\/wp\/v2\/media?parent=358366"}],"wp:term":[{"taxonomy":"category","embeddable":true,"href":"https:\/\/dimensionturistica.com\/es\/wp-json\/wp\/v2\/categories?post=358366"},{"taxonomy":"post_tag","embeddable":true,"href":"https:\/\/dimensionturistica.com\/es\/wp-json\/wp\/v2\/tags?post=358366"}],"curies":[{"name":"wp","href":"https:\/\/api.w.org\/{rel}","templated":true}]}}