{"id":358182,"date":"2022-07-22T19:03:39","date_gmt":"2022-07-22T19:03:39","guid":{"rendered":"https:\/\/dimensionturistica.com\/es\/?p=358182"},"modified":"2022-07-22T19:03:39","modified_gmt":"2022-07-22T19:03:39","slug":"fin-de-semana-con-foods-trucks-muestra-de-comics-y-jornada-de-freestyle-en-almirante-brown-inforegion","status":"publish","type":"post","link":"https:\/\/dimensionturistica.com\/es\/fin-de-semana-con-foods-trucks-muestra-de-comics-y-jornada-de-freestyle-en-almirante-brown-inforegion\/","title":{"rendered":"Fin de semana con foods trucks, muestra de c\u00f3mics y jornada de freestyle en Almirante Brown \u2013 InfoRegi\u00f3n"},"content":{"rendered":"<p> <br \/>\n<\/p>\n<div id=\"\">\n<p><span>Se llevar\u00e1 a cabo este viernes, s\u00e1bado y domingo de 12 a 24. <\/span><\/p>\n<hr\/>\n<\/div>\n<div itemprop=\"articleBody\">\n<p>Este viernes, s\u00e1bado y domingo, las personas podr\u00e1n disfrutar de una gran cantidad de actividades para toda la familia que incluir\u00e1n la presencia de <strong>meals vehicles<\/strong> y <strong>muestra de c\u00f3mics e historietas<\/strong> en Adrogu\u00e9 y tambi\u00e9n <strong>jornadas de<\/strong> <strong>freestyle<\/strong> en Rafael Calzada.<\/p>\n<p>Las distintas actividades comenzaron este jueves y continuar\u00e1n el <strong>viernes, s\u00e1bado y domingo <\/strong>de <strong>12 a 24<\/strong>. En cuanto a los meals vehicles, los cuales cuentan con una gran variedad de propuestas gastron\u00f3micas, estar\u00e1n ubicados en la <strong>Plaza Brown de Adrogu\u00e9<\/strong>. <\/p>\n<p>Por otro lado, el domingo se llevar\u00e1 a cabo la \u201cPAF C\u00f3mics\u201d de <strong>11 a 18<\/strong>  en la Casa de la Cultura, situada en <strong>Esteban Adrogu\u00e9 1224<\/strong>, la que incluir\u00e1 una muestra con c\u00f3mics e historietas, reveals con canciones de dibujos animados, cine y collection. Adem\u00e1s, habr\u00e1 un concurso de dibujo, un paseo de compra con m\u00e1s de 50 artesanos y la presencia de m\u00e1s de 50 cosplayers. <\/p>\n<p>Desde el Instituto Municipal de las Culturas precisaron que tambi\u00e9n habr\u00e1 un <strong>espacio solidario<\/strong> del programa solidario municipal Causa Com\u00fan Brown en el que se podr\u00e1n<strong> donar juguetes o golosinas<\/strong>.<\/p>\n<p>Por \u00faltimo, tambi\u00e9n el domingo 24 se llevar\u00e1 adelante la tercera fecha de freestyle \u201cCircuito Brown\u201d en la <strong>estaci\u00f3n de<\/strong> <strong>Rafael Calzada<\/strong>. Las inscripciones iniciar\u00e1n a las<strong> 15.30<\/strong> y los filtros comenzar\u00e1n a las 16. Cabe destacar que los primeros tres puestos de la jornada clasificaron al Abierto de Freestyle de Almirante Brown.<\/p>\n<\/div>\n\n<p><em> \u2018 The preceding article may include information circulated by third parties \u2019 <\/em><\/p>\n<p><em> \u2018 Some details of this article were extracted from the following source www.inforegion.com.ar \u2019 <\/em><\/p>\n","protected":false},"excerpt":{"rendered":"<p>Se llevar\u00e1 a cabo este viernes, s\u00e1bado y domingo de 12 a 24. Este viernes, s\u00e1bado y domingo, las personas podr\u00e1n disfrutar de una gran cantidad de actividades para toda la familia que incluir\u00e1n la presencia de meals vehicles y muestra de c\u00f3mics e historietas en Adrogu\u00e9 y tambi\u00e9n jornadas de freestyle en Rafael Calzada. [&hellip;]<\/p>\n","protected":false},"author":2,"featured_media":358183,"comment_status":"open","ping_status":"closed","sticky":false,"template":"","format":"standard","meta":{"om_disable_all_campaigns":false,"jnews-multi-image_gallery":[],"jnews_single_post":[],"jnews_primary_category":[],"jnews_social_meta":[],"footnotes":""},"categories":[43],"tags":[],"class_list":["post-358182","post","type-post","status-publish","format-standard","has-post-thumbnail","hentry","category-gourmet"],"_links":{"self":[{"href":"https:\/\/dimensionturistica.com\/es\/wp-json\/wp\/v2\/posts\/358182","targetHints":{"allow":["GET"]}}],"collection":[{"href":"https:\/\/dimensionturistica.com\/es\/wp-json\/wp\/v2\/posts"}],"about":[{"href":"https:\/\/dimensionturistica.com\/es\/wp-json\/wp\/v2\/types\/post"}],"author":[{"embeddable":true,"href":"https:\/\/dimensionturistica.com\/es\/wp-json\/wp\/v2\/users\/2"}],"replies":[{"embeddable":true,"href":"https:\/\/dimensionturistica.com\/es\/wp-json\/wp\/v2\/comments?post=358182"}],"version-history":[{"count":0,"href":"https:\/\/dimensionturistica.com\/es\/wp-json\/wp\/v2\/posts\/358182\/revisions"}],"wp:featuredmedia":[{"embeddable":true,"href":"https:\/\/dimensionturistica.com\/es\/wp-json\/wp\/v2\/media\/358183"}],"wp:attachment":[{"href":"https:\/\/dimensionturistica.com\/es\/wp-json\/wp\/v2\/media?parent=358182"}],"wp:term":[{"taxonomy":"category","embeddable":true,"href":"https:\/\/dimensionturistica.com\/es\/wp-json\/wp\/v2\/categories?post=358182"},{"taxonomy":"post_tag","embeddable":true,"href":"https:\/\/dimensionturistica.com\/es\/wp-json\/wp\/v2\/tags?post=358182"}],"curies":[{"name":"wp","href":"https:\/\/api.w.org\/{rel}","templated":true}]}}