{"id":358056,"date":"2022-07-22T15:07:53","date_gmt":"2022-07-22T15:07:53","guid":{"rendered":"https:\/\/dimensionturistica.com\/es\/?p=358056"},"modified":"2022-07-22T15:07:53","modified_gmt":"2022-07-22T15:07:53","slug":"josep-roca-el-sumiller-mas-empatico-del-mundo","status":"publish","type":"post","link":"https:\/\/dimensionturistica.com\/es\/josep-roca-el-sumiller-mas-empatico-del-mundo\/","title":{"rendered":"Josep Roca, el sumiller m\u00e1s emp\u00e1tico del mundo"},"content":{"rendered":"<p> <br \/>\n<\/p>\n<div>\n<p data-gtm-element-container=\"modulo-texto-link\" class=\"paragraph\">Pocos premios le quedan por recibir a Josep Roca, que este lunes fue nombrado mejor sumiller del mundo durante la presentaci\u00f3n del\u00a0<a target=\"_blank\" href=\"https:\/\/www.lavanguardia.com\/comer\/al-dia\/20220718\/8416906\/mejores-restaurantes-mundo-2022.html\" title=\"Disfrutar es ahora el tercer mejor restaurante del mundo y Diverxo se sit\u00faa como el cuarto\" rel=\"noopener\">nuevo r\u00e1nking de The World&#8217;s 50 Best Restaurants<\/a>, un galard\u00f3n especial que la organizaci\u00f3n ha impulsado este a\u00f1o y que en su primera edici\u00f3n, como no pod\u00eda ser de otra manera, ha reconocido la trayectoria profesional del mediano de los hermanos del Celler de Can Roca.\u00a0<\/p>\n<p data-gtm-element-container=\"modulo-texto-link\" class=\"paragraph\">Cube el camarero de vinos de este restaurante, como \u00e9l mismo se outline, que le ha sorprendido la cantidad de gente que ha querido celebrar este reconocimiento con \u00e9l, ya que desde el lunes sus redes sociales han echado humo con felicitaciones y muestras de cari\u00f1o procedentes de todas las partes del mundo.\u00a0<\/p>\n<p><span class=\"content-ad-module  hidden-ad\"><\/p>\n<p><span class=\"content-ad visible-xs roba-container  hidden-ad\"><span class=\"ad-unit roba\"><\/p>\n<p>                <\/span><\/span><span class=\"content-ad visible-md irr-container  hidden-ad\"><span class=\"ad-unit irr\"><\/p>\n<p>                <\/span><\/span><span class=\"content-html\"><span class=\"intext-md hidden-xs hidden-md\" w-constraint=\"\"\/><\/span><\/span><\/p>\n<figure class=\"composite-image image-container \" data-gtm-element-container=\"button-gallery\"><picture><source media=\"(min-width: 638px)\" data-srcset=\"https:\/\/www.lavanguardia.com\/files\/content_image_desktop_filter\/uploads\/2022\/07\/22\/62daad32cd04e.jpeg\"><source media=\"(min-width: 480px)\" data-srcset=\"https:\/\/www.lavanguardia.com\/files\/content_image_intermediate_filter\/uploads\/2022\/07\/22\/62daad32cd04e.jpeg\"><img decoding=\"async\" data-full-src=\"https:\/\/www.lavanguardia.com\/uploads\/2022\/07\/22\/62daad32cd04e.jpeg\" alt=\"Josep Roca en la imagen con la que 50 Best anunci\u00f3 el nuevo reconomiento\" src=\"https:\/\/www.lavanguardia.com\/files\/content_image_mobile_filter\/uploads\/2022\/07\/22\/62daad32cd04e.jpeg\" class=\"lazy\"\/><\/source><\/source><\/picture><figcaption class=\"figure-caption\">\n<p class=\"caption-title \">Josep Roca en la imagen con la que 50 Finest anunci\u00f3 el nuevo reconomiento\u00a0<\/p>\n<p>                    <span class=\"caption-author \">50 Finest<\/span><\/p>\n<\/figcaption><\/figure>\n<p data-gtm-element-container=\"modulo-texto-link\" class=\"paragraph\">Que haya sido as\u00ed probablemente tiene mucho que ver con la capacidad de empatizar de este sumiller, para el que la hospitalidad es eso que ya te ha sido dado antes de que t\u00fa lo pidas. &#8220;Hay que saber escuchar, saber ponerte en el lugar del otro. Vivimos en una pandemia emocional y en los restaurantes la gente quiere ser cuidada antes que comer muy bien&#8221;, afirma.<\/p>\n<p data-gtm-element-container=\"modulo-texto-link\" class=\"paragraph\">Esa voluntad de tratar de ayudar al otro a reconectar con sus emociones -&#8220;el mundo tiene que ser para los sensibles&#8221;, dice-, tambi\u00e9n le ha forjardo una mirada sobre el mundo del vino muy specific. M\u00e1s que una mirada, podr\u00eda decirse que es casi ya una filosof\u00eda de vida a la que Roca no quiere renunciar. &#8220;El sumiller necesita gestionar el ego, tambi\u00e9n el suyo&#8221;, asegura, a\u00f1adiendo que a \u00e9l le gusta apoyarse en m\u00fasicas, im\u00e1genes o relatos para trasmitir sus mensajes porque considera que a veces el mundo del vino es demasiado emp\u00edrico y pragm\u00e1tico.\u00a0<\/p>\n<p><span class=\"content-ad-module  hidden-ad\"><\/p>\n<p><span class=\"content-ad visible-xs irr-container  hidden-ad\"><span class=\"ad-unit irr\"><\/p>\n<p>                <\/span><\/span><span class=\"content-html\"><span class=\"intext-xs hidden-xs hidden-md\" w-constraint=\"\"\/><\/span><\/span><span class=\"content-highlights \"><\/p>\n<p>    <span class=\"module-title-container\"><\/p>\n<h2 class=\"module-title\">El mundo tiene que ser para los sensibles<\/h2>\n<p><\/span><br \/>\n    <span class=\"author\"><br \/>\n                    <span><\/p>\n<p>        <span class=\"author-name\">Josep Roca\u00a0<\/span><span class=\"author-job\">Mejor sumiller del mundo\u00a0<\/span><\/span><br \/>\n    <\/span><br \/>\n<\/span><\/p>\n<p data-gtm-element-container=\"modulo-texto-link\" class=\"paragraph\">En las primeras p\u00e1ginas del libro que public\u00f3 hace ya algunos a\u00f1os junto a la psic\u00f3loga Imma Puig, <i>Tras las vi\u00f1as<\/i> (Debate), escribe que el vino se mueve entre el \u00e1rbol de la ciencia y el \u00e1rbol de la vida, entre lo terrenal y lo espiritual, otra de las cuestiones que le preocupan. &#8220;Estamos faltos de educaci\u00f3n espiritual. Nos han educado en una religi\u00f3n y no dedicamos tiempo a la consciencia, al ser y al esp\u00edritu&#8221;, se\u00f1ala, a\u00f1adiendo que aunque haya quienes no quieran verlo &#8220;somos consciencia vestida con velos de materia y espiritualidad&#8221;.\u00a0<\/p>\n<p data-gtm-element-container=\"modulo-texto-link\" class=\"paragraph\">El pasado fin de semana en Londres, antes de que se conociera su nuevo t\u00edtulo de mejor sumiller del mundo, Roca volvi\u00f3 a seducir y emocionar durante una cata muy especial que acogi\u00f3 50 Finest Talks en la que quiso mostrar c\u00f3mo los vinos tambi\u00e9n pueden transmitir fuego, vida y dolor. A trav\u00e9s de cada uno de los que eligi\u00f3, trat\u00f3 de transmitir algunas de sus inquietudes vitales: la necesidad de un cambio en una sociedad desnutrida de emociones, el ecofeminismo y el regreso\u00a0 a una cultura m\u00e1s matriarcal, o esa lucha que cada vez m\u00e1s activa por ser\u00a0 sostenibles y biodiversos para no acabar atropellados por el cambio clim\u00e1tico.\u00a0 &#8220;Yo con el vino soy como un periodista, intento contar lo que est\u00e1 pasando. Y desde 2003 hay un cambio de paradigma&#8221;, cube.\u00a0<\/p>\n<p><span class=\"content-ad-module  hidden-ad\"><\/p>\n<p><span class=\"content-ad visible-xs roba-container  hidden-ad\"><span class=\"ad-unit roba\"><\/p>\n<p>                <\/span><\/span><\/span><\/p>\n<figure class=\"composite-image image-container \" data-gtm-element-container=\"button-gallery\"><picture><source media=\"(min-width: 638px)\" data-srcset=\"https:\/\/www.lavanguardia.com\/files\/content_image_desktop_filter\/uploads\/2022\/07\/22\/62daac962401b.jpeg\"><source media=\"(min-width: 480px)\" data-srcset=\"https:\/\/www.lavanguardia.com\/files\/content_image_intermediate_filter\/uploads\/2022\/07\/22\/62daac962401b.jpeg\"><img decoding=\"async\" data-full-src=\"https:\/\/www.lavanguardia.com\/uploads\/2022\/07\/22\/62daac962401b.jpeg\" alt=\"Los Roca en la gala que The World's 50 Best Restaurants celebr\u00f3 en Bilbao en 2018\" src=\"https:\/\/www.lavanguardia.com\/files\/content_image_mobile_filter\/uploads\/2022\/07\/22\/62daac962401b.jpeg\" class=\"lazy\"\/><\/source><\/source><\/picture><figcaption class=\"figure-caption\">\n<p class=\"caption-title \">Los Roca en la gala que The World&#8217;s 50 Finest Eating places celebr\u00f3 en Bilbao en 2018\u00a0<\/p>\n<p>                    <span class=\"caption-author \">50 Finest<\/span><\/p>\n<\/figcaption><\/figure>\n<p data-gtm-element-container=\"modulo-texto-link\" class=\"paragraph\">Sobre el premio que acaba de recibir, cree que es un cierre del c\u00edrculo con The World&#8217;s 50 Finest Eating places, ya que el Celler de Can Roca lleva 15 a\u00f1os obteniendo\u00a0 galardones de esta organizaci\u00f3n: si en 2013 y 2015 coronaron el podio del r\u00e1nking (ahora forman parte de la clasificaci\u00f3n especial &#8216;Better of the Finest, a donde pasan los restaurantes que ya han sido n\u00famero 1), en 2016 su hermano Jordi fue nombrado mejor repostero del mundo y en 2017 el mayor, Joan, mejor cocinero. En 2016 tambi\u00e9n fueron reconocidos por su labor en hospitalidad.\u00a0<\/p>\n<p data-gtm-element-container=\"modulo-texto-link\" class=\"paragraph\">&#8220;A partir de aqu\u00ed tenemos que seguir aprendiendo, trazando un nuevo camino para el que ser\u00e1 el Celler de Can Roca de los pr\u00f3ximos 15 a\u00f1os&#8221;, explica, se\u00f1alando que en las cocinas del restaurante el liderazgo ya comienza a recaer en Jordi Roca, quien adem\u00e1s de llevar la cocina dulce ahora tambi\u00e9n est\u00e1 involucrado en la creaci\u00f3n de los platos salados. Esta semana se ha develado que los Roca se har\u00e1n cargo de la gesti\u00f3n de la Fortalesa de Sant Juli\u00e0 de Ramis (Girona),\u00a0 que pasar\u00e1 a llamarse Roca Sant Juli\u00e0, y que comprender\u00e1 un resort, un restaurante, sobre cuya propuesta en breve dar\u00e1n detalles y un centro expositivo.\u00a0<\/p>\n<p><span class=\"content-ad-module  hidden-ad\"><\/p>\n<p><span class=\"content-ad visible-xs roba-container  hidden-ad\"><span class=\"ad-unit roba\"><\/p>\n<p>                <\/span><\/span><\/span><span class=\"content-ad-module  hidden-ad\"><\/p>\n<p><span class=\"content-ad visible-xs roba-container  hidden-ad\"><span class=\"ad-unit roba\"><\/p>\n<p>                <\/span><\/span><\/span>\n<\/div>\n<p><script type=\"script\/gg\">\n  gg.didomi.doWhenConsent(!window.didomiBypass, 'c:facebooka-frU9M5JY', function () {\n  !function(f,b,e,v,n,t,s)\n  {if(f.fbq)return;n=f.fbq=function()\n  {n.callMethod? n.callMethod.apply(n,arguments):n.queue.push(arguments)};\n  if(!f._fbq)f._fbq=n;n.push=n;n.loaded=!0;n.version='2.0';\n  n.queue=[];t=b.createElement(e);t.async=!0;\n  t.src=v;s=b.getElementsByTagName(e)[0];\n  s.parentNode.insertBefore(t,s)}(window, document,'script',\n  'https:\/\/connect.facebook.net\/en_US\/fbevents.js');\n  fbq('init', '316167066837274');\n  fbq('track', 'PageView');\n  });\n<\/script><br \/>\n<br \/><\/p>\n<p><em> \u2018 The preceding article may include information circulated by third parties \u2019 <\/em><\/p>\n<p><em> \u2018 Some details of this article were extracted from the following source www.lavanguardia.com \u2019 <\/em><\/p>\n","protected":false},"excerpt":{"rendered":"<p>Pocos premios le quedan por recibir a Josep Roca, que este lunes fue nombrado mejor sumiller del mundo durante la presentaci\u00f3n del\u00a0nuevo r\u00e1nking de The World&#8217;s 50 Best Restaurants, un galard\u00f3n especial que la organizaci\u00f3n ha impulsado este a\u00f1o y que en su primera edici\u00f3n, como no pod\u00eda ser de otra manera, ha reconocido la [&hellip;]<\/p>\n","protected":false},"author":2,"featured_media":358057,"comment_status":"open","ping_status":"closed","sticky":false,"template":"","format":"standard","meta":{"om_disable_all_campaigns":false,"jnews-multi-image_gallery":[],"jnews_single_post":[],"jnews_primary_category":[],"jnews_social_meta":[],"footnotes":""},"categories":[43],"tags":[],"class_list":["post-358056","post","type-post","status-publish","format-standard","has-post-thumbnail","hentry","category-gourmet"],"_links":{"self":[{"href":"https:\/\/dimensionturistica.com\/es\/wp-json\/wp\/v2\/posts\/358056","targetHints":{"allow":["GET"]}}],"collection":[{"href":"https:\/\/dimensionturistica.com\/es\/wp-json\/wp\/v2\/posts"}],"about":[{"href":"https:\/\/dimensionturistica.com\/es\/wp-json\/wp\/v2\/types\/post"}],"author":[{"embeddable":true,"href":"https:\/\/dimensionturistica.com\/es\/wp-json\/wp\/v2\/users\/2"}],"replies":[{"embeddable":true,"href":"https:\/\/dimensionturistica.com\/es\/wp-json\/wp\/v2\/comments?post=358056"}],"version-history":[{"count":0,"href":"https:\/\/dimensionturistica.com\/es\/wp-json\/wp\/v2\/posts\/358056\/revisions"}],"wp:featuredmedia":[{"embeddable":true,"href":"https:\/\/dimensionturistica.com\/es\/wp-json\/wp\/v2\/media\/358057"}],"wp:attachment":[{"href":"https:\/\/dimensionturistica.com\/es\/wp-json\/wp\/v2\/media?parent=358056"}],"wp:term":[{"taxonomy":"category","embeddable":true,"href":"https:\/\/dimensionturistica.com\/es\/wp-json\/wp\/v2\/categories?post=358056"},{"taxonomy":"post_tag","embeddable":true,"href":"https:\/\/dimensionturistica.com\/es\/wp-json\/wp\/v2\/tags?post=358056"}],"curies":[{"name":"wp","href":"https:\/\/api.w.org\/{rel}","templated":true}]}}