{"id":357960,"date":"2022-07-22T11:32:32","date_gmt":"2022-07-22T11:32:32","guid":{"rendered":"https:\/\/dimensionturistica.com\/es\/?p=357960"},"modified":"2022-07-22T11:32:33","modified_gmt":"2022-07-22T11:32:33","slug":"ebro-foods-alerta-de-que-la-inflacion-se-recrudece-y-le-costara-234-millones-este-ano","status":"publish","type":"post","link":"https:\/\/dimensionturistica.com\/es\/ebro-foods-alerta-de-que-la-inflacion-se-recrudece-y-le-costara-234-millones-este-ano\/","title":{"rendered":"Ebro Foods alerta de que la inflaci\u00f3n se recrudece y le costar\u00e1 234 millones este a\u00f1o"},"content":{"rendered":"<p> <br \/>\n<\/p>\n<div>\n<p>Ebro Meals, el gigante alimentario propietario de marcas de arroz como SOS o Brillante, alcanz\u00f3 un importe neto de la cifra de negocio de 725,8 millones, un 23,9% m\u00e1s que en el primer trimestre de 2021, &#8220;impulsado por el buen comportamiento de los <a target=\"_blank\" href=\"https:\/\/www.eleconomista.es\/mercados-cotizaciones\/noticias\/11507635\/12\/21\/El-Gordo-de-Navidad-de-Ebro-Foods-alcanza-una-rentabilidad-del-34.html\" rel=\"noopener\">productos de alto valor a\u00f1adido<\/a> y una cadena de suministro s\u00f3lida y bien diversificada&#8221;, seg\u00fan la compa\u00f1\u00eda.<\/p>\n<p>La empresa destaca que la inflaci\u00f3n, lejos de aminorarse respecto al 2021, se ha recrudecido por los nuevos desaf\u00edos surgidos tras la invasi\u00f3n rusa de Ucrania.Y aunque  no tiene ning\u00fan tipo de actividad en la regi\u00f3n, la empresa admite que <b>&#8220;los efectos colaterales est\u00e1n siendo muy importantes y estamos incurriendo en sobrecostes extraordinarios <\/b>como consecuencia dnuevas olas de inflaci\u00f3n en materias primas y auxiliares, transporte, energ\u00eda y costes laborales, y la huelga de transporte en Espa\u00f1a por el encarecimiento del combustible&#8221;. <\/p>\n<h2>Inflaci\u00f3n de costes<\/h2>\n<p>Ebro mantiene que &#8220;nuestra \u00faltima valoraci\u00f3n sit\u00faa la inflaci\u00f3n de costes para este ejercicio en 234,4 millones, que se unen a la inflaci\u00f3n ya soportada durante 2020 y 2021&#8221;.<\/p>\n<p>En el primer trimestre, el beneficio neto se ha reducido un 21,4%, hasta 41,5 millones, frente a los 52,8 millones de los tres primeros meses del ejercicio anterior, ya que este importe inclu\u00eda el ingreso extraordinario de la venta de los negocios de pasta seca en Norteam\u00e9rica. Si excluimos de la comparativa la contribuci\u00f3n de los negocios vendidos en 2021 (Panzani, Catelli y negocio de pasta seca estadounidense), el beneficio crecer\u00eda un 14,5%. La deuda neta se sit\u00faa asimismo en 555,1 millones, 50 millones m\u00e1s que a cierre del ejercicio 2021. <\/p>\n<p>Ebro explica que &#8220;<b>la situaci\u00f3n clim\u00e1tica en Espa\u00f1a y otros pa\u00edses est\u00e1 provocando un mercado de precios fuertes ante las perspectivas de reducci\u00f3n de la superficie cultivada <\/b>de arroz, siembras anticipadas inferiores y factores de competencia con otros cereales&#8221;. Ante esta compleja situaci\u00f3n, &#8220;hemos aprovechado nuestra diversificada estructura de aprovisionamiento global para realizar importantes compras, en las que hemos tenido que asumir tambi\u00e9n el alt\u00edsimo coste los fletes mar\u00edtimos&#8221;.<\/p>\n<p>En lo que respecta a las marcas, han evolucionado favorablemente en ambos negocios (europeo y norteamericano), siendo especialmente rese\u00f1able el crecimiento a doble d\u00edgito de Riviana, impulsado las inversiones industriales realizadas en los \u00faltimos a\u00f1os. <\/p>\n<p>En Europa, el comienzo de la actividad de la macroplanta de La Rinconada y la mejora de productividad en las plantas de Tilda, entre otras, han sido determinantes tambi\u00e9n para el incremento de ventas de la Divisi\u00f3n y la contribuci\u00f3n al ebitda  consolidado.<\/p>\n<h2>El trigo, por las nubes<\/h2>\n<p>En lo que respecta a las materias primas en el negocio de la pasta, tras la reducci\u00f3n del 50% de la cosecha en Norteam\u00e9rica en la anterior campa\u00f1a, esta \u00e1rea tambi\u00e9n ha tenido que afrontar una<a target=\"_blank\" href=\"https:\/\/www.eleconomista.es\/mercados-cotizaciones\/noticias\/11728451\/04\/22\/Edmond-de-Rothschild-que-los-resultados-no-tapen-a-Ucrania-las-bolsas-se-pueden-dejar-un-15-mas.html\" rel=\"noopener\"> importante subida de precios del trigo duro<\/a>, que afecta fundamentalmente al negocio de Garofalo. <\/p>\n<p>En Francia el negocio de pasta fresca tambi\u00e9n se ha visto afectado por la fuerte subida de las materias primas (semolina, huevos, carne, and so on.), energ\u00eda y materiales de embalaje, la huelga en las plantas de la sociedad Lustucru Frais y la ausencia de promociones durante el per\u00edodo.<\/p>\n<p>&#8220;Con todo, hemos logrado unos positivos resultados gracias a la solidez de nuestras marcas, una cadena de suministro fuerte y bien diversificada y la consistencia empresarial del grupo. Confiamos en estas fortalezas para poder afrontar con cierta garant\u00eda este escenario de complejidad&#8221;, cube Ebro.<\/p>\n<div class=\"Article__socialShareContent text-center d-flex justify-content-center align-items-center\">\n<span class=\"d-none\">comentarios<\/span><a target=\"_blank\" href=\"#1648118541665_forum\" onclick=\"jQuery('#not_11738615 .articleZone_Footer').show();window.dataLayer.push({'event': 'event', 'eventoCategoria': 'noticia','eventoAccion': 'boton-flotante-comentarios','eventoEtiqueta': 'Ir a comentar'});\" rel=\"noopener\"><svg xmlns=\"http:\/\/www.w3.org\/2000\/svg\" height=\"34px\" viewbox=\"0 0 24 24\" width=\"34px\" fill=\"currentColor\" style=\"vertical-align: middle;\"><path d=\"M0 0h24v24H0z\" fill=\"none\"\/><path d=\"M21 6h-2v9H6v2c0 .55.45 1 1 1h11l4 4V7c0-.55-.45-1-1-1zm-4 6V3c0-.55-.45-1-1-1H3c-.55 0-1 .45-1 1v14l4-4h10c.55 0 1-.45 1-1z\"\/><\/svg><span class=\"badge badge-danger\">0<\/span><\/a><span class=\"d-none\">WhatsApp<\/span><a target=\"_blank\" href=\"https:\/\/api.whatsapp.com\/send?text=https:\/\/www.eleconomista.es\/retail\/noticias\/11738615\/04\/22\/Ebro-Foods-alerta-de-que-la-inflacion-se-recrudece-y-le-costara-234-millones-este-ano.html?utm_source%3Dwhatsapp%26utm_medium%3Dshare_button&amp;id=1648118629957_whatsapp\" data-action=\"share\/whatsapp\/share\" rel=\"noopener\"><img decoding=\"async\" style=\"vertical-align:middle;\" onclick=\"window.dataLayer.push({'event': 'event', 'eventoCategoria': 'noticia','eventoAccion': 'boton-flotante-whatsapp','eventoEtiqueta': 'Compartir en Whatsapp'});\" src=\"https:\/\/s03.s3c.es\/imag3\/iconos\/svg\/whatsAppGreen.svg\" width=\"33px\" height=\"33px\" alt=\"WhatsApp\"\/><\/a><span class=\"d-none\">Fb<\/span><a target=\"_blank\" onclick=\"return abrirFacebook();\" href=\"#1648118806784_facebook\" rel=\"noopener\"><img decoding=\"async\" style=\"vertical-align:middle;\" onclick=\"window.dataLayer.push({'event': 'event', 'eventoCategoria': 'noticia','eventoAccion': 'boton-flotante-facebook','eventoEtiqueta': 'Compartir en Facebook'});\" src=\"https:\/\/s03.s3c.es\/imag3\/iconos\/svg\/facebookBlue.svg\" width=\"22px\" height=\"34.05px\" alt=\"Facebook\"\/><\/a><span class=\"d-none\">Twitter<\/span><a target=\"_blank\" href=\"https:\/\/twitter.com\/share?text=Ebro+Foods+alerta+de+que+la+inflaci%C3%B3n+se+recrudece+y+le+costar%C3%A1+234+millones+este+a%C3%B1o&amp;url=https:\/\/www.eleconomista.es\/retail\/noticias\/11738615\/04\/22\/Ebro-Foods-alerta-de-que-la-inflacion-se-recrudece-y-le-costara-234-millones-este-ano.html&amp;via=elEconomistaes&amp;id=1648118839245_twitter\" rel=\"noopener\"><img decoding=\"async\" style=\"vertical-align:middle;\" onclick=\"window.dataLayer.push({'event': 'event', 'eventoCategoria': 'noticia','eventoAccion': 'boton-flotante-twitter','eventoEtiqueta': 'Compartir en Twitter'});\" src=\"https:\/\/s03.s3c.es\/imag3\/iconos\/svg\/twitterBlue.svg\" width=\"33px\" height=\"33px\" alt=\"Twitter\"\/><\/a><span class=\"d-none\">Linkedin<\/span><a target=\"_blank\" onclick=\"return abrirLinkedin();\" href=\"#1648118858235_linkedin\" rel=\"noopener\"><img decoding=\"async\" style=\"vertical-align:middle;\" onclick=\"window.dataLayer.push({'event': 'event', 'eventoCategoria': 'noticia','eventoAccion': 'boton-flotante-linkedin','eventoEtiqueta': 'Compartir en Linkedin'});\" src=\"https:\/\/s03.s3c.es\/imag3\/iconos\/svg\/linkedinBlue.svg\" width=\"33px\" height=\"33px\" alt=\"linkedin\"\/><\/a>\n<\/div>\n<\/div>\n<p><script async src=\"\/\/platform.twitter.com\/widgets.js\" charset=\"utf-8\"><\/script><script>\n  !function(f,b,e,v,n,t,s)\n  {if(f.fbq)return;n=f.fbq=function(){n.callMethod?\n  n.callMethod.apply(n,arguments):n.queue.push(arguments)};\n  if(!f._fbq)f._fbq=n;n.push=n;n.loaded=!0;n.version='2.0';\n  n.queue=[];t=b.createElement(e);t.async=!0;\n  t.src=v;s=b.getElementsByTagName(e)[0];\n  s.parentNode.insertBefore(t,s)}(window, document,'script',\n  'https:\/\/connect.facebook.net\/en_US\/fbevents.js');\n  fbq('init', '113015305983050');\n  fbq('track', 'PageView');\n<\/script><br \/>\n<br \/><\/p>\n<p><em> \u2018 The preceding article may include information circulated by third parties \u2019 <\/em><\/p>\n<p><em> \u2018 Some details of this article were extracted from the following source www.eleconomista.es \u2019 <\/em><\/p>\n","protected":false},"excerpt":{"rendered":"<p>Ebro Meals, el gigante alimentario propietario de marcas de arroz como SOS o Brillante, alcanz\u00f3 un importe neto de la cifra de negocio de 725,8 millones, un 23,9% m\u00e1s que en el primer trimestre de 2021, &#8220;impulsado por el buen comportamiento de los productos de alto valor a\u00f1adido y una cadena de suministro s\u00f3lida y [&hellip;]<\/p>\n","protected":false},"author":2,"featured_media":357961,"comment_status":"open","ping_status":"closed","sticky":false,"template":"","format":"standard","meta":{"om_disable_all_campaigns":false,"jnews-multi-image_gallery":[],"jnews_single_post":[],"jnews_primary_category":[],"jnews_social_meta":[],"footnotes":""},"categories":[43],"tags":[],"class_list":["post-357960","post","type-post","status-publish","format-standard","has-post-thumbnail","hentry","category-gourmet"],"_links":{"self":[{"href":"https:\/\/dimensionturistica.com\/es\/wp-json\/wp\/v2\/posts\/357960","targetHints":{"allow":["GET"]}}],"collection":[{"href":"https:\/\/dimensionturistica.com\/es\/wp-json\/wp\/v2\/posts"}],"about":[{"href":"https:\/\/dimensionturistica.com\/es\/wp-json\/wp\/v2\/types\/post"}],"author":[{"embeddable":true,"href":"https:\/\/dimensionturistica.com\/es\/wp-json\/wp\/v2\/users\/2"}],"replies":[{"embeddable":true,"href":"https:\/\/dimensionturistica.com\/es\/wp-json\/wp\/v2\/comments?post=357960"}],"version-history":[{"count":0,"href":"https:\/\/dimensionturistica.com\/es\/wp-json\/wp\/v2\/posts\/357960\/revisions"}],"wp:featuredmedia":[{"embeddable":true,"href":"https:\/\/dimensionturistica.com\/es\/wp-json\/wp\/v2\/media\/357961"}],"wp:attachment":[{"href":"https:\/\/dimensionturistica.com\/es\/wp-json\/wp\/v2\/media?parent=357960"}],"wp:term":[{"taxonomy":"category","embeddable":true,"href":"https:\/\/dimensionturistica.com\/es\/wp-json\/wp\/v2\/categories?post=357960"},{"taxonomy":"post_tag","embeddable":true,"href":"https:\/\/dimensionturistica.com\/es\/wp-json\/wp\/v2\/tags?post=357960"}],"curies":[{"name":"wp","href":"https:\/\/api.w.org\/{rel}","templated":true}]}}