{"id":357637,"date":"2022-07-21T21:33:33","date_gmt":"2022-07-21T21:33:33","guid":{"rendered":"https:\/\/dimensionturistica.com\/es\/?p=357637"},"modified":"2022-07-21T21:33:34","modified_gmt":"2022-07-21T21:33:34","slug":"les-roches-marbella-esta-de-aniversario-mas-de-dos-decadas-formando-a-los-lideres-del-sector","status":"publish","type":"post","link":"https:\/\/dimensionturistica.com\/es\/les-roches-marbella-esta-de-aniversario-mas-de-dos-decadas-formando-a-los-lideres-del-sector\/","title":{"rendered":"Les Roches Marbella est\u00e1 de aniversario: m\u00e1s de dos d\u00e9cadas formando a los l\u00edderes del sector"},"content":{"rendered":"<p> <br \/>\n<\/p>\n<div data-voc-share-selection=\"\"><!-- AUTHOR --><\/p>\n<div class=\"voc-author-timesocial \"><!-- AUTHOR --><\/p>\n<div class=\"voc-author-timesocial__signature\"><!-- INFO AUTHOR --><\/p>\n<div class=\"voc-author-timesocial__info\">\n<p><time datetime=\"2022-07-21T15:22:51Z\"><br \/>\n                                                                    Jueves, 21 julio 2022, 17:22<br \/>\n                                    <\/time><\/p>\n<\/div>\n<\/div>\n<\/div>\n<p><!-- COMPONENTS --><\/p>\n<p class=\"voc-paragraph\">Fundada a principios de la segunda mitad del siglo XX en Suiza, Les Roches inaugur\u00f3 su campus de Marbella en 1995. Dos a\u00f1os m\u00e1s tarde, se celebraba la graduaci\u00f3n de la primera generaci\u00f3n de alumnos, con un complete de 11 estudiantes de los 62 que cursaban sus estudios en el campus marbell\u00ed.\n<\/p>\n<p class=\"voc-paragraph\">Durante esta \u00faltima d\u00e9cada, la formaci\u00f3n en direcci\u00f3n hotelera se ha posicionado en el foco del turismo en Espa\u00f1a gracias a instituciones como Les Roches, la Organizaci\u00f3n Mundial del Turismo, y grandes marcas hoteleras y de lujo. Hoy, la profesionalizaci\u00f3n de cualquier equipo dentro del sector est\u00e1 directamente relacionada con el crecimiento y el \u00e9xito de un negocio.\n<\/p>\n<p class=\"voc-paragraph\">De hecho, para el pr\u00f3ximo semestre, Les Roches batir\u00e1 r\u00e9cord de nuevos matriculados. Los expertos entienden que es el momento de apostar por una industria potente, que dirija el desarrollo del talento hacia nuestro pa\u00eds, apoy\u00e1ndose en los protagonistas del salto generacional que ser\u00e1n los responsables de afianzar la marca tur\u00edstica Espa\u00f1a.\n<\/p>\n<div class=\"voc-detail__cmp\">\n<div class=\"voc-article-container\">\n<article class=\"voc-article voc-article--cmp-photo-text\">\n<div class=\"voc-img-container\"><picture>\n<div class=\"voc-horizontal voc-img-icon-link\"><img class=\"lazy\" loading=\"lazy\" data-original=\"\/\/static1.diariosur.es\/www\/multimedia\/202207\/21\/media\/cortadas\/PM_0033-kYDE-U170787602877ZKB-624x385@Diario%20Sur.jpg\" alt=\"\"\/><\/div>\n<\/picture><\/div>\n<\/article>\n<\/div>\n<\/div>\n<p class=\"voc-paragraph\">Les Roches ha conseguido implantar un sello propio y de calidad que traspasa fronteras. Actualmente, se encuentra entre las cinco mejores instituciones de direcci\u00f3n y gesti\u00f3n de hoteler\u00eda del mundo. La inserci\u00f3n laboral casi plena de sus alumnos ha posicionado a la escuela en lo m\u00e1s alto de la formaci\u00f3n hotelera. Hoteles como 4 Seasons, Mandarin Oriental, pero tambi\u00e9n otras marcas como Apple, Louis Vuitton, Cartier o bancos de inversi\u00f3n, se acercan hasta el campus para reclutar empleados entre los alumnos. En definitiva, empresas que buscan profesionales que sepan proporcionar servicios desde la excelencia.\n<\/p>\n<p class=\"voc-paragraph\">Ubicada en el pleno coraz\u00f3n de la Costa del Sol, la escuela, se distingue por su modelo \u00fanico de ense\u00f1anza, que combina los conocimientos acad\u00e9micos del sistema norteamericano con el modelo experiencial suizo en un entorno multicultural. Alumnos de hasta 100 nacionalidades distintas conviven en unas instalaciones punteras que facilitan una inmersi\u00f3n directa a trav\u00e9s de la disciplina, la rigurosidad, la transformaci\u00f3n interna de las personas, el emprendimiento y la innovaci\u00f3n. Como afirma Carlos D\u00edez de la Lastra, CEO de Les Roches: \u00abSi algo nos diferencia del resto y nos da valor, es que transformamos a las personas desde que entran por la puerta para que sepan gestionar a otras de manera excepcional. El cuidado, el estilo de vida y el saber hacer, es nuestro know-how. Creamos nuevas personas preocupadas por las dem\u00e1s\u00bb.\n<\/p>\n<div class=\"voc-detail__cmp\">\n<div class=\"voc-article-container\">\n<article class=\"voc-article voc-article--cmp-photo-text\">\n<div class=\"voc-img-container\"><picture>\n<div class=\"voc-horizontal voc-img-icon-link\"><img class=\"lazy\" loading=\"lazy\" data-original=\"\/\/static2.diariosur.es\/www\/multimedia\/202207\/21\/media\/cortadas\/REF_0190-kYDE-U1707876028770rE-624x385@Diario%20Sur.jpg\" alt=\"\"\/><\/div>\n<\/picture><\/div>\n<\/article>\n<\/div>\n<\/div>\n<p class=\"voc-paragraph\">Bajo este paraguas, Les Roches ofrece una variedad de programas al servicio de las \u00faltimas demandas del mercado. Por ejemplo, su<br \/>\n<a rel=\"nofollow noopener\" target=\"_blank\" data-voc-vtm-id=\"in-text-traffic\" href=\"https:\/\/lesroches.edu\/es\/programas\/titulo-universitario-bba-en-direccion-hotelera-global-y-empresas-turisticas\/\" title=\"lesroches.edu\">T\u00edtulo BBA en Direcci\u00f3n Hotelera Global y Empresas Tur\u00edsticas<\/a>, cuenta con especializaciones como \u00abEmprendimiento en el sector hotelero\u00bb, \u00abEstrategias de Advertising Digital\u00bb o \u00abProyectos y Pr\u00e1cticas Sostenibles\u00bb. M\u00e1s all\u00e1 de este grado, cuenta con el<br \/>\n<a rel=\"nofollow noopener\" target=\"_blank\" data-voc-vtm-id=\"in-text-traffic\" href=\"https:\/\/lesroches.edu\/es\/programas\/master-en-direccion-hotelera-internacional\/\" title=\"lesroches.edu\">M\u00e1ster en Direcci\u00f3n Hotelera Internacional<\/a>, el<br \/>\n<a rel=\"nofollow noopener\" target=\"_blank\" data-voc-vtm-id=\"in-text-traffic\" href=\"https:\/\/lesroches.edu\/es\/programas\/master-en-direccion-de-marketing-para-el-turismo-de-lujo\/\" title=\"lesroches.edu\">M\u00e1ster en Direcci\u00f3n de M\u00e1rketing para el Turismo de Lujo<\/a>, el<br \/>\n<a rel=\"nofollow noopener\" target=\"_blank\" data-voc-vtm-id=\"in-text-traffic\" href=\"https:\/\/lesroches.edu\/es\/programas\/diploma-de-postgrado-en-hospitality-management\/\" title=\"lesroches.edu\">Diploma de Postgrado en Hospitality Management<\/a>, entre otros. Y, programas como el<br \/>\n<a rel=\"nofollow noopener\" target=\"_blank\" data-voc-vtm-id=\"in-text-traffic\" href=\"https:\/\/lesroches.edu\/es\/programas\/pdd-master-executive-en-direccion-hotelera-internacional\/\" title=\"lesroches.edu\">Master Executive en Direcci\u00f3n Hotelera Internacional<\/a> para profesionales en activo que quieran relanzar su carrera en un sector de continua evoluci\u00f3n como es el tur\u00edstico.\n<\/p>\n<p class=\"voc-paragraph\">Una sola mirada al mercado laboral desvela que el 2022 es el a\u00f1o de la recuperaci\u00f3n. El peso del turismo en el PIB en Espa\u00f1a es incuestionable. Hasta el estallido de la pandemia, period la actividad que m\u00e1s riqueza generaba en todo el pa\u00eds. Los hoteleros, por su parte, demandan private cualificado para que el sector siga creciendo. Adem\u00e1s, de acuerdo con un estudio realizado por la consultora Bain &amp; Firm, en Europa el turismo de lujo mueve actualmente cerca de 170.000 millones de euros anuales, y se prev\u00e9 que la cifra se triplique en la siguiente d\u00e9cada. Estas cifras confirman que estamos ante una de las industrias m\u00e1s potentes del mundo, donde, las posibilidades de desarrollar una carrera profesional de \u00e9xito son enormes.\n<\/p>\n<p class=\"voc-paragraph\">Los graduados de Les Roches, antes de la disaster sanitaria, recib\u00edan una media de 5 ofertas laborales. En la actualidad, este dato ha incrementado, demanda que confirma la necesidad de talento formado, motivado, inclined a los cambios, con mentalidad emprendedora e innovadora, visi\u00f3n estrat\u00e9gica y enfoques globales.\n<\/p>\n<div class=\"voc-detail__cmp\">\n<div class=\"voc-article-container\">\n<article class=\"voc-article voc-article--cmp-photo-text\">\n<div class=\"voc-img-container\"><picture>\n<div class=\"voc-horizontal voc-img-icon-link\"><img class=\"lazy\" loading=\"lazy\" data-original=\"\/\/static2.diariosur.es\/www\/multimedia\/202207\/21\/media\/cortadas\/PM_0020-kYDE-U170787602877WqF-624x385@Diario%20Sur.jpg\" alt=\"\"\/><\/div>\n<\/picture><\/div>\n<\/article>\n<\/div>\n<\/div>\n<p class=\"voc-paragraph\"><strong>Celebraci\u00f3n 25 a\u00f1os de la primera graduaci\u00f3n<\/strong><\/p>\n<p class=\"voc-paragraph\">Con motivo del 25 aniversario de su primera graduaci\u00f3n, Les Roches Marbella reuni\u00f3 la semana pasada a la \u00faltima promoci\u00f3n de alumnos; representantes de 66 pa\u00edses, que se han integrado a una pink formada por cerca de 5.000 miembros. J\u00f3venes que, tras acabar sus estudios, se hicieron r\u00e1pidamente un hueco en la industria hasta convertirse en los directivos en los mejores destinos del mundo, los ejecutivos que encabezan la renovaci\u00f3n en el servicio al cliente de las grandes firmas de moda o belleza, o los que implantan nuevos modelos de negocio asentados en la innovaci\u00f3n. Hasta un 33% son emprendedores.\n<\/p>\n<p class=\"voc-paragraph\">Una ceremonia que cont\u00f3 con un invitado de lujo, Alain Ducasse, chef destacado en el mundo gastron\u00f3mico y fundador de \u00c9cole Ducasse, que forma parte del mismo grupo que Les Roches, Sommet Schooling. Ducasse avala la importancia del issue humano en la industria tur\u00edstica: \u00abNuestro sector est\u00e1 en constante cambio y nuestros clientes exigen asiduamente algo nuevo. As\u00ed que tenemos que ser conscientes de c\u00f3mo cambia el mundo y tener siempre la agilidad de innovar. Y, en un sector de servicios como el nuestro, el issue humano marca la diferencia. Es el que proporcionar\u00e1 la calidad del servicio al cliente, y la clave de la innovaci\u00f3n\u00bb.\n<\/p>\n<p><!-- TOPICS --><!-- TENDENCIAS --><\/div>\n\n<p><em> &#8221; Fuentes www.diariosur.es &#8221; <\/em><\/p>\n","protected":false},"excerpt":{"rendered":"<p>Jueves, 21 julio 2022, 17:22 Fundada a principios de la segunda mitad del siglo XX en Suiza, Les Roches inaugur\u00f3 su campus de Marbella en 1995. Dos a\u00f1os m\u00e1s tarde, se celebraba la graduaci\u00f3n de la primera generaci\u00f3n de alumnos, con un complete de 11 estudiantes de los 62 que cursaban sus estudios en el [&hellip;]<\/p>\n","protected":false},"author":4,"featured_media":357638,"comment_status":"open","ping_status":"closed","sticky":false,"template":"","format":"standard","meta":{"om_disable_all_campaigns":false,"jnews-multi-image_gallery":[],"jnews_single_post":[],"jnews_primary_category":[],"jnews_social_meta":[],"footnotes":""},"categories":[39],"tags":[1118,13243,50014,11019,5120,49880,1809],"class_list":["post-357637","post","type-post","status-publish","format-standard","has-post-thumbnail","hentry","category-viajes","tag-aniversario","tag-decadas","tag-formando","tag-lideres","tag-marbella","tag-roches","tag-sector"],"_links":{"self":[{"href":"https:\/\/dimensionturistica.com\/es\/wp-json\/wp\/v2\/posts\/357637","targetHints":{"allow":["GET"]}}],"collection":[{"href":"https:\/\/dimensionturistica.com\/es\/wp-json\/wp\/v2\/posts"}],"about":[{"href":"https:\/\/dimensionturistica.com\/es\/wp-json\/wp\/v2\/types\/post"}],"author":[{"embeddable":true,"href":"https:\/\/dimensionturistica.com\/es\/wp-json\/wp\/v2\/users\/4"}],"replies":[{"embeddable":true,"href":"https:\/\/dimensionturistica.com\/es\/wp-json\/wp\/v2\/comments?post=357637"}],"version-history":[{"count":0,"href":"https:\/\/dimensionturistica.com\/es\/wp-json\/wp\/v2\/posts\/357637\/revisions"}],"wp:featuredmedia":[{"embeddable":true,"href":"https:\/\/dimensionturistica.com\/es\/wp-json\/wp\/v2\/media\/357638"}],"wp:attachment":[{"href":"https:\/\/dimensionturistica.com\/es\/wp-json\/wp\/v2\/media?parent=357637"}],"wp:term":[{"taxonomy":"category","embeddable":true,"href":"https:\/\/dimensionturistica.com\/es\/wp-json\/wp\/v2\/categories?post=357637"},{"taxonomy":"post_tag","embeddable":true,"href":"https:\/\/dimensionturistica.com\/es\/wp-json\/wp\/v2\/tags?post=357637"}],"curies":[{"name":"wp","href":"https:\/\/api.w.org\/{rel}","templated":true}]}}