{"id":357374,"date":"2022-07-21T13:53:35","date_gmt":"2022-07-21T13:53:35","guid":{"rendered":"https:\/\/dimensionturistica.com\/es\/?p=357374"},"modified":"2022-07-21T13:53:35","modified_gmt":"2022-07-21T13:53:35","slug":"desgana-avis-a-luis-miguel-navarrete-como-vicepresidente-ejecutivo","status":"publish","type":"post","link":"https:\/\/dimensionturistica.com\/es\/desgana-avis-a-luis-miguel-navarrete-como-vicepresidente-ejecutivo\/","title":{"rendered":"Desgana AVIS a Luis Miguel Navarrete como vicepresidente ejecutivo"},"content":{"rendered":"<p>Con el firme prop\u00f3sito de lograr una s\u00f3lida institucionalizaci\u00f3n y fortalecer la estructura de la organizaci\u00f3n, Avis M\u00e9xico designa como nuevo Vicepresidente Ejecutivo a Luis Miguel Navarrete, quien hasta ahora estuvo a cargo de la Direcci\u00f3n de Operaciones de la empresa.<br \/>\nAlberto G\u00f3mez, Presidente y CEO de Avis M\u00e9xico, anunci\u00f3 este nombramiento, el cual marca una nueva etapa para el equipo directivo y para toda la compa\u00f1\u00eda.<br \/>\nTras 25 a\u00f1os de trayectoria en AVIS, de los cuales m\u00e1s de 20 han sido al frente de la Direcci\u00f3n de<img decoding=\"async\" class=\"size-medium wp-image-357377 alignright\" src=\"https:\/\/dimensionturistica.com\/es\/wp-content\/uploads\/2022\/07\/unnamed-25-300x200.jpg\" alt=\"\" width=\"300\" height=\"200\" srcset=\"https:\/\/dimensionturistica.com\/es\/wp-content\/uploads\/2022\/07\/unnamed-25-300x200.jpg 300w, https:\/\/dimensionturistica.com\/es\/wp-content\/uploads\/2022\/07\/unnamed-25.jpg 320w\" sizes=\"(max-width: 300px) 100vw, 300px\" \/> Operaciones, Luis Miguel Navarrete ha demostrado compromiso, lealtad, liderazgo y responsabilidad, caracter\u00edsticas que lo han hecho destacar y asumir esta designaci\u00f3n de nueva creaci\u00f3n en el organigrama de Avis M\u00e9xico.<br \/>\n\u201cComo Vicepresidente Ejecutivo me siento muy orgulloso de liderar al mejor y m\u00e1s experimentado equipo de la industria, lo cual, sin duda contribuir\u00e1 de manera significativa para mantener el liderazgo y distinguirnos siempre por brindar un servicio de alta calidad y total transparencia,\u201d afirm\u00f3 Luis Miguel Navarrete.<br \/>\n\u201cSin lugar a dudas, mi logro m\u00e1s importante en mi trayectoria profesional, ha sido formar el gran equipo de l\u00edderes que tengo hoy en d\u00eda. Se dice f\u00e1cil, pero mi equipo gerencial de reporte directo tiene una experiencia que suma m\u00e1s de 100 a\u00f1os entre seis personas, todos con una gran trayectoria y futuro prometedor. Hoy en d\u00eda mi equipo es mi mayor fortaleza y lo considero nuestra ventaja competitiva m\u00e1s importante en el sector.\u201d<br \/>\nA lo largo de los a\u00f1os, Luis Miguel se ha capacitado y desempe\u00f1ado en distintas \u00e1reas, siendo su fuerte la parte operativa, aunque tambi\u00e9n lo ha hecho en el \u00e1rea comercial, lo cual ha sido una gran oportunidad de aprendizaje sobre las distintas funciones y departamentos de Avis M\u00e9xico.<br \/>\nNavarrete es Ingeniero Industrial de la Universidad Iberoamericana y MBA del Instituto Panamericano de Alta Direcci\u00f3n de Empresas (IPADE).<br \/>\nInici\u00f3 su carrera en AVIS en 1997 como Gerente en entrenamiento en el \u00e1rea de Operaciones desarrollando desde las funciones m\u00e1s b\u00e1sicas pero vitales del negocio, lo que le permitieron un conocimiento profundo del giro. Al poco tiempo ya se hab\u00eda convertido en Gerente de Operaciones de la CDMX y tiempo despu\u00e9s a\u00f1adi\u00f3 algunas ciudades del pa\u00eds a su responsabilidad.<br \/>\nEn junio de 2002 fue nombrado Director de Operaciones para todo el pa\u00eds, funci\u00f3n que ha llevado durante m\u00e1s de 20 a\u00f1os.<br \/>\n\u201cAvis significa toda mi carrera profesional y lo que he logrado a lo largo de 25 a\u00f1os es mi gran orgullo. Ahora mi responsabilidad es contribuir con mi liderazgo para que esta empresa sea cada vez mejor, no solamente para nuestros clientes, sino tambi\u00e9n para el gran equipo de personas que la conforman, y por supuesto, para las nuevas generaciones que vienen comenzando\u201d, afirm\u00f3 Luis Miguel.<br \/>\nUno de los grandes objetivos de Luis Miguel ha sido mantener la empresa en mejora continua e impulsar su posicionamiento como la mejor arrendadora del pa\u00eds.<br \/>\nNo cabe duda de que esta nueva Vicepresidencia dar\u00e1 certidumbre y una mayor capacidad de planificaci\u00f3n para un futuro de mayor bienestar de la empresa y de todos los que la conforman.<br \/>\n\u201cBuscamos un crecimiento s\u00f3lido basado en clientes leales, repetitivos y totalmente satisfechos con nuestro servicio. Continuaremos nuestro desarrollo de talento y constante capacitaci\u00f3n de nuestros equipos, pues sin duda ellos son los que nos hacen fuertes\u201d.<br \/>\n\u201cLa tecnolog\u00eda juega un papel cada vez m\u00e1s importante en la movilidad, buscaremos hacer procesos m\u00e1s expeditos para nuestros clientes, con productos que atiendan puntualmente lo que los viajeros requieren\u201d, afirm\u00f3 el nuevo Vicepresidente de Avis M\u00e9xico.<br \/>\nAsimismo, Luis Miguel comparti\u00f3 que Avis M\u00e9xico continuar\u00e1 su proceso de transformaci\u00f3n en gran parte de su flotilla hacia veh\u00edculos el\u00e9ctricos en el mediano y largo plazo, no solamente para atender a clientes particulares, sino tambi\u00e9n a empresas que requieren una movilidad m\u00e1s eficiente.<br \/>\nAvis se distingue como la mejor arrendadora del pa\u00eds gracias a sus altos est\u00e1ndares de servicio, su impecable trato al cliente y por su liderazgo e innovaci\u00f3n en la industria.<br \/>\nPara conocer la flota, tarifas, disponibilidad y requisitos por favor consulta en Avis.mx<br \/>\n\u00a1S\u00edguenos en nuestras redes sociales! Encu\u00e9ntranos en Instagram como @avismexico, Facebook @AvisM\u00e9xico y LinkedIn @AvisMexico.<\/p>\n<p>&nbsp;<\/p>\n","protected":false},"excerpt":{"rendered":"<p>Con el firme prop\u00f3sito de lograr una s\u00f3lida institucionalizaci\u00f3n y fortalecer la estructura de la organizaci\u00f3n, Avis M\u00e9xico designa como nuevo Vicepresidente Ejecutivo a Luis Miguel Navarrete, quien hasta ahora estuvo a cargo de la Direcci\u00f3n de Operaciones de la empresa. Alberto G\u00f3mez, Presidente y CEO de Avis M\u00e9xico, anunci\u00f3 este nombramiento, el cual marca [&hellip;]<\/p>\n","protected":false},"author":1,"featured_media":357378,"comment_status":"open","ping_status":"closed","sticky":false,"template":"","format":"standard","meta":{"om_disable_all_campaigns":false,"jnews-multi-image_gallery":[],"jnews_single_post":{"source_name":"","source_url":"","via_name":"","via_url":"","override_template":"0","override":[{"template":"1","single_blog_custom":"","parallax":"1","fullscreen":"1","layout":"right-sidebar","sidebar":"default-sidebar","second_sidebar":"default-sidebar","sticky_sidebar":"1","share_position":"top","share_float_style":"share-monocrhome","show_share_counter":"1","show_view_counter":"1","show_featured":"1","show_post_meta":"1","show_post_author":"1","show_post_author_image":"1","show_post_date":"1","post_date_format":"default","post_date_format_custom":"Y\/m\/d","show_post_category":"1","show_post_reading_time":"0","post_reading_time_wpm":"300","show_zoom_button":"0","zoom_button_out_step":"2","zoom_button_in_step":"3","show_post_tag":"1","show_prev_next_post":"1","show_popup_post":"1","number_popup_post":"1","show_author_box":"0","show_post_related":"0","show_inline_post_related":"0"}],"override_image_size":"0","image_override":[{"single_post_thumbnail_size":"crop-500","single_post_gallery_size":"crop-500"}],"trending_post":"0","trending_post_position":"meta","trending_post_label":"Trending","sponsored_post":"0","sponsored_post_label":"Sponsored by","sponsored_post_name":"","sponsored_post_url":"","sponsored_post_logo_enable":"0","sponsored_post_logo":"","sponsored_post_desc":"","disable_ad":"0"},"jnews_primary_category":{"id":""},"jnews_social_meta":{"fb_title":"","fb_description":"","fb_image":"","twitter_title":"","twitter_description":"","twitter_image":""},"footnotes":""},"categories":[40],"tags":[],"class_list":["post-357374","post","type-post","status-publish","format-standard","has-post-thumbnail","hentry","category-industria"],"_links":{"self":[{"href":"https:\/\/dimensionturistica.com\/es\/wp-json\/wp\/v2\/posts\/357374","targetHints":{"allow":["GET"]}}],"collection":[{"href":"https:\/\/dimensionturistica.com\/es\/wp-json\/wp\/v2\/posts"}],"about":[{"href":"https:\/\/dimensionturistica.com\/es\/wp-json\/wp\/v2\/types\/post"}],"author":[{"embeddable":true,"href":"https:\/\/dimensionturistica.com\/es\/wp-json\/wp\/v2\/users\/1"}],"replies":[{"embeddable":true,"href":"https:\/\/dimensionturistica.com\/es\/wp-json\/wp\/v2\/comments?post=357374"}],"version-history":[{"count":0,"href":"https:\/\/dimensionturistica.com\/es\/wp-json\/wp\/v2\/posts\/357374\/revisions"}],"wp:featuredmedia":[{"embeddable":true,"href":"https:\/\/dimensionturistica.com\/es\/wp-json\/wp\/v2\/media\/357378"}],"wp:attachment":[{"href":"https:\/\/dimensionturistica.com\/es\/wp-json\/wp\/v2\/media?parent=357374"}],"wp:term":[{"taxonomy":"category","embeddable":true,"href":"https:\/\/dimensionturistica.com\/es\/wp-json\/wp\/v2\/categories?post=357374"},{"taxonomy":"post_tag","embeddable":true,"href":"https:\/\/dimensionturistica.com\/es\/wp-json\/wp\/v2\/tags?post=357374"}],"curies":[{"name":"wp","href":"https:\/\/api.w.org\/{rel}","templated":true}]}}