{"id":357357,"date":"2022-07-21T13:37:17","date_gmt":"2022-07-21T13:37:17","guid":{"rendered":"https:\/\/dimensionturistica.com\/es\/?p=357357"},"modified":"2022-07-21T13:37:17","modified_gmt":"2022-07-21T13:37:17","slug":"tlaxcala-busca-romper-el-record-guinness-mundial-del-tapete-de-aserrin-mas-largo-del-mundo-durante-la-noche-que-nadie-duerme","status":"publish","type":"post","link":"https:\/\/dimensionturistica.com\/es\/tlaxcala-busca-romper-el-record-guinness-mundial-del-tapete-de-aserrin-mas-largo-del-mundo-durante-la-noche-que-nadie-duerme\/","title":{"rendered":"Tlaxcala busca romper el R\u00e9cord Guinness Mundial del tapete de aserr\u00edn m\u00e1s largo del mundo durante \u201cLa Noche que Nadie Duerme\u201d"},"content":{"rendered":"<p><img decoding=\"async\" class=\"size-medium wp-image-357361 alignright\" src=\"https:\/\/dimensionturistica.com\/es\/wp-content\/uploads\/2022\/07\/tapete-de-aserrin-mas-largo-del-mundo-durante-La-Noche-que-Nadie-Duerme-1-300x201.jpeg\" alt=\"\" width=\"300\" height=\"201\" srcset=\"https:\/\/dimensionturistica.com\/es\/wp-content\/uploads\/2022\/07\/tapete-de-aserrin-mas-largo-del-mundo-durante-La-Noche-que-Nadie-Duerme-1-300x201.jpeg 300w, https:\/\/dimensionturistica.com\/es\/wp-content\/uploads\/2022\/07\/tapete-de-aserrin-mas-largo-del-mundo-durante-La-Noche-que-Nadie-Duerme-1-768x514.jpeg 768w, https:\/\/dimensionturistica.com\/es\/wp-content\/uploads\/2022\/07\/tapete-de-aserrin-mas-largo-del-mundo-durante-La-Noche-que-Nadie-Duerme-1-750x502.jpeg 750w, https:\/\/dimensionturistica.com\/es\/wp-content\/uploads\/2022\/07\/tapete-de-aserrin-mas-largo-del-mundo-durante-La-Noche-que-Nadie-Duerme-1.jpeg 1024w\" sizes=\"(max-width: 300px) 100vw, 300px\" \/>El subsecretario de Turismo, Humberto Hern\u00e1ndez Haddad, en representaci\u00f3n del secretario de Turismo del Gobierno de M\u00e9xico, Miguel Torruco Marqu\u00e9s, acompa\u00f1ado de la secretaria de Turismo de Tlaxcala, Josefina Rodr\u00edguez Zamora, anunciaron que este 14 de agosto, el Pueblo M\u00e1gico de Huamantla busca romper el R\u00e9cord Guinness Mundial del tapete de aserr\u00edn m\u00e1s largo del mundo en el marco de La Noche que Nadie Duerme, como parte de los festejos a la Virgen de la Caridad.<br \/>\nEn conferencia de prensa, realizada en el espacio Punto M\u00e9xico de la Secretar\u00eda de Turismo (Sectur), Hern\u00e1ndez Haddad dio a conocer que la procesi\u00f3n en honor a la Virgen de la Caridad, inicia en la madrugada y recorre las calles cubiertas de coloridos tapetes de aserr\u00edn, mismos que le han dado la vuelta al mundo.<img decoding=\"async\" class=\"size-medium wp-image-357363 alignright\" src=\"https:\/\/dimensionturistica.com\/es\/wp-content\/uploads\/2022\/07\/tapete-de-aserrin-mas-largo-del-mundo-durante-La-Noche-que-Nadie-Duerme-6-300x201.jpeg\" alt=\"\" width=\"300\" height=\"201\" srcset=\"https:\/\/dimensionturistica.com\/es\/wp-content\/uploads\/2022\/07\/tapete-de-aserrin-mas-largo-del-mundo-durante-La-Noche-que-Nadie-Duerme-6-300x201.jpeg 300w, https:\/\/dimensionturistica.com\/es\/wp-content\/uploads\/2022\/07\/tapete-de-aserrin-mas-largo-del-mundo-durante-La-Noche-que-Nadie-Duerme-6-768x514.jpeg 768w, https:\/\/dimensionturistica.com\/es\/wp-content\/uploads\/2022\/07\/tapete-de-aserrin-mas-largo-del-mundo-durante-La-Noche-que-Nadie-Duerme-6-750x502.jpeg 750w, https:\/\/dimensionturistica.com\/es\/wp-content\/uploads\/2022\/07\/tapete-de-aserrin-mas-largo-del-mundo-durante-La-Noche-que-Nadie-Duerme-6.jpeg 1024w\" sizes=\"(max-width: 300px) 100vw, 300px\" \/><br \/>\nDurante esas horas nocturnas, familias enteras de artesanos elaboran los emblem\u00e1ticos tapetes de aserr\u00edn con gran profesionalismo, precisi\u00f3n, amor y dedicaci\u00f3n. Se trata de un arte ef\u00edmero que no solo representa la fe, sino tambi\u00e9n, la convivencia y uni\u00f3n entre los pobladores.<br \/>\n\u201cAhora Huamantla, el pr\u00f3ximo 14 de agosto, busca romper el R\u00e9cord Guinness del tapete de aserr\u00edn m\u00e1s largo del mundo, que espera superar los 7 kil\u00f3metros, y ser\u00e1 un acontecimiento que sin duda proyectar\u00e1 la imagen de esta singular localidad hacia diferentes latitudes del orbe, y brindar\u00e1 la oportunidad de promover tambi\u00e9n otros destinos del estado\u201d, coment\u00f3.<br \/>\nEl subsecretario de Turismo inform\u00f3 que Tlaxcala tiene una infraestructura de 448 establecimientos de hospedaje y 5 mil 719 cuartos de hotel; que en 2021 recibieron a 241 mil turistas, de los cuales, 98.8%<img decoding=\"async\" class=\"size-medium wp-image-357364 alignright\" src=\"https:\/\/dimensionturistica.com\/es\/wp-content\/uploads\/2022\/07\/tapete-de-aserrin-mas-largo-del-mundo-durante-La-Noche-que-Nadie-Duerme-3-300x201.jpeg\" alt=\"\" width=\"300\" height=\"201\" srcset=\"https:\/\/dimensionturistica.com\/es\/wp-content\/uploads\/2022\/07\/tapete-de-aserrin-mas-largo-del-mundo-durante-La-Noche-que-Nadie-Duerme-3-300x201.jpeg 300w, https:\/\/dimensionturistica.com\/es\/wp-content\/uploads\/2022\/07\/tapete-de-aserrin-mas-largo-del-mundo-durante-La-Noche-que-Nadie-Duerme-3-768x514.jpeg 768w, https:\/\/dimensionturistica.com\/es\/wp-content\/uploads\/2022\/07\/tapete-de-aserrin-mas-largo-del-mundo-durante-La-Noche-que-Nadie-Duerme-3-750x502.jpeg 750w, https:\/\/dimensionturistica.com\/es\/wp-content\/uploads\/2022\/07\/tapete-de-aserrin-mas-largo-del-mundo-durante-La-Noche-que-Nadie-Duerme-3.jpeg 1024w\" sizes=\"(max-width: 300px) 100vw, 300px\" \/> fueron nacionales y el resto extranjeros.<br \/>\nPuntualiz\u00f3 que en Huamantla, el PIB Tur\u00edstico contribuye con un 12.2% al PIB del municipio, y con un 17.3% al PIB Tur\u00edstico del estado. De acuerdo con los censos econ\u00f3micos de 2019, cuenta con 916 unidades econ\u00f3micas dedicadas a la actividad tur\u00edstica, que dan empleo a 2 mil 726 personas.<br \/>\n\u201cTlaxcala es un estado rico en historia, cultura, tradici\u00f3n y recursos naturales, capaz de seducir a nuestros numerosos visitantes. Tiene 60 municipios y dos maravillosos Pueblos M\u00e1gicos, Tlaxco y Huamantla\u201d, declar\u00f3.<br \/>\n\u201cMis felicitaciones a Huamantla por poner en alto la marca \u2018Pueblos M\u00e1gicos\u2019, as\u00ed como el nombre de Tlaxcala y de M\u00e9xico. Estoy seguro que romper\u00e1 el R\u00e9cord Guinness Mundial del tapete de aserr\u00edn m\u00e1s largo del mundo, monumental obra de arte que ser\u00e1 confeccionada por las \u2018manos m\u00e1gicas\u2019 de nuestros talentosos artesanos\u201d, destac\u00f3 Hern\u00e1ndez Haddad.<br \/>\nReiter\u00f3 la invitaci\u00f3n a asistir a la pr\u00f3xima edici\u00f3n del Tianguis de Pueblos M\u00e1gicos, del 10 al 14 de octubre del presente a\u00f1o, en la ciudad de Oaxaca; el Tianguis Internacional de Pueblos M\u00e1gicos, que se realizar\u00e1 el pr\u00f3ximo a\u00f1o 2023 en la ciudad de Los \u00c1ngeles, California; y al Tianguis Tur\u00edstico M\u00e9xico del 26 al 29 de marzo del 2023.<br \/>\nPor su parte, la secretaria de Turismo de Tlaxcala, Josefina Rodr\u00edguez Zamora, invit\u00f3 al p\u00fablico en general a visitar el Pueblo M\u00e1gico de Huamantla, y apoyar esta iniciativa, con el fin de dar a conocer a nivel mundial la tradici\u00f3n del tapete de aserr\u00edn en la que se logran m\u00e1s de seis kil\u00f3metros de arte lineal.<img decoding=\"async\" class=\"size-medium wp-image-357367 alignright\" src=\"https:\/\/dimensionturistica.com\/es\/wp-content\/uploads\/2022\/07\/tapete-de-aserrin-mas-largo-del-mundo-durante-La-Noche-que-Nadie-Duerme-2-300x201.jpeg\" alt=\"\" width=\"300\" height=\"201\" srcset=\"https:\/\/dimensionturistica.com\/es\/wp-content\/uploads\/2022\/07\/tapete-de-aserrin-mas-largo-del-mundo-durante-La-Noche-que-Nadie-Duerme-2-300x201.jpeg 300w, https:\/\/dimensionturistica.com\/es\/wp-content\/uploads\/2022\/07\/tapete-de-aserrin-mas-largo-del-mundo-durante-La-Noche-que-Nadie-Duerme-2-768x514.jpeg 768w, https:\/\/dimensionturistica.com\/es\/wp-content\/uploads\/2022\/07\/tapete-de-aserrin-mas-largo-del-mundo-durante-La-Noche-que-Nadie-Duerme-2-750x502.jpeg 750w, https:\/\/dimensionturistica.com\/es\/wp-content\/uploads\/2022\/07\/tapete-de-aserrin-mas-largo-del-mundo-durante-La-Noche-que-Nadie-Duerme-2.jpeg 1024w\" sizes=\"(max-width: 300px) 100vw, 300px\" \/><br \/>\nAsimismo, recalc\u00f3 que el r\u00e9cord mundial actualmente lo tiene Guatemala con poco m\u00e1s de dos kil\u00f3metros, asegurando que \u201ces una tradici\u00f3n \u00fanica en M\u00e9xico y necesita ser reconocida en todo el mundo como mexicana\u201d.<br \/>\nEn su oportunidad, el presidente municipal de Huamantla, Juan Salvador Santos Cedillo, destac\u00f3 que este r\u00e9cord tambi\u00e9n ser\u00e1 un reconocimiento a los m\u00e1s de 2 mil voluntarios quienes se encargar\u00e1n de adornar las calles, el atrio y crear algunas representaciones religiosas a base de aserr\u00edn te\u00f1ido de colores con diversas flores y arenas.<br \/>\nEn el evento tambi\u00e9n estuvo presente Jos\u00e9 Alejandro Aguilar L\u00f3pez, diputado federal por Tlaxcala.<\/p>\n","protected":false},"excerpt":{"rendered":"<p>El subsecretario de Turismo, Humberto Hern\u00e1ndez Haddad, en representaci\u00f3n del secretario de Turismo del Gobierno de M\u00e9xico, Miguel Torruco Marqu\u00e9s, acompa\u00f1ado de la secretaria de Turismo de Tlaxcala, Josefina Rodr\u00edguez Zamora, anunciaron que este 14 de agosto, el Pueblo M\u00e1gico de Huamantla busca romper el R\u00e9cord Guinness Mundial del tapete de aserr\u00edn m\u00e1s largo del [&hellip;]<\/p>\n","protected":false},"author":1,"featured_media":357362,"comment_status":"open","ping_status":"closed","sticky":false,"template":"","format":"standard","meta":{"om_disable_all_campaigns":false,"jnews-multi-image_gallery":[],"jnews_single_post":{"source_name":"","source_url":"","via_name":"","via_url":"","override_template":"0","override":[{"template":"1","single_blog_custom":"","parallax":"1","fullscreen":"1","layout":"right-sidebar","sidebar":"default-sidebar","second_sidebar":"default-sidebar","sticky_sidebar":"1","share_position":"top","share_float_style":"share-monocrhome","show_share_counter":"1","show_view_counter":"1","show_featured":"1","show_post_meta":"1","show_post_author":"1","show_post_author_image":"1","show_post_date":"1","post_date_format":"default","post_date_format_custom":"Y\/m\/d","show_post_category":"1","show_post_reading_time":"0","post_reading_time_wpm":"300","show_zoom_button":"0","zoom_button_out_step":"2","zoom_button_in_step":"3","show_post_tag":"1","show_prev_next_post":"1","show_popup_post":"1","number_popup_post":"1","show_author_box":"0","show_post_related":"0","show_inline_post_related":"0"}],"override_image_size":"0","image_override":[{"single_post_thumbnail_size":"crop-500","single_post_gallery_size":"crop-500"}],"trending_post":"0","trending_post_position":"meta","trending_post_label":"Trending","sponsored_post":"0","sponsored_post_label":"Sponsored by","sponsored_post_name":"","sponsored_post_url":"","sponsored_post_logo_enable":"0","sponsored_post_logo":"","sponsored_post_desc":"","disable_ad":"0"},"jnews_primary_category":{"id":""},"jnews_social_meta":{"fb_title":"","fb_description":"","fb_image":"","twitter_title":"","twitter_description":"","twitter_image":""},"footnotes":""},"categories":[39],"tags":[],"class_list":["post-357357","post","type-post","status-publish","format-standard","has-post-thumbnail","hentry","category-viajes"],"_links":{"self":[{"href":"https:\/\/dimensionturistica.com\/es\/wp-json\/wp\/v2\/posts\/357357","targetHints":{"allow":["GET"]}}],"collection":[{"href":"https:\/\/dimensionturistica.com\/es\/wp-json\/wp\/v2\/posts"}],"about":[{"href":"https:\/\/dimensionturistica.com\/es\/wp-json\/wp\/v2\/types\/post"}],"author":[{"embeddable":true,"href":"https:\/\/dimensionturistica.com\/es\/wp-json\/wp\/v2\/users\/1"}],"replies":[{"embeddable":true,"href":"https:\/\/dimensionturistica.com\/es\/wp-json\/wp\/v2\/comments?post=357357"}],"version-history":[{"count":0,"href":"https:\/\/dimensionturistica.com\/es\/wp-json\/wp\/v2\/posts\/357357\/revisions"}],"wp:featuredmedia":[{"embeddable":true,"href":"https:\/\/dimensionturistica.com\/es\/wp-json\/wp\/v2\/media\/357362"}],"wp:attachment":[{"href":"https:\/\/dimensionturistica.com\/es\/wp-json\/wp\/v2\/media?parent=357357"}],"wp:term":[{"taxonomy":"category","embeddable":true,"href":"https:\/\/dimensionturistica.com\/es\/wp-json\/wp\/v2\/categories?post=357357"},{"taxonomy":"post_tag","embeddable":true,"href":"https:\/\/dimensionturistica.com\/es\/wp-json\/wp\/v2\/tags?post=357357"}],"curies":[{"name":"wp","href":"https:\/\/api.w.org\/{rel}","templated":true}]}}