{"id":357336,"date":"2022-07-21T13:28:06","date_gmt":"2022-07-21T13:28:06","guid":{"rendered":"https:\/\/dimensionturistica.com\/es\/?p=357336"},"modified":"2022-07-21T13:28:06","modified_gmt":"2022-07-21T13:28:06","slug":"la-manera-mas-pura-para-festejar-el-dia-internacional-del-tequila-loco-tequila-te-invita-a-honrar-este-destilad","status":"publish","type":"post","link":"https:\/\/dimensionturistica.com\/es\/la-manera-mas-pura-para-festejar-el-dia-internacional-del-tequila-loco-tequila-te-invita-a-honrar-este-destilad\/","title":{"rendered":"La manera m\u00e1s pura para festejar el D\u00eda Internacional del Tequila Loco Tequila te invita a honrar este destilad"},"content":{"rendered":"<p><img decoding=\"async\" class=\"size-medium wp-image-357351 alignright\" src=\"https:\/\/dimensionturistica.com\/es\/wp-content\/uploads\/2022\/07\/DSC_0009-200x300.jpg\" alt=\"\" width=\"200\" height=\"300\" srcset=\"https:\/\/dimensionturistica.com\/es\/wp-content\/uploads\/2022\/07\/DSC_0009-200x300.jpg 200w, https:\/\/dimensionturistica.com\/es\/wp-content\/uploads\/2022\/07\/DSC_0009-683x1024.jpg 683w, https:\/\/dimensionturistica.com\/es\/wp-content\/uploads\/2022\/07\/DSC_0009-768x1152.jpg 768w, https:\/\/dimensionturistica.com\/es\/wp-content\/uploads\/2022\/07\/DSC_0009-1024x1536.jpg 1024w, https:\/\/dimensionturistica.com\/es\/wp-content\/uploads\/2022\/07\/DSC_0009-750x1125.jpg 750w, https:\/\/dimensionturistica.com\/es\/wp-content\/uploads\/2022\/07\/DSC_0009.jpg 1067w\" sizes=\"(max-width: 200px) 100vw, 200px\" \/>Cuando se habla de tequila mundialmente la palabra mexicano va impl\u00edcita. Un lim\u00f3n, sal y un caballito es lo que probablemente para muchos ser\u00e1 lo primero que les venga a la mente, sin embargo, este destilado va m\u00e1s all\u00e1 de solamente una fiesta, es por eso que el pr\u00f3ximo 24 de julio, el d\u00eda Internacional del Tequila, te invitamos a conocerlo en su manera m\u00e1s premium y llena de calidad y pureza con Loco Tequila.<br \/>\nUn 24 de julio pero de 2006, la UNESCO declar\u00f3 como Patrimonio Mundial en la categor\u00eda de Paisajes Culturales, al Paisaje Agavero y las Antiguas Instalaciones Industriales de Tequila, desde esa fecha, la preservaci\u00f3n de dichas \u00e1reas es un hecho, incluyendo a los<img decoding=\"async\" class=\"size-medium wp-image-357348 alignleft\" src=\"https:\/\/dimensionturistica.com\/es\/wp-content\/uploads\/2022\/07\/DSC_9964-200x300.jpg\" alt=\"\" width=\"200\" height=\"300\" srcset=\"https:\/\/dimensionturistica.com\/es\/wp-content\/uploads\/2022\/07\/DSC_9964-200x300.jpg 200w, https:\/\/dimensionturistica.com\/es\/wp-content\/uploads\/2022\/07\/DSC_9964-683x1024.jpg 683w, https:\/\/dimensionturistica.com\/es\/wp-content\/uploads\/2022\/07\/DSC_9964-768x1152.jpg 768w, https:\/\/dimensionturistica.com\/es\/wp-content\/uploads\/2022\/07\/DSC_9964-1024x1536.jpg 1024w, https:\/\/dimensionturistica.com\/es\/wp-content\/uploads\/2022\/07\/DSC_9964-750x1125.jpg 750w, https:\/\/dimensionturistica.com\/es\/wp-content\/uploads\/2022\/07\/DSC_9964.jpg 1067w\" sizes=\"(max-width: 200px) 100vw, 200px\" \/> municipios de Amatitl\u00e1n, Arenal, Tequila y Teuchitl\u00e1n, es as\u00ed como a pesar de que el d\u00eda nacional de esta bebida se celebra en marzo, su cumplea\u00f1os ante el mundo es otro.<br \/>\nPara seguir honrando y celebrando a esta bebida, Loco Tequila te invita a compartir esta celebraci\u00f3n con un tequila lleno de pureza, tal como Loco Puro Coraz\u00f3n, un destilado puro, elegante y refinado, el cual separa gota a gota la esencia m\u00e1s pura del tequila, dejando s\u00f3lo el coraz\u00f3n de la destilaci\u00f3n. Esto es lo que lo hace verdaderamente \u00fanico y limitado en su tipo.<br \/>\nEl proceso al producir un tequila de primer nivel con abolengo, no es sencillo. Se requieren varias etapas, cuidadosamente trabajadas, para lograr una bebida con el grado de complejidad de Loco Puro Coraz\u00f3n.<br \/>\n\u00c9ste tiene notas de olor de menta y eucalipto seguido de agave cocido adem\u00e1s de mieles, al igual que notas minerales como de tierra mojada. En boca es ligero y arm\u00f3nico con una notable frescura c\u00edtrica y herbal. En cuanto a cuerpo y color se distingue por su transparencia, limpieza<img decoding=\"async\" class=\"size-medium wp-image-357349 alignright\" src=\"https:\/\/dimensionturistica.com\/es\/wp-content\/uploads\/2022\/07\/DSC_0292-200x300.jpg\" alt=\"\" width=\"200\" height=\"300\" srcset=\"https:\/\/dimensionturistica.com\/es\/wp-content\/uploads\/2022\/07\/DSC_0292-200x300.jpg 200w, https:\/\/dimensionturistica.com\/es\/wp-content\/uploads\/2022\/07\/DSC_0292-683x1024.jpg 683w, https:\/\/dimensionturistica.com\/es\/wp-content\/uploads\/2022\/07\/DSC_0292-768x1152.jpg 768w, https:\/\/dimensionturistica.com\/es\/wp-content\/uploads\/2022\/07\/DSC_0292-1024x1536.jpg 1024w, https:\/\/dimensionturistica.com\/es\/wp-content\/uploads\/2022\/07\/DSC_0292-750x1125.jpg 750w, https:\/\/dimensionturistica.com\/es\/wp-content\/uploads\/2022\/07\/DSC_0292.jpg 1067w\" sizes=\"(max-width: 200px) 100vw, 200px\" \/> y claridad.<br \/>\nIgualmente, el cuidado de cada detalle es de alta importancia, el agua con la que se hace el tequila, proveniente del Bosque de La Primavera, tiene una pureza que se siente en el producto y con la intervenci\u00f3n del hombre y su modo de preparaci\u00f3n, es en d\u00f3nde radica la diferencia de un buen tequila y uno excepcional.<br \/>\nPor tal motivo, y para festejar este d\u00eda, un Loco Puro Coraz\u00f3n se transforma en la opci\u00f3n m\u00e1s leg\u00edtima y genuina que puedes encontrar.<br \/>\nPara m\u00e1s informaci\u00f3n, no olvides seguir las redes sociales de Loco Tequila como Facebook @Loco Tequila e Instragram @locotequilamx adem\u00e1s de la p\u00e1gina web https:\/\/www.locotequila.mx\/, en donde encontrar\u00e1s distintos cocteles para disfrutar en compa\u00f1\u00eda.<\/p>\n","protected":false},"excerpt":{"rendered":"<p>Cuando se habla de tequila mundialmente la palabra mexicano va impl\u00edcita. Un lim\u00f3n, sal y un caballito es lo que probablemente para muchos ser\u00e1 lo primero que les venga a la mente, sin embargo, este destilado va m\u00e1s all\u00e1 de solamente una fiesta, es por eso que el pr\u00f3ximo 24 de julio, el d\u00eda Internacional [&hellip;]<\/p>\n","protected":false},"author":1,"featured_media":357347,"comment_status":"open","ping_status":"closed","sticky":false,"template":"","format":"standard","meta":{"om_disable_all_campaigns":false,"jnews-multi-image_gallery":[],"jnews_single_post":{"source_name":"","source_url":"","via_name":"","via_url":"","override_template":"0","override":[{"template":"1","single_blog_custom":"","parallax":"1","fullscreen":"1","layout":"right-sidebar","sidebar":"default-sidebar","second_sidebar":"default-sidebar","sticky_sidebar":"1","share_position":"top","share_float_style":"share-monocrhome","show_share_counter":"1","show_view_counter":"1","show_featured":"1","show_post_meta":"1","show_post_author":"1","show_post_author_image":"1","show_post_date":"1","post_date_format":"default","post_date_format_custom":"Y\/m\/d","show_post_category":"1","show_post_reading_time":"0","post_reading_time_wpm":"300","show_zoom_button":"0","zoom_button_out_step":"2","zoom_button_in_step":"3","show_post_tag":"1","show_prev_next_post":"1","show_popup_post":"1","number_popup_post":"1","show_author_box":"0","show_post_related":"0","show_inline_post_related":"0"}],"override_image_size":"0","image_override":[{"single_post_thumbnail_size":"crop-500","single_post_gallery_size":"crop-500"}],"trending_post":"0","trending_post_position":"meta","trending_post_label":"Trending","sponsored_post":"0","sponsored_post_label":"Sponsored by","sponsored_post_name":"","sponsored_post_url":"","sponsored_post_logo_enable":"0","sponsored_post_logo":"","sponsored_post_desc":"","disable_ad":"0"},"jnews_primary_category":{"id":""},"jnews_social_meta":{"fb_title":"","fb_description":"","fb_image":"","twitter_title":"","twitter_description":"","twitter_image":""},"footnotes":""},"categories":[43],"tags":[],"class_list":["post-357336","post","type-post","status-publish","format-standard","has-post-thumbnail","hentry","category-gourmet"],"_links":{"self":[{"href":"https:\/\/dimensionturistica.com\/es\/wp-json\/wp\/v2\/posts\/357336","targetHints":{"allow":["GET"]}}],"collection":[{"href":"https:\/\/dimensionturistica.com\/es\/wp-json\/wp\/v2\/posts"}],"about":[{"href":"https:\/\/dimensionturistica.com\/es\/wp-json\/wp\/v2\/types\/post"}],"author":[{"embeddable":true,"href":"https:\/\/dimensionturistica.com\/es\/wp-json\/wp\/v2\/users\/1"}],"replies":[{"embeddable":true,"href":"https:\/\/dimensionturistica.com\/es\/wp-json\/wp\/v2\/comments?post=357336"}],"version-history":[{"count":0,"href":"https:\/\/dimensionturistica.com\/es\/wp-json\/wp\/v2\/posts\/357336\/revisions"}],"wp:featuredmedia":[{"embeddable":true,"href":"https:\/\/dimensionturistica.com\/es\/wp-json\/wp\/v2\/media\/357347"}],"wp:attachment":[{"href":"https:\/\/dimensionturistica.com\/es\/wp-json\/wp\/v2\/media?parent=357336"}],"wp:term":[{"taxonomy":"category","embeddable":true,"href":"https:\/\/dimensionturistica.com\/es\/wp-json\/wp\/v2\/categories?post=357336"},{"taxonomy":"post_tag","embeddable":true,"href":"https:\/\/dimensionturistica.com\/es\/wp-json\/wp\/v2\/tags?post=357336"}],"curies":[{"name":"wp","href":"https:\/\/api.w.org\/{rel}","templated":true}]}}