{"id":357334,"date":"2022-07-21T13:14:15","date_gmt":"2022-07-21T13:14:15","guid":{"rendered":"https:\/\/dimensionturistica.com\/es\/?p=357334"},"modified":"2022-07-21T13:14:16","modified_gmt":"2022-07-21T13:14:16","slug":"kylie-jenner-criticada-por-usar-su-avion-para-viajes-muy-cortos","status":"publish","type":"post","link":"https:\/\/dimensionturistica.com\/es\/kylie-jenner-criticada-por-usar-su-avion-para-viajes-muy-cortos\/","title":{"rendered":"Kylie Jenner criticada por usar su avi\u00f3n para viajes muy cortos"},"content":{"rendered":"<p> <br \/>\n<\/p>\n<div>\n<p> La empresaria <strong>Kylie Jenner<\/strong>, una de las estrellas del clan Kardashian, ha recibido infinidad de cr\u00edticas por abusar de su avi\u00f3n privado para realizar vuelos de menos de 20 minutos y entre distancias inferiores a los 70 kil\u00f3metros.<\/p>\n<p> El diario &#8220;Page Six&#8221; inform\u00f3 que la propia familia de la artista est\u00e1 preocupada por el uso que la joven de 24 a\u00f1os hace del jet privado, especialmente despu\u00e9s de que se conociera un reciente viaje entre Camarillo y Van Nuys, dos localidades de California ubicadas a 60 kil\u00f3metros de distancia.<\/p>\n<p> <img decoding=\"async\" alt=\"kylie jener\" style=\"width: 1325px; height: 828px;\" src=\"https:\/\/www.revistaclase.mx\/sites\/default\/files\/upload\/images\/kilye-jenner-pose(1).jpg\"\/><\/p>\n<p> (Instagram)<\/p>\n<p>El trayecto, que en avi\u00f3n dura 17 minutos y en coche unos 40, fue publicado por una cuenta de Twitter llamada @CelebJets, que documenta los viajes en aviones privados de celebridades como Steven Spielberg, Jay-Z o Drake.<br \/>De acuerdo con la prensa native, lo absurdo de la elecci\u00f3n lleg\u00f3 al punto de que la propia Jenner tuvo que conducir unos 30 minutos hasta la pista de despegue para subirse al avi\u00f3n.<\/p>\n<p> La breve duraci\u00f3n del vuelo fue r\u00e1pidamente se\u00f1alada por usuarios de la crimson social y activistas, quienes calificaron a la famosa de &#8220;criminal clim\u00e1tica&#8221; y &#8220;desconsiderada&#8221; por usar un medio de transporte tan contaminante para un trayecto tan breve.<\/p>\n<p> El viaje, organizado el pasado 12 de julio, se registr\u00f3 en primer lugar como un vuelo de 3 minutos, aunque una revisi\u00f3n posterior de los rastreadores de vuelos modific\u00f3 el dato hasta los 17 minutos. Sin embargo, en los d\u00edas posteriores Jenner continu\u00f3 realizando vuelos por el \u00e1rea del sur de California, algunos inferiores a los 20 minutos de duraci\u00f3n.<\/p>\n<p> <img decoding=\"async\" alt=\"kylie jenner\" style=\"width: 1080px; height: 666px;\" src=\"https:\/\/www.revistaclase.mx\/sites\/default\/files\/upload\/images\/kylie-jenner-followers.jpg\"\/><\/p>\n<p> (Instagram)<\/p>\n<p> Incluso lleg\u00f3 a publicar una fotograf\u00eda junto a su pareja, el rapero Travis Scott, en la que aparec\u00edan dos aviones con el comentario &#8220;\u00bfusamos el tuyo o el m\u00edo?&#8221;. Seg\u00fan el tabloide &#8220;Page Six&#8221;, la joven ya ha sido amonestada por su nmam\u00e1, la tambi\u00e9n conocida Kris Jenner, quien seg\u00fan una fuente cercana a la familia &#8220;ha pedido que reduzca&#8221; el uso del jet privado acquainted.<\/p>\n<p> La cuenta @CelebJets ha documentado recientemente vuelos breves de otros famosos como uno de 20 minutos, tomado por el rapero Drake entre Ibiza o Barcelona, y otro de Steven Spielberg para desplazarse desde una localidad de Nueva Jersey a otra de Nueva York en 24 minutos.<\/p>\n<p> <strong>Kylie Jenner <\/strong>tendr\u00e1 que hacer uso de su juicio y modificar la frecuencia con la que viaja en su avi\u00f3n privado.<\/p>\n<\/div>\n\n<p><em> &#8221; Fuentes www.revistaclase.mx &#8221; <\/em><\/p>\n","protected":false},"excerpt":{"rendered":"<p>La empresaria Kylie Jenner, una de las estrellas del clan Kardashian, ha recibido infinidad de cr\u00edticas por abusar de su avi\u00f3n privado para realizar vuelos de menos de 20 minutos y entre distancias inferiores a los 70 kil\u00f3metros. El diario &#8220;Page Six&#8221; inform\u00f3 que la propia familia de la artista est\u00e1 preocupada por el uso [&hellip;]<\/p>\n","protected":false},"author":4,"featured_media":357335,"comment_status":"open","ping_status":"closed","sticky":false,"template":"","format":"standard","meta":{"om_disable_all_campaigns":false,"jnews-multi-image_gallery":[],"jnews_single_post":[],"jnews_primary_category":[],"jnews_social_meta":[],"footnotes":""},"categories":[39],"tags":[49986,17542],"class_list":["post-357334","post","type-post","status-publish","format-standard","has-post-thumbnail","hentry","category-viajes","tag-avion-privado","tag-kylie-jenner"],"_links":{"self":[{"href":"https:\/\/dimensionturistica.com\/es\/wp-json\/wp\/v2\/posts\/357334","targetHints":{"allow":["GET"]}}],"collection":[{"href":"https:\/\/dimensionturistica.com\/es\/wp-json\/wp\/v2\/posts"}],"about":[{"href":"https:\/\/dimensionturistica.com\/es\/wp-json\/wp\/v2\/types\/post"}],"author":[{"embeddable":true,"href":"https:\/\/dimensionturistica.com\/es\/wp-json\/wp\/v2\/users\/4"}],"replies":[{"embeddable":true,"href":"https:\/\/dimensionturistica.com\/es\/wp-json\/wp\/v2\/comments?post=357334"}],"version-history":[{"count":0,"href":"https:\/\/dimensionturistica.com\/es\/wp-json\/wp\/v2\/posts\/357334\/revisions"}],"wp:featuredmedia":[{"embeddable":true,"href":"https:\/\/dimensionturistica.com\/es\/wp-json\/wp\/v2\/media\/357335"}],"wp:attachment":[{"href":"https:\/\/dimensionturistica.com\/es\/wp-json\/wp\/v2\/media?parent=357334"}],"wp:term":[{"taxonomy":"category","embeddable":true,"href":"https:\/\/dimensionturistica.com\/es\/wp-json\/wp\/v2\/categories?post=357334"},{"taxonomy":"post_tag","embeddable":true,"href":"https:\/\/dimensionturistica.com\/es\/wp-json\/wp\/v2\/tags?post=357334"}],"curies":[{"name":"wp","href":"https:\/\/api.w.org\/{rel}","templated":true}]}}