{"id":356986,"date":"2022-07-20T22:43:43","date_gmt":"2022-07-20T22:43:43","guid":{"rendered":"https:\/\/dimensionturistica.com\/es\/?p=356986"},"modified":"2022-07-20T22:43:43","modified_gmt":"2022-07-20T22:43:43","slug":"presentan-el-festival-del-pescado-mariscos-rosarito-2022","status":"publish","type":"post","link":"https:\/\/dimensionturistica.com\/es\/presentan-el-festival-del-pescado-mariscos-rosarito-2022\/","title":{"rendered":"Presentan El Festival del Pescado &#038; Mariscos Rosarito 2022"},"content":{"rendered":"<p><img decoding=\"async\" class=\"size-medium wp-image-357015 alignright\" src=\"https:\/\/dimensionturistica.com\/es\/wp-content\/uploads\/2022\/07\/Festival-del-pescado-1-300x200.jpeg\" alt=\"\" width=\"300\" height=\"200\" srcset=\"https:\/\/dimensionturistica.com\/es\/wp-content\/uploads\/2022\/07\/Festival-del-pescado-1-300x200.jpeg 300w, https:\/\/dimensionturistica.com\/es\/wp-content\/uploads\/2022\/07\/Festival-del-pescado-1-1024x682.jpeg 1024w, https:\/\/dimensionturistica.com\/es\/wp-content\/uploads\/2022\/07\/Festival-del-pescado-1-768x512.jpeg 768w, https:\/\/dimensionturistica.com\/es\/wp-content\/uploads\/2022\/07\/Festival-del-pescado-1-750x500.jpeg 750w, https:\/\/dimensionturistica.com\/es\/wp-content\/uploads\/2022\/07\/Festival-del-pescado-1-1140x760.jpeg 1140w, https:\/\/dimensionturistica.com\/es\/wp-content\/uploads\/2022\/07\/Festival-del-pescado-1.jpeg 1280w\" sizes=\"(max-width: 300px) 100vw, 300px\" \/> La C\u00e1mara Nacional de la Industria de Restaurantes y Alimentos Condimentados (Canirac) dio a conocer la 31 edici\u00f3n del Festival del Pescado y el Marisco, cuya sede ser\u00e1n los jardines del Hotel Rosarito, el pr\u00f3ximo 7 de agosto.<br \/>\nEste evento se lleva a cabo de manera coordinada entre la Canirac Rosarito, que preside Alan Bautista Plascencia, y la Canirac Tijuana, que encabeza Juan Jos\u00e9 Plascencia Huerta, cuyo objetivo es mostrar lo mejor de la gastronom\u00eda de Baja California.<br \/>\n\u201cEs un festival emblem\u00e1tico que se origin\u00f3 en Tijuana, en 1989, y conforme pas\u00f3 el tiempo el evento fue creciendo hasta llegar a 30 ediciones; la \u00faltima fue en 2019, con una asistencia r\u00e9cord de m\u00e1s de 5 mil personas\u201d, expres\u00f3 Alan Bautista, quien tambi\u00e9n es presidente estatal de Canirac en Baja California.<br \/>\nEl dirigente destac\u00f3 que el Festival del Pescado y el Marisco ha posicionado a Rosarito y Tijuana, pues la gastronom\u00eda de la regi\u00f3n tiene mucho que ver con el producto del mar, por lo que en esta 31 edici\u00f3n se tendr\u00e1 un formato innovador.<br \/>\nBautista Plascencia explic\u00f3 que participar\u00e1n 20 restaurantes y 20 productores de pescado y marisco,<img decoding=\"async\" class=\"size-medium wp-image-357016 alignright\" src=\"https:\/\/dimensionturistica.com\/es\/wp-content\/uploads\/2022\/07\/Festival-del-pescado-2-300x225.jpeg\" alt=\"\" width=\"300\" height=\"225\" srcset=\"https:\/\/dimensionturistica.com\/es\/wp-content\/uploads\/2022\/07\/Festival-del-pescado-2-300x225.jpeg 300w, https:\/\/dimensionturistica.com\/es\/wp-content\/uploads\/2022\/07\/Festival-del-pescado-2-1024x768.jpeg 1024w, https:\/\/dimensionturistica.com\/es\/wp-content\/uploads\/2022\/07\/Festival-del-pescado-2-768x576.jpeg 768w, https:\/\/dimensionturistica.com\/es\/wp-content\/uploads\/2022\/07\/Festival-del-pescado-2-1536x1152.jpeg 1536w, https:\/\/dimensionturistica.com\/es\/wp-content\/uploads\/2022\/07\/Festival-del-pescado-2-750x563.jpeg 750w, https:\/\/dimensionturistica.com\/es\/wp-content\/uploads\/2022\/07\/Festival-del-pescado-2-1140x855.jpeg 1140w, https:\/\/dimensionturistica.com\/es\/wp-content\/uploads\/2022\/07\/Festival-del-pescado-2.jpeg 1600w\" sizes=\"(max-width: 300px) 100vw, 300px\" \/> quienes en d\u00faos se dar\u00e1n a la tarea de preparar un platillo especial para el evento, el cual ofrecer\u00e1n para degustaci\u00f3n.<br \/>\nAunado a la muestra gastron\u00f3mica, agreg\u00f3, habr\u00e1 un programa musical para ambientar el evento en los jardines del Hotel Rosarito, donde el festival se desarrollar\u00e1 del 1 de la tarde a 9 de la noche.<br \/>\nCabe mencionar que habr\u00e1 disponible una aplicaci\u00f3n digital que funciona como gu\u00eda gastron\u00f3mica, con la cual el visitante podr\u00e1 ver la oferta de establecimientos, as\u00ed como las actividades que se desarrollan en Rosarito.<br \/>\nAdem\u00e1s, Alan Bautista apunt\u00f3 que por medio de esta aplicaci\u00f3n los asistentes podr\u00e1n votar por el mejor restaurante durante el Festival.<br \/>\nPor su parte, Adriana Zepeda, directora de Cotuco Rosarito, subray\u00f3 que el Festival del Pescado y el Marisco es un evento ya hist\u00f3rico, el cual se retom\u00f3 despu\u00e9s de dos a\u00f1os en que se vio interrumpido por la pandemia.<br \/>\n\u201cEstamos muy contentos de que regrese el festival este a\u00f1o, por lo que invit\u00f3 a los comensales de la regi\u00f3n y del otro lado de la frontera a asistir y apoyar a los restauranteros y productores, a consumir local, y a disfrutar de las bondades de nuestra industria gastron\u00f3mica, en un escenario por dem\u00e1s espectacular frente al mar\u201d, resalt\u00f3.<br \/>\nFinalmente, los organizadores mencionaron que la 31 edici\u00f3n del Festival del Pescado y el Marisco ser\u00e1 en los jardines del Hotel Rosarito, el pr\u00f3ximo 7 de agosto, de 1 de la tarde a 9 de la noche. El costo de entrada en preventa es de 300 pesos y de 350 pesos el d\u00eda del evento; incluye copa conmemorativa, degustaciones de casas vin\u00edcolas y restaurantes, en tanto que habr\u00e1 venta abierta de platillos y bebidas. La venta de boletos est\u00e1 abierta a trav\u00e9s de la aplicaci\u00f3n Eventbrite en el link: https:\/\/bit.ly\/BoletosFestivalPescadoMariscoRosarito y el d\u00eda del evento.<\/p>\n","protected":false},"excerpt":{"rendered":"<p>La C\u00e1mara Nacional de la Industria de Restaurantes y Alimentos Condimentados (Canirac) dio a conocer la 31 edici\u00f3n del Festival del Pescado y el Marisco, cuya sede ser\u00e1n los jardines del Hotel Rosarito, el pr\u00f3ximo 7 de agosto. Este evento se lleva a cabo de manera coordinada entre la Canirac Rosarito, que preside Alan Bautista [&hellip;]<\/p>\n","protected":false},"author":1,"featured_media":357011,"comment_status":"open","ping_status":"closed","sticky":false,"template":"","format":"standard","meta":{"om_disable_all_campaigns":false,"jnews-multi-image_gallery":[],"jnews_single_post":{"source_name":"","source_url":"","via_name":"","via_url":"","override_template":"0","override":[{"template":"1","single_blog_custom":"","parallax":"1","fullscreen":"1","layout":"right-sidebar","sidebar":"default-sidebar","second_sidebar":"default-sidebar","sticky_sidebar":"1","share_position":"top","share_float_style":"share-monocrhome","show_share_counter":"1","show_view_counter":"1","show_featured":"1","show_post_meta":"1","show_post_author":"1","show_post_author_image":"1","show_post_date":"1","post_date_format":"default","post_date_format_custom":"Y\/m\/d","show_post_category":"1","show_post_reading_time":"0","post_reading_time_wpm":"300","show_zoom_button":"0","zoom_button_out_step":"2","zoom_button_in_step":"3","show_post_tag":"1","show_prev_next_post":"1","show_popup_post":"1","number_popup_post":"1","show_author_box":"0","show_post_related":"0","show_inline_post_related":"0"}],"override_image_size":"0","image_override":[{"single_post_thumbnail_size":"crop-500","single_post_gallery_size":"crop-500"}],"trending_post":"0","trending_post_position":"meta","trending_post_label":"Trending","sponsored_post":"0","sponsored_post_label":"Sponsored by","sponsored_post_name":"","sponsored_post_url":"","sponsored_post_logo_enable":"0","sponsored_post_logo":"","sponsored_post_desc":"","disable_ad":"0"},"jnews_primary_category":{"id":""},"jnews_social_meta":{"fb_title":"","fb_description":"","fb_image":"","twitter_title":"","twitter_description":"","twitter_image":""},"footnotes":""},"categories":[43],"tags":[],"class_list":["post-356986","post","type-post","status-publish","format-standard","has-post-thumbnail","hentry","category-gourmet"],"_links":{"self":[{"href":"https:\/\/dimensionturistica.com\/es\/wp-json\/wp\/v2\/posts\/356986","targetHints":{"allow":["GET"]}}],"collection":[{"href":"https:\/\/dimensionturistica.com\/es\/wp-json\/wp\/v2\/posts"}],"about":[{"href":"https:\/\/dimensionturistica.com\/es\/wp-json\/wp\/v2\/types\/post"}],"author":[{"embeddable":true,"href":"https:\/\/dimensionturistica.com\/es\/wp-json\/wp\/v2\/users\/1"}],"replies":[{"embeddable":true,"href":"https:\/\/dimensionturistica.com\/es\/wp-json\/wp\/v2\/comments?post=356986"}],"version-history":[{"count":0,"href":"https:\/\/dimensionturistica.com\/es\/wp-json\/wp\/v2\/posts\/356986\/revisions"}],"wp:featuredmedia":[{"embeddable":true,"href":"https:\/\/dimensionturistica.com\/es\/wp-json\/wp\/v2\/media\/357011"}],"wp:attachment":[{"href":"https:\/\/dimensionturistica.com\/es\/wp-json\/wp\/v2\/media?parent=356986"}],"wp:term":[{"taxonomy":"category","embeddable":true,"href":"https:\/\/dimensionturistica.com\/es\/wp-json\/wp\/v2\/categories?post=356986"},{"taxonomy":"post_tag","embeddable":true,"href":"https:\/\/dimensionturistica.com\/es\/wp-json\/wp\/v2\/tags?post=356986"}],"curies":[{"name":"wp","href":"https:\/\/api.w.org\/{rel}","templated":true}]}}