{"id":356972,"date":"2022-07-20T21:53:24","date_gmt":"2022-07-20T21:53:24","guid":{"rendered":"https:\/\/dimensionturistica.com\/es\/?p=356972"},"modified":"2022-07-20T21:53:24","modified_gmt":"2022-07-20T21:53:24","slug":"conmemoran-al-servicio-postal-mexicano-la-gobernadora-marina-del-pilar-por-el-70-aniversario-de-baja-california","status":"publish","type":"post","link":"https:\/\/dimensionturistica.com\/es\/conmemoran-al-servicio-postal-mexicano-la-gobernadora-marina-del-pilar-por-el-70-aniversario-de-baja-california\/","title":{"rendered":"Conmemoran al Servicio Postal Mexicano la Gobernadora Marina del Pilar por el 70 Aniversario de Baja California"},"content":{"rendered":"<p><img decoding=\"async\" class=\"size-medium wp-image-356974 alignright\" src=\"https:\/\/dimensionturistica.com\/es\/wp-content\/uploads\/2022\/07\/Baja-California-2-300x200.jpeg\" alt=\"\" width=\"300\" height=\"200\" srcset=\"https:\/\/dimensionturistica.com\/es\/wp-content\/uploads\/2022\/07\/Baja-California-2-300x200.jpeg 300w, https:\/\/dimensionturistica.com\/es\/wp-content\/uploads\/2022\/07\/Baja-California-2-768x512.jpeg 768w, https:\/\/dimensionturistica.com\/es\/wp-content\/uploads\/2022\/07\/Baja-California-2-750x500.jpeg 750w, https:\/\/dimensionturistica.com\/es\/wp-content\/uploads\/2022\/07\/Baja-California-2.jpeg 1024w\" sizes=\"(max-width: 300px) 100vw, 300px\" \/>En pleno reconocimiento al valor y la importancia que tiene Baja California para el desarrollo y la cultura de nuestro pa\u00eds, la Gobernadora Marina del Pilar Avila Olmeda y la Directora General del Servicio Postal, Roc\u00edo B\u00e1rcena Molina, encabezaron la ceremonia de emisi\u00f3n de la estampilla conmemorativa del septuag\u00e9simo aniversario del Estado, en las instalaciones del Palacio Postal en el Centro Hist\u00f3rico de Ciudad de M\u00e9xico.<br \/>\nEn el evento la titular del Servicio Postal realiz\u00f3 una remembranza de la fundaci\u00f3n de la entidad y c\u00f3mo \u00e9sta se ha transformado en una las entidades m\u00e1s din\u00e1micas de nuestra naci\u00f3n.<br \/>\nLa mandataria bajacaliforniana destac\u00f3 el car\u00e1cter hist\u00f3rico del evento, y resalt\u00f3 el honor que representa para las y los bajacalifornianos ser reconocidos desde el Palacio Postal, espacio con m\u00e1s de 115 a\u00f1os de trayectoria que ha sido testigo de episodios de alta relevancia de la vida nacional.<br \/>\nEn su mensaje explic\u00f3 que en el territorio del Estado viven casi cuatro millones de personas, un alto porcentaje de las cuales proceden de otras regiones de M\u00e9xico y el mundo, mismas que han visto en Baja California una esperanza de vivir mejor.<img decoding=\"async\" class=\"size-medium wp-image-356975 alignright\" src=\"https:\/\/dimensionturistica.com\/es\/wp-content\/uploads\/2022\/07\/Baja-California-4-300x205.jpeg\" alt=\"\" width=\"300\" height=\"205\" srcset=\"https:\/\/dimensionturistica.com\/es\/wp-content\/uploads\/2022\/07\/Baja-California-4-300x205.jpeg 300w, https:\/\/dimensionturistica.com\/es\/wp-content\/uploads\/2022\/07\/Baja-California-4-768x525.jpeg 768w, https:\/\/dimensionturistica.com\/es\/wp-content\/uploads\/2022\/07\/Baja-California-4-750x513.jpeg 750w, https:\/\/dimensionturistica.com\/es\/wp-content\/uploads\/2022\/07\/Baja-California-4.jpeg 1024w\" sizes=\"(max-width: 300px) 100vw, 300px\" \/><br \/>\n\u201cBaja California es tierra de oportunidades e innovaci\u00f3n, de dinamismo y fuerza de voluntad, son ya siete municipios y cada uno de ello cuenta con los \u00edndices de desarrollo humano m\u00e1s elevados de nuestro M\u00e9xico\u201d, sostuvo la Jefa del Poder Ejecutivo del Estado, quien resalt\u00f3 que la estampilla muestra s\u00edmbolos tan variados como el Valle de Mexicali y el puerto de Ensenada, las regiones monta\u00f1osas, el desierto, espacios culturales como La Chinesca y formaciones naturales como La Rumorosa. Cada imagen constituye la esencia de Baja California.<br \/>\nEn el mismo sentido, Avila Olmeda narr\u00f3 que el 16 de enero de 1952 el entonces Presidente de M\u00e9xico, Miguel Alem\u00e1n Vald\u00e9s, public\u00f3 un decreto que reform\u00f3 la Constituci\u00f3n Pol\u00edtica de los Estados Unidos Mexicanos en el cual Baja California se integra a la Federaci\u00f3n como un Estado, teniendo un a\u00f1o despu\u00e9s sus primeras elecciones estatales, resultando electo Braulio Maldonado como el primer Gobernador Constitucional. En ese sentido, la Gobernadora expres\u00f3 que, en dichas elecciones, las de 1953, tambi\u00e9n coincidi\u00f3 con el decreto presidencial que otorgaba a las mujeres el derecho a votar, por lo que la primera elecci\u00f3n estatal tambi\u00e9n fue la primera en que votaron las mujeres.<br \/>\n\u201cNuestro nacimiento como Estado federado tambi\u00e9n coincide con el nacimiento del voto femenino. Siete d\u00e9cadas despu\u00e9s, las y los bajacalifornianos me otorgaron la confianza de ser la primera gobernadora en esta nobel tierra lo cual es un honor y un enorme compromiso\u201d, subray\u00f3, y continu\u00f3 se\u00f1alando que \u201clo que est\u00e1 representado en la estampilla es nuestra Baja California, donde innovar y emprender es nuestro estilo de vida, donde los retos y los desaf\u00edos son nuestra vida cotidiana. Esta estampilla es nuestra Baja California\u201d. Cabe se\u00f1alar que dicha estampilla cuenta con fotograf\u00edas que representan diversos aspectos<img decoding=\"async\" class=\"size-medium wp-image-356976 alignright\" src=\"https:\/\/dimensionturistica.com\/es\/wp-content\/uploads\/2022\/07\/Baja-California-3-300x200.jpeg\" alt=\"\" width=\"300\" height=\"200\" srcset=\"https:\/\/dimensionturistica.com\/es\/wp-content\/uploads\/2022\/07\/Baja-California-3-300x200.jpeg 300w, https:\/\/dimensionturistica.com\/es\/wp-content\/uploads\/2022\/07\/Baja-California-3-768x512.jpeg 768w, https:\/\/dimensionturistica.com\/es\/wp-content\/uploads\/2022\/07\/Baja-California-3-750x500.jpeg 750w, https:\/\/dimensionturistica.com\/es\/wp-content\/uploads\/2022\/07\/Baja-California-3.jpeg 1024w\" sizes=\"(max-width: 300px) 100vw, 300px\" \/> de la geograf\u00eda, la sociedad y la cultura estatal.<br \/>\nPor su parte, B\u00e1rcena Molina coment\u00f3 que las estampillas postales se han convertido embajadoras culturales que han narrado episodios de la historia de M\u00e9xico desde 1856, ya que gran parte de ellas recorren todos los rincones del pa\u00eds y de 191 pa\u00edses, mostrando diversos aspectos de la riqueza de nuestro pa\u00eds, lo que las convierte en muestras tangibles del orgullo que tienen las y los mexicanos de su historia y cultura. Hizo \u00e9nfasis en que ya hay solicitudes de parte de coleccionistas nacionales e internacionales para integrar el timbre conmemorativo a sus archivos.<br \/>\n\u201cReitero mi agradecimiento a la Gobernadora Marina de Pilar Avila Olmeda en nombre de 13 mil 500 trabajadores postales de todo el pa\u00eds, entre ellos siete mil carteros que reparten 28 millones recibos de luz bimestralmente y en Baja California tambi\u00e9n, all\u00e1 est\u00e1n 140 carteros, que diario recorren los siete municipios que componen el Estado de Baja California\u201d, manifest\u00f3 B\u00e1rcena Molina, haciendo reconocimiento al personal que se dedica a mantener el correo vivo en nuestro pa\u00eds, contando con el apoyo de las entidades, siendo Baja California una de las principales.<br \/>\nPosteriormente, Avila Olmeda y B\u00e1rcena Molina realizando un recorrido por las instalaciones del Palacio Postal, mostrando al p\u00fablico en general y a la Jefa del Poder Ejecutivo del Estado la historia del servicio postal en M\u00e9xico, as\u00ed como la importancia que \u00e9ste ha tenido para forjar el desarrollo social, econ\u00f3mico, cultural y pol\u00edtico nacional a lo largo de los a\u00f1os, desde la emisi\u00f3n de la primera estampilla hace 166 a\u00f1os.<\/p>\n","protected":false},"excerpt":{"rendered":"<p>En pleno reconocimiento al valor y la importancia que tiene Baja California para el desarrollo y la cultura de nuestro pa\u00eds, la Gobernadora Marina del Pilar Avila Olmeda y la Directora General del Servicio Postal, Roc\u00edo B\u00e1rcena Molina, encabezaron la ceremonia de emisi\u00f3n de la estampilla conmemorativa del septuag\u00e9simo aniversario del Estado, en las instalaciones [&hellip;]<\/p>\n","protected":false},"author":1,"featured_media":356973,"comment_status":"open","ping_status":"closed","sticky":false,"template":"","format":"standard","meta":{"om_disable_all_campaigns":false,"jnews-multi-image_gallery":[],"jnews_single_post":{"source_name":"","source_url":"","via_name":"","via_url":"","override_template":"0","override":[{"template":"1","single_blog_custom":"","parallax":"1","fullscreen":"1","layout":"right-sidebar","sidebar":"default-sidebar","second_sidebar":"default-sidebar","sticky_sidebar":"1","share_position":"top","share_float_style":"share-monocrhome","show_share_counter":"1","show_view_counter":"1","show_featured":"1","show_post_meta":"1","show_post_author":"1","show_post_author_image":"1","show_post_date":"1","post_date_format":"default","post_date_format_custom":"Y\/m\/d","show_post_category":"1","show_post_reading_time":"0","post_reading_time_wpm":"300","show_zoom_button":"0","zoom_button_out_step":"2","zoom_button_in_step":"3","show_post_tag":"1","show_prev_next_post":"1","show_popup_post":"1","number_popup_post":"1","show_author_box":"0","show_post_related":"0","show_inline_post_related":"0"}],"override_image_size":"0","image_override":[{"single_post_thumbnail_size":"crop-500","single_post_gallery_size":"crop-500"}],"trending_post":"0","trending_post_position":"meta","trending_post_label":"Trending","sponsored_post":"0","sponsored_post_label":"Sponsored by","sponsored_post_name":"","sponsored_post_url":"","sponsored_post_logo_enable":"0","sponsored_post_logo":"","sponsored_post_desc":"","disable_ad":"0"},"jnews_primary_category":{"id":""},"jnews_social_meta":{"fb_title":"","fb_description":"","fb_image":"","twitter_title":"","twitter_description":"","twitter_image":""},"footnotes":""},"categories":[39],"tags":[],"class_list":["post-356972","post","type-post","status-publish","format-standard","has-post-thumbnail","hentry","category-viajes"],"_links":{"self":[{"href":"https:\/\/dimensionturistica.com\/es\/wp-json\/wp\/v2\/posts\/356972","targetHints":{"allow":["GET"]}}],"collection":[{"href":"https:\/\/dimensionturistica.com\/es\/wp-json\/wp\/v2\/posts"}],"about":[{"href":"https:\/\/dimensionturistica.com\/es\/wp-json\/wp\/v2\/types\/post"}],"author":[{"embeddable":true,"href":"https:\/\/dimensionturistica.com\/es\/wp-json\/wp\/v2\/users\/1"}],"replies":[{"embeddable":true,"href":"https:\/\/dimensionturistica.com\/es\/wp-json\/wp\/v2\/comments?post=356972"}],"version-history":[{"count":0,"href":"https:\/\/dimensionturistica.com\/es\/wp-json\/wp\/v2\/posts\/356972\/revisions"}],"wp:featuredmedia":[{"embeddable":true,"href":"https:\/\/dimensionturistica.com\/es\/wp-json\/wp\/v2\/media\/356973"}],"wp:attachment":[{"href":"https:\/\/dimensionturistica.com\/es\/wp-json\/wp\/v2\/media?parent=356972"}],"wp:term":[{"taxonomy":"category","embeddable":true,"href":"https:\/\/dimensionturistica.com\/es\/wp-json\/wp\/v2\/categories?post=356972"},{"taxonomy":"post_tag","embeddable":true,"href":"https:\/\/dimensionturistica.com\/es\/wp-json\/wp\/v2\/tags?post=356972"}],"curies":[{"name":"wp","href":"https:\/\/api.w.org\/{rel}","templated":true}]}}