{"id":356921,"date":"2022-07-20T21:03:59","date_gmt":"2022-07-20T21:03:59","guid":{"rendered":"https:\/\/dimensionturistica.com\/es\/?p=356921"},"modified":"2022-07-20T21:03:59","modified_gmt":"2022-07-20T21:03:59","slug":"las-aerolineas-dejan-sin-responder-76-de-las-preguntas-y-quejas-en-redes-sociales-a-nivel-mundial","status":"publish","type":"post","link":"https:\/\/dimensionturistica.com\/es\/las-aerolineas-dejan-sin-responder-76-de-las-preguntas-y-quejas-en-redes-sociales-a-nivel-mundial\/","title":{"rendered":"Las aerol\u00edneas dejan sin responder 76% de las preguntas y quejas en redes sociales a nivel mundial"},"content":{"rendered":"<p><img decoding=\"async\" class=\"size-medium wp-image-356934 alignright\" src=\"https:\/\/dimensionturistica.com\/es\/wp-content\/uploads\/2022\/07\/AVION2-300x169.jpg\" alt=\"\" width=\"300\" height=\"169\" srcset=\"https:\/\/dimensionturistica.com\/es\/wp-content\/uploads\/2022\/07\/AVION2-300x169.jpg 300w, https:\/\/dimensionturistica.com\/es\/wp-content\/uploads\/2022\/07\/AVION2.jpg 500w\" sizes=\"(max-width: 300px) 100vw, 300px\" \/>Emplifi, la plataforma unificada l\u00edder en experiencia del cliente (CX), dio a conocer un an\u00e1lisis comparativo sobre el uso de las redes sociales en la atenci\u00f3n al cliente en diversas industrias. En particular, y dado el inicio de la temporada vacacional, es de destacar que las aerol\u00edneas muestran un desempe\u00f1o regular ante las preguntas y quejas de sus clientes en redes sociales.<br \/>\nLa industria aerocomercial ocupa la segunda posici\u00f3n a nivel mundial -s\u00f3lo superada por el sector de las telecomunicaciones- en cuanto a la velocidad con que responden a los clientes, tanto en Twitter, con un promedio de 1.7 horas, como en Facebook, con 5.4 horas (ver figura I). No obstante, cuando se trata de la tasa de respuesta, seg\u00fan Emplifi, aproximadamente 76% de las preguntas en redes se quedaron sin respuesta durante el periodo 1 de enero de 2022 al 28 de abril de 2022 (ver figura II). Esto indica que aunque los equipos de atenci\u00f3n de las aerol\u00edneas contestan r\u00e1pidamente a las consultas de los clientes en Facebook y Twitter, una gran proporci\u00f3n de los comentarios no est\u00e1n siendo atendidos.<br \/>\nLos datos de Emplifi muestran que, en M\u00e9xico, por ejemplo, s\u00f3lo 20% de las consultas de pasajeros en redes es respondida por las aerol\u00edneas (ver figura III), lo que resulta de gran trascendencia cuando de acuerdo con la CONANACO, se espera que este a\u00f1o las vacaciones de verano en el pa\u00eds muestren una recuperaci\u00f3n de 100%, se movilicen 25 millones de pasajeros por v\u00eda a\u00e9rea, y se genere una derrama econ\u00f3mica de 670 mil millones de pesos.<img decoding=\"async\" class=\"size-medium wp-image-356935 alignright\" src=\"https:\/\/dimensionturistica.com\/es\/wp-content\/uploads\/2022\/07\/AVION1-300x200.jpg\" alt=\"\" width=\"300\" height=\"200\" srcset=\"https:\/\/dimensionturistica.com\/es\/wp-content\/uploads\/2022\/07\/AVION1-300x200.jpg 300w, https:\/\/dimensionturistica.com\/es\/wp-content\/uploads\/2022\/07\/AVION1.jpg 500w\" sizes=\"(max-width: 300px) 100vw, 300px\" \/><br \/>\nA nivel mundial, se prev\u00e9, asimismo, que este verano las personas recuperen el tiempo perdido por las restricciones de COVID-19. Seg\u00fan Adobe Digital Economy Index, las ventas de boletos de avi\u00f3n est\u00e1n alcanzando niveles r\u00e9cord, por lo que la capacidad de las aerol\u00edneas de responder r\u00e1pidamente en las redes sociales ser\u00e1 crucial.<br \/>\nLa importancia de la atenci\u00f3n al cliente<br \/>\nSeg\u00fan otro estudio de Emplifi, la mayor\u00eda de los consumidores califica como los dos factores principales para favorecer a una marca, tanto el acceso 24\/7 a su servicio al cliente, como tiempos de respuesta r\u00e1pidos. Asimismo, 86% de los consumidores afirma que suele abandonar una marca en la que confiaba tras s\u00f3lo dos malas experiencias.<br \/>\n\u201cSi bien las marcas entienden ahora la importancia de proporcionar un buen servicio al cliente, todav\u00eda se enfrentan al desaf\u00edo de poder responder a la misma velocidad con la que evolucionan las expectativas de los clientes\u201d, afirm\u00f3 Juan Carlos Luj\u00e1n, director regional de Emplifi en Am\u00e9rica Latina. \u201cEn este sentido, es indispensable que eval\u00faen y ajusten constantemente su estrategia de CX para alinearse con la visi\u00f3n que tiene el cliente de lo que es un servicio excepcional. Como ya lo saben las marcas exitosas en CX, las grandes experiencias aumentan la lealtad del cliente, y desde luego incrementan las ganancias\u201d.<br \/>\nEl post What to Know About Social Customer Care in the Airline Industry Today de Emplifi incluye m\u00e9tricas, gr\u00e1ficos y an\u00e1lisis adicionales sobre c\u00f3mo las industrias utilizan las redes sociales para responder a las preguntas y quejas de los clientes. Puedes consultarlo aqu\u00ed.<\/p>\n<p>&nbsp;<\/p>\n","protected":false},"excerpt":{"rendered":"<p>Emplifi, la plataforma unificada l\u00edder en experiencia del cliente (CX), dio a conocer un an\u00e1lisis comparativo sobre el uso de las redes sociales en la atenci\u00f3n al cliente en diversas industrias. En particular, y dado el inicio de la temporada vacacional, es de destacar que las aerol\u00edneas muestran un desempe\u00f1o regular ante las preguntas y [&hellip;]<\/p>\n","protected":false},"author":1,"featured_media":356928,"comment_status":"open","ping_status":"closed","sticky":false,"template":"","format":"standard","meta":{"om_disable_all_campaigns":false,"jnews-multi-image_gallery":[],"jnews_single_post":{"source_name":"","source_url":"","via_name":"","via_url":"","override_template":"0","override":[{"template":"1","single_blog_custom":"","parallax":"1","fullscreen":"1","layout":"right-sidebar","sidebar":"default-sidebar","second_sidebar":"default-sidebar","sticky_sidebar":"1","share_position":"top","share_float_style":"share-monocrhome","show_share_counter":"1","show_view_counter":"1","show_featured":"1","show_post_meta":"1","show_post_author":"1","show_post_author_image":"1","show_post_date":"1","post_date_format":"default","post_date_format_custom":"Y\/m\/d","show_post_category":"1","show_post_reading_time":"0","post_reading_time_wpm":"300","show_zoom_button":"0","zoom_button_out_step":"2","zoom_button_in_step":"3","show_post_tag":"1","show_prev_next_post":"1","show_popup_post":"1","number_popup_post":"1","show_author_box":"0","show_post_related":"0","show_inline_post_related":"0"}],"override_image_size":"0","image_override":[{"single_post_thumbnail_size":"crop-500","single_post_gallery_size":"crop-500"}],"trending_post":"0","trending_post_position":"meta","trending_post_label":"Trending","sponsored_post":"0","sponsored_post_label":"Sponsored by","sponsored_post_name":"","sponsored_post_url":"","sponsored_post_logo_enable":"0","sponsored_post_logo":"","sponsored_post_desc":"","disable_ad":"0"},"jnews_primary_category":{"id":""},"jnews_social_meta":{"fb_title":"","fb_description":"","fb_image":"","twitter_title":"","twitter_description":"","twitter_image":""},"footnotes":""},"categories":[39],"tags":[],"class_list":["post-356921","post","type-post","status-publish","format-standard","has-post-thumbnail","hentry","category-viajes"],"_links":{"self":[{"href":"https:\/\/dimensionturistica.com\/es\/wp-json\/wp\/v2\/posts\/356921","targetHints":{"allow":["GET"]}}],"collection":[{"href":"https:\/\/dimensionturistica.com\/es\/wp-json\/wp\/v2\/posts"}],"about":[{"href":"https:\/\/dimensionturistica.com\/es\/wp-json\/wp\/v2\/types\/post"}],"author":[{"embeddable":true,"href":"https:\/\/dimensionturistica.com\/es\/wp-json\/wp\/v2\/users\/1"}],"replies":[{"embeddable":true,"href":"https:\/\/dimensionturistica.com\/es\/wp-json\/wp\/v2\/comments?post=356921"}],"version-history":[{"count":0,"href":"https:\/\/dimensionturistica.com\/es\/wp-json\/wp\/v2\/posts\/356921\/revisions"}],"wp:featuredmedia":[{"embeddable":true,"href":"https:\/\/dimensionturistica.com\/es\/wp-json\/wp\/v2\/media\/356928"}],"wp:attachment":[{"href":"https:\/\/dimensionturistica.com\/es\/wp-json\/wp\/v2\/media?parent=356921"}],"wp:term":[{"taxonomy":"category","embeddable":true,"href":"https:\/\/dimensionturistica.com\/es\/wp-json\/wp\/v2\/categories?post=356921"},{"taxonomy":"post_tag","embeddable":true,"href":"https:\/\/dimensionturistica.com\/es\/wp-json\/wp\/v2\/tags?post=356921"}],"curies":[{"name":"wp","href":"https:\/\/api.w.org\/{rel}","templated":true}]}}