{"id":356812,"date":"2022-07-20T18:43:56","date_gmt":"2022-07-20T18:43:56","guid":{"rendered":"https:\/\/dimensionturistica.com\/es\/?p=356812"},"modified":"2022-07-20T19:59:07","modified_gmt":"2022-07-20T19:59:07","slug":"denuncian-la-profanacion-de-la-tumba-del-compositor-mexicano-jose-f-vasquez","status":"publish","type":"post","link":"https:\/\/dimensionturistica.com\/es\/denuncian-la-profanacion-de-la-tumba-del-compositor-mexicano-jose-f-vasquez\/","title":{"rendered":"Denuncian la profanaci\u00f3n de la tumba del compositor mexicano Jos\u00e9 F. V\u00e1squez"},"content":{"rendered":"<p><img decoding=\"async\" class=\"size-medium wp-image-356849 alignright\" src=\"https:\/\/dimensionturistica.com\/es\/wp-content\/uploads\/2022\/07\/Tumba-2.-Foto-Jose-J.-Vasquez-225x300.jpeg\" alt=\"\" width=\"225\" height=\"300\" srcset=\"https:\/\/dimensionturistica.com\/es\/wp-content\/uploads\/2022\/07\/Tumba-2.-Foto-Jose-J.-Vasquez-225x300.jpeg 225w, https:\/\/dimensionturistica.com\/es\/wp-content\/uploads\/2022\/07\/Tumba-2.-Foto-Jose-J.-Vasquez-768x1024.jpeg 768w, https:\/\/dimensionturistica.com\/es\/wp-content\/uploads\/2022\/07\/Tumba-2.-Foto-Jose-J.-Vasquez-1152x1536.jpeg 1152w, https:\/\/dimensionturistica.com\/es\/wp-content\/uploads\/2022\/07\/Tumba-2.-Foto-Jose-J.-Vasquez-750x1000.jpeg 750w, https:\/\/dimensionturistica.com\/es\/wp-content\/uploads\/2022\/07\/Tumba-2.-Foto-Jose-J.-Vasquez-1140x1520.jpeg 1140w, https:\/\/dimensionturistica.com\/es\/wp-content\/uploads\/2022\/07\/Tumba-2.-Foto-Jose-J.-Vasquez.jpeg 1500w\" sizes=\"(max-width: 225px) 100vw, 225px\" \/>La tumba en que reposan los restos del compositor mexicano Jos\u00e9 F. V\u00e1squez (1896- 1961), en el Pante\u00f3n Franc\u00e9s de la Ciudad de M\u00e9xico, ha sido profanada, denunci\u00f3 hoy Jos\u00e9 J. V\u00e1squez Torres, hijo del m\u00fasico jalisciense, autor de m\u00e1s de 200 obras musicales.<br \/>\nEl escritor mexicano, quien reside en Barcelona, dio a conocer en rueda de prensa virtual que ha iniciado una querella legal contra quien resulte responsable, despu\u00e9s de encontrar forzada la cerradura de la capilla funeraria, que ha sido destruida, como evidenci\u00f3 con una serie de fotograf\u00edas tomadas en el sitio.<br \/>\n\u201cEs ignominioso y muy triste ver que la capilla de un ilustre universitario, Hijo Predilecto del Estado de Jalisco, est\u00e9 convertida en una bodeguita: alguien rompi\u00f3 el candado y meti\u00f3 sus arreos de trabajo y pedazos de losa. La l\u00e1pida desapareci\u00f3\u201d, describi\u00f3.<br \/>\nV\u00e1squez ha dedicado los \u00faltimos 36 a\u00f1os al rescate del profuso legado de su padre -nacido en Arandas,<img decoding=\"async\" class=\"size-medium wp-image-356850 alignright\" src=\"https:\/\/dimensionturistica.com\/es\/wp-content\/uploads\/2022\/07\/Tumba-1.-Foto-Jose-J.-Vasquez-225x300.jpg\" alt=\"\" width=\"225\" height=\"300\" srcset=\"https:\/\/dimensionturistica.com\/es\/wp-content\/uploads\/2022\/07\/Tumba-1.-Foto-Jose-J.-Vasquez-225x300.jpg 225w, https:\/\/dimensionturistica.com\/es\/wp-content\/uploads\/2022\/07\/Tumba-1.-Foto-Jose-J.-Vasquez-768x1024.jpg 768w, https:\/\/dimensionturistica.com\/es\/wp-content\/uploads\/2022\/07\/Tumba-1.-Foto-Jose-J.-Vasquez-1152x1536.jpg 1152w, https:\/\/dimensionturistica.com\/es\/wp-content\/uploads\/2022\/07\/Tumba-1.-Foto-Jose-J.-Vasquez-750x1000.jpg 750w, https:\/\/dimensionturistica.com\/es\/wp-content\/uploads\/2022\/07\/Tumba-1.-Foto-Jose-J.-Vasquez-1140x1520.jpg 1140w, https:\/\/dimensionturistica.com\/es\/wp-content\/uploads\/2022\/07\/Tumba-1.-Foto-Jose-J.-Vasquez.jpg 1500w\" sizes=\"(max-width: 225px) 100vw, 225px\" \/> Jalisco- el cual qued\u00f3 disperso tras su muerte, impidiendo que esta obra musical pudiera ser estudiada y difundida.<br \/>\nHasta donde se conoce, el cat\u00e1logo del m\u00fasico se compone de m\u00e1s de 200 creaciones -de ellas 187 partituras recuperadas-, entre las que destacan cuatro sinfon\u00edas, tres conciertos para piano y orquesta, y dos para viol\u00edn y orquesta; tres poemas sinf\u00f3nicos y un ballet.<br \/>\nTambi\u00e9n incluye 61 canciones de concierto -que a decir de V\u00e1squez hijo, es probablemente la producci\u00f3n m\u00e1s amplia de lieder entre los compositores mexicanos- y siete \u00f3peras.<br \/>\nEste vasto acervo permaneci\u00f3 por d\u00e9cadas en el olvido. \u201cHa sido una b\u00fasqueda muy larga. Todo a contracorriente, sin apoyo financiero ni de las instituciones.<br \/>\nPara darse una idea: algunas partituras las rescat\u00e9 de bazares en La Lagunilla\u201d, se\u00f1al\u00f3 el heredero universal de dicho legado, quien describe a su padre como \u201cun gran<img decoding=\"async\" class=\"size-medium wp-image-356851 alignright\" src=\"https:\/\/dimensionturistica.com\/es\/wp-content\/uploads\/2022\/07\/Resguardo-en-Cenidim-225x300.jpeg\" alt=\"\" width=\"225\" height=\"300\" srcset=\"https:\/\/dimensionturistica.com\/es\/wp-content\/uploads\/2022\/07\/Resguardo-en-Cenidim-225x300.jpeg 225w, https:\/\/dimensionturistica.com\/es\/wp-content\/uploads\/2022\/07\/Resguardo-en-Cenidim-768x1024.jpeg 768w, https:\/\/dimensionturistica.com\/es\/wp-content\/uploads\/2022\/07\/Resguardo-en-Cenidim-1152x1536.jpeg 1152w, https:\/\/dimensionturistica.com\/es\/wp-content\/uploads\/2022\/07\/Resguardo-en-Cenidim-750x1000.jpeg 750w, https:\/\/dimensionturistica.com\/es\/wp-content\/uploads\/2022\/07\/Resguardo-en-Cenidim-1140x1520.jpeg 1140w, https:\/\/dimensionturistica.com\/es\/wp-content\/uploads\/2022\/07\/Resguardo-en-Cenidim.jpeg 1200w\" sizes=\"(max-width: 225px) 100vw, 225px\" \/> fantasma de la m\u00fasica mexicana\u201d.<br \/>\nPoseedor de una trayectoria internacional como director de orquesta, Jos\u00e9 F.<br \/>\nV\u00e1squez tuvo colaboraciones, entre otras, con la orquesta de la BBC de Londres y Radio Francia. Fue el primer mexicano en dirigir en Jap\u00f3n.<br \/>\nAdem\u00e1s, fue un imparable promotor musical y creador de instituciones fundamentales en M\u00e9xico, como la Orquesta Filarm\u00f3nica de la UNAM y la actual Facultad de M\u00fasica de esa casa de estudios, tambi\u00e9n sent\u00f3 las bases del proyecto que dio forma a Radio UNAM, as\u00ed como de la Escuela Libre de M\u00fasica que lleva su nombre, y la Compa\u00f1\u00eda Mexicana de \u00d3pera.<br \/>\nA su v\u00e1stago le tom\u00f3 d\u00e9cadas que su obra sea interpretada, incluso por la orquesta universitaria que \u00e9l mismo fund\u00f3. Situaci\u00f3n que, gracias a su esfuerzo, comienza a<img decoding=\"async\" class=\"size-medium wp-image-356853 alignright\" src=\"https:\/\/dimensionturistica.com\/es\/wp-content\/uploads\/2022\/07\/La-investigadora-Enid-Negrete-revisa-el-archivo-en-la-ESMUFAA-196x300.jpeg\" alt=\"\" width=\"196\" height=\"300\" srcset=\"https:\/\/dimensionturistica.com\/es\/wp-content\/uploads\/2022\/07\/La-investigadora-Enid-Negrete-revisa-el-archivo-en-la-ESMUFAA-196x300.jpeg 196w, https:\/\/dimensionturistica.com\/es\/wp-content\/uploads\/2022\/07\/La-investigadora-Enid-Negrete-revisa-el-archivo-en-la-ESMUFAA-669x1024.jpeg 669w, https:\/\/dimensionturistica.com\/es\/wp-content\/uploads\/2022\/07\/La-investigadora-Enid-Negrete-revisa-el-archivo-en-la-ESMUFAA-768x1175.jpeg 768w, https:\/\/dimensionturistica.com\/es\/wp-content\/uploads\/2022\/07\/La-investigadora-Enid-Negrete-revisa-el-archivo-en-la-ESMUFAA-1004x1536.jpeg 1004w, https:\/\/dimensionturistica.com\/es\/wp-content\/uploads\/2022\/07\/La-investigadora-Enid-Negrete-revisa-el-archivo-en-la-ESMUFAA-750x1147.jpeg 750w, https:\/\/dimensionturistica.com\/es\/wp-content\/uploads\/2022\/07\/La-investigadora-Enid-Negrete-revisa-el-archivo-en-la-ESMUFAA.jpeg 1046w\" sizes=\"(max-width: 196px) 100vw, 196px\" \/> revertirse, como muestra el reestreno del Concierto n\u00famero 1 para viol\u00edn y orquesta (1921), interpretado en junio pasado por la violinista francesa Anna G\u00f6ckel con la OFUNAM, en la Sala Nezahualc\u00f3yotl, bajo la batuta de Ludwig Carrasco.<br \/>\nFue Carrasco quien hall\u00f3 el manuscrito, por casualidad, en la Biblioteca de la Facultad de M\u00fasica de la Universidad Nacional Aut\u00f3noma de M\u00e9xico, donde se encuentra resguardado.<br \/>\nEl Archivo Jos\u00e9 F. V\u00e1squez tiene nueva casa en Puebla En la conferencia de prensa, V\u00e1squez Torres habl\u00f3 de los proyectos m\u00e1s relevantes de recuperaci\u00f3n y difusi\u00f3n del legado de su padre. Estuvo acompa\u00f1ado por Enid Negrete Luna, doctora en Artes Esc\u00e9nicas por la Universidad de Barcelona e investigadora de \u00f3pera; Gabriel Parey\u00f3n, music\u00f3logo y experto en la figura del compositor, y por Rodolfo Ritter, quien prepara la grabaci\u00f3n de tres conciertos para piano del jalisciense.<br \/>\nAsimismo, se destac\u00f3 la entrega, este 15 de julio, del archivo Jos\u00e9 F. V\u00e1squez a la Escuela Superior de M\u00fasica Fausto de Andr\u00e9s y Aguirre (ESMUFAA), ubicada en Cholula, Puebla, para su salvaguarda, estudio y<img decoding=\"async\" class=\"size-medium wp-image-356854 alignright\" src=\"https:\/\/dimensionturistica.com\/es\/wp-content\/uploads\/2022\/07\/Jose-Vasquez-hijo.-Entrega-del-archivo-a-la-Esmufaa.-300x300.jpeg\" alt=\"\" width=\"300\" height=\"300\" srcset=\"https:\/\/dimensionturistica.com\/es\/wp-content\/uploads\/2022\/07\/Jose-Vasquez-hijo.-Entrega-del-archivo-a-la-Esmufaa.-300x300.jpeg 300w, https:\/\/dimensionturistica.com\/es\/wp-content\/uploads\/2022\/07\/Jose-Vasquez-hijo.-Entrega-del-archivo-a-la-Esmufaa.-1024x1024.jpeg 1024w, https:\/\/dimensionturistica.com\/es\/wp-content\/uploads\/2022\/07\/Jose-Vasquez-hijo.-Entrega-del-archivo-a-la-Esmufaa.-150x150.jpeg 150w, https:\/\/dimensionturistica.com\/es\/wp-content\/uploads\/2022\/07\/Jose-Vasquez-hijo.-Entrega-del-archivo-a-la-Esmufaa.-768x768.jpeg 768w, https:\/\/dimensionturistica.com\/es\/wp-content\/uploads\/2022\/07\/Jose-Vasquez-hijo.-Entrega-del-archivo-a-la-Esmufaa.-1536x1536.jpeg 1536w, https:\/\/dimensionturistica.com\/es\/wp-content\/uploads\/2022\/07\/Jose-Vasquez-hijo.-Entrega-del-archivo-a-la-Esmufaa.-75x75.jpeg 75w, https:\/\/dimensionturistica.com\/es\/wp-content\/uploads\/2022\/07\/Jose-Vasquez-hijo.-Entrega-del-archivo-a-la-Esmufaa.-350x350.jpeg 350w, https:\/\/dimensionturistica.com\/es\/wp-content\/uploads\/2022\/07\/Jose-Vasquez-hijo.-Entrega-del-archivo-a-la-Esmufaa.-750x750.jpeg 750w, https:\/\/dimensionturistica.com\/es\/wp-content\/uploads\/2022\/07\/Jose-Vasquez-hijo.-Entrega-del-archivo-a-la-Esmufaa.-1140x1140.jpeg 1140w, https:\/\/dimensionturistica.com\/es\/wp-content\/uploads\/2022\/07\/Jose-Vasquez-hijo.-Entrega-del-archivo-a-la-Esmufaa..jpeg 1600w\" sizes=\"(max-width: 300px) 100vw, 300px\" \/> difusi\u00f3n.<br \/>\nEste archivo (a\u00fan no completo ni reunificado en su totalidad) estuvo nueve a\u00f1os bajo resguardo del Centro Nacional de Investigaci\u00f3n, Documentaci\u00f3n e Informaci\u00f3n Musical \u201cCarlos Ch\u00e1vez\u201d (Cenidim), del Instituto Nacional de Bellas Artes y Literatura (INBAL), sin que hubiera avances en su estudio y difusi\u00f3n, abonando al olvido de su autor\u201d, lament\u00f3 Enid Negrete, quien entonces como investigadora de ese centro, rescat\u00f3 y entreg\u00f3 el acervo a la instituci\u00f3n.<br \/>\n\u201cSe hizo la digitalizaci\u00f3n, pero no se busc\u00f3 su preservaci\u00f3n, nunca pusieron guardas a las partituras, ni se limpiaron; s\u00f3lo se fumigaron\u201d, asegur\u00f3 la investigadora, quien mostr\u00f3 en fotograf\u00edas el estado de la entrega realizada por el Cenidim: \u201cincluso en cajas de huevo, algunas de ellas rotas o a punto de desfondarse, y en los mismos folders provisionales en<img decoding=\"async\" class=\"size-medium wp-image-356855 alignright\" src=\"https:\/\/dimensionturistica.com\/es\/wp-content\/uploads\/2022\/07\/Jose-Vasquez-hijo-y-retrato-de-Vasquez-padre.-300x300.jpeg\" alt=\"\" width=\"300\" height=\"300\" srcset=\"https:\/\/dimensionturistica.com\/es\/wp-content\/uploads\/2022\/07\/Jose-Vasquez-hijo-y-retrato-de-Vasquez-padre.-300x300.jpeg 300w, https:\/\/dimensionturistica.com\/es\/wp-content\/uploads\/2022\/07\/Jose-Vasquez-hijo-y-retrato-de-Vasquez-padre.-1024x1024.jpeg 1024w, https:\/\/dimensionturistica.com\/es\/wp-content\/uploads\/2022\/07\/Jose-Vasquez-hijo-y-retrato-de-Vasquez-padre.-150x150.jpeg 150w, https:\/\/dimensionturistica.com\/es\/wp-content\/uploads\/2022\/07\/Jose-Vasquez-hijo-y-retrato-de-Vasquez-padre.-768x768.jpeg 768w, https:\/\/dimensionturistica.com\/es\/wp-content\/uploads\/2022\/07\/Jose-Vasquez-hijo-y-retrato-de-Vasquez-padre.-1536x1536.jpeg 1536w, https:\/\/dimensionturistica.com\/es\/wp-content\/uploads\/2022\/07\/Jose-Vasquez-hijo-y-retrato-de-Vasquez-padre.-75x75.jpeg 75w, https:\/\/dimensionturistica.com\/es\/wp-content\/uploads\/2022\/07\/Jose-Vasquez-hijo-y-retrato-de-Vasquez-padre.-350x350.jpeg 350w, https:\/\/dimensionturistica.com\/es\/wp-content\/uploads\/2022\/07\/Jose-Vasquez-hijo-y-retrato-de-Vasquez-padre.-750x750.jpeg 750w, https:\/\/dimensionturistica.com\/es\/wp-content\/uploads\/2022\/07\/Jose-Vasquez-hijo-y-retrato-de-Vasquez-padre.-1140x1140.jpeg 1140w, https:\/\/dimensionturistica.com\/es\/wp-content\/uploads\/2022\/07\/Jose-Vasquez-hijo-y-retrato-de-Vasquez-padre..jpeg 1600w\" sizes=\"(max-width: 300px) 100vw, 300px\" \/> que yo los entregu\u00e9\u201d, observ\u00f3 Negrete, quien prepara una queja formal.<br \/>\nAsimismo, denunci\u00f3 que el Cenidim se neg\u00f3 a facilitarle una copia de los documentos digitalizados, labor que hizo por su cuenta con V\u00e1squez Torres y que se encuentra disponible para los interesados, previa autorizaci\u00f3n, en la ESMUFAA. \u201cUna instituci\u00f3n con 500 a\u00f1os de existencia, que re\u00fane todas las condiciones de preservaci\u00f3n y formar\u00e1 parte del plan de estudios para que j\u00f3venes, de esta y otras escuelas, tengan acceso a esta informaci\u00f3n\u201d.<br \/>\nAutor de Jos\u00e9 F. V\u00e1squez, una voz que a los o\u00eddos llega, \u00fanico libro publicado sobre el m\u00fasico de Arandas, Gabriel Parey\u00f3n lament\u00f3 el debilitamiento institucional en el pa\u00eds, y la p\u00e9rdida que representa para la institucionalidad p\u00fablica que acervos de val\u00eda patrimonial como el de V\u00e1squez, deban ser puestos en manos privadas ante la negligencia en su custodia.<br \/>\nEn 2020, Jos\u00e9 J. V\u00e1squez cre\u00f3 el sitio web josefvasquez.com, donde puede consultarse el cat\u00e1logo<img decoding=\"async\" class=\"size-medium wp-image-356856 alignright\" src=\"https:\/\/dimensionturistica.com\/es\/wp-content\/uploads\/2022\/07\/Cajas-del-Cenidim-225x300.jpeg\" alt=\"\" width=\"225\" height=\"300\" srcset=\"https:\/\/dimensionturistica.com\/es\/wp-content\/uploads\/2022\/07\/Cajas-del-Cenidim-225x300.jpeg 225w, https:\/\/dimensionturistica.com\/es\/wp-content\/uploads\/2022\/07\/Cajas-del-Cenidim-768x1024.jpeg 768w, https:\/\/dimensionturistica.com\/es\/wp-content\/uploads\/2022\/07\/Cajas-del-Cenidim-1152x1536.jpeg 1152w, https:\/\/dimensionturistica.com\/es\/wp-content\/uploads\/2022\/07\/Cajas-del-Cenidim-750x1000.jpeg 750w, https:\/\/dimensionturistica.com\/es\/wp-content\/uploads\/2022\/07\/Cajas-del-Cenidim-1140x1520.jpeg 1140w, https:\/\/dimensionturistica.com\/es\/wp-content\/uploads\/2022\/07\/Cajas-del-Cenidim.jpeg 1200w\" sizes=\"(max-width: 225px) 100vw, 225px\" \/> actualizado de la obra de su padre. Otra parte de su producci\u00f3n est\u00e1 custodiada por la Facultad de M\u00fasica de la UNAM.<br \/>\nReestreno de la \u00f3pera El \u00faltimo sue\u00f1o Negrete Luna anunci\u00f3 para 2023, bajo su direcci\u00f3n esc\u00e9nica, el reestreno de la \u00f3pera El \u00faltimo sue\u00f1o (1928), con alumnos del Studio Katzarava, bajo la batuta de Ludwig Carrasco. El debut de esta obra tuvo lugar el 28 mayo de 1961 con el tenor Pl\u00e1cido Domingo.<br \/>\nA partir de esta semana, el pianista Vladimir Curiel grabar\u00e1 un cd con obras a piano solo de Jos\u00e9 F. V\u00e1squez, gracias a una ayuda del Sistema de Apoyos a la Creaci\u00f3n. Por otra parte, se est\u00e1n preparando la edici\u00f3n de la \u00f3pera El raj\u00e1, con m\u00fasicas j\u00f3venes, as\u00ed como la Sinfon\u00eda 2, del Intermezzo de la \u00f3pera El mandar\u00edn y de la Sinfonietta, con el director musical Rodrigo Elorduy.<\/p>\n","protected":false},"excerpt":{"rendered":"<p>La tumba en que reposan los restos del compositor mexicano Jos\u00e9 F. V\u00e1squez (1896- 1961), en el Pante\u00f3n Franc\u00e9s de la Ciudad de M\u00e9xico, ha sido profanada, denunci\u00f3 hoy Jos\u00e9 J. V\u00e1squez Torres, hijo del m\u00fasico jalisciense, autor de m\u00e1s de 200 obras musicales. El escritor mexicano, quien reside en Barcelona, dio a conocer en [&hellip;]<\/p>\n","protected":false},"author":1,"featured_media":356852,"comment_status":"open","ping_status":"closed","sticky":false,"template":"","format":"standard","meta":{"om_disable_all_campaigns":false,"jnews-multi-image_gallery":[],"jnews_single_post":{"source_name":"","source_url":"","via_name":"","via_url":"","override_template":"0","override":[{"template":"1","single_blog_custom":"","parallax":"1","fullscreen":"1","layout":"right-sidebar","sidebar":"default-sidebar","second_sidebar":"default-sidebar","sticky_sidebar":"1","share_position":"top","share_float_style":"share-monocrhome","show_share_counter":"1","show_view_counter":"1","show_featured":"1","show_post_meta":"1","show_post_author":"1","show_post_author_image":"1","show_post_date":"1","post_date_format":"default","post_date_format_custom":"Y\/m\/d","show_post_category":"1","show_post_reading_time":"0","post_reading_time_wpm":"300","show_zoom_button":"0","zoom_button_out_step":"2","zoom_button_in_step":"3","show_post_tag":"1","show_prev_next_post":"1","show_popup_post":"1","number_popup_post":"1","show_author_box":"0","show_post_related":"0","show_inline_post_related":"0"}],"override_image_size":"0","image_override":[{"single_post_thumbnail_size":"crop-500","single_post_gallery_size":"crop-500"}],"trending_post":"0","trending_post_position":"meta","trending_post_label":"Trending","sponsored_post":"0","sponsored_post_label":"Sponsored by","sponsored_post_name":"","sponsored_post_url":"","sponsored_post_logo_enable":"0","sponsored_post_logo":"","sponsored_post_desc":"","disable_ad":"0"},"jnews_primary_category":{"id":""},"jnews_social_meta":{"fb_title":"","fb_description":"","fb_image":"","twitter_title":"","twitter_description":"","twitter_image":""},"footnotes":""},"categories":[40],"tags":[],"class_list":["post-356812","post","type-post","status-publish","format-standard","has-post-thumbnail","hentry","category-industria"],"_links":{"self":[{"href":"https:\/\/dimensionturistica.com\/es\/wp-json\/wp\/v2\/posts\/356812","targetHints":{"allow":["GET"]}}],"collection":[{"href":"https:\/\/dimensionturistica.com\/es\/wp-json\/wp\/v2\/posts"}],"about":[{"href":"https:\/\/dimensionturistica.com\/es\/wp-json\/wp\/v2\/types\/post"}],"author":[{"embeddable":true,"href":"https:\/\/dimensionturistica.com\/es\/wp-json\/wp\/v2\/users\/1"}],"replies":[{"embeddable":true,"href":"https:\/\/dimensionturistica.com\/es\/wp-json\/wp\/v2\/comments?post=356812"}],"version-history":[{"count":0,"href":"https:\/\/dimensionturistica.com\/es\/wp-json\/wp\/v2\/posts\/356812\/revisions"}],"wp:featuredmedia":[{"embeddable":true,"href":"https:\/\/dimensionturistica.com\/es\/wp-json\/wp\/v2\/media\/356852"}],"wp:attachment":[{"href":"https:\/\/dimensionturistica.com\/es\/wp-json\/wp\/v2\/media?parent=356812"}],"wp:term":[{"taxonomy":"category","embeddable":true,"href":"https:\/\/dimensionturistica.com\/es\/wp-json\/wp\/v2\/categories?post=356812"},{"taxonomy":"post_tag","embeddable":true,"href":"https:\/\/dimensionturistica.com\/es\/wp-json\/wp\/v2\/tags?post=356812"}],"curies":[{"name":"wp","href":"https:\/\/api.w.org\/{rel}","templated":true}]}}