{"id":356636,"date":"2022-07-20T10:59:34","date_gmt":"2022-07-20T10:59:34","guid":{"rendered":"https:\/\/dimensionturistica.com\/es\/?p=356636"},"modified":"2022-07-20T10:59:34","modified_gmt":"2022-07-20T10:59:34","slug":"hoteles-con-terrazas-10-propuestas-para-el-verano-y-mas-alla","status":"publish","type":"post","link":"https:\/\/dimensionturistica.com\/es\/hoteles-con-terrazas-10-propuestas-para-el-verano-y-mas-alla\/","title":{"rendered":"Hoteles con terrazas: 10 propuestas para el verano y m\u00e1s all\u00e1"},"content":{"rendered":"<p> <br \/>\n<\/p>\n<div data-journey-hook=\"client-content\" data-testid=\"BodyWrapper\">\n<div>\n<p>Los <strong>hoteles con<\/strong> <strong>terrazas<\/strong> en los que olvidarse del mundo. En los que sentir que el j\u00fabilo estival es eterno, que el <a rel=\"nofollow noopener\" target=\"_blank\" href=\"https:\/\/www.traveler.es\/articulos\/calles-de-espana-que-huelen-a-verano\"><strong>verano<\/strong><\/a> nos pertenece, que ese \u00faltimo rayito de sol se tornar\u00e1 indeleble en la historia de nuestros periplos.\u00a0<\/p>\n<p>Sea que esa perpetuidad acontezca frente al mar o se vea envuelta por las monta\u00f1as, y en destinos que van desde <a rel=\"nofollow noopener\" target=\"_blank\" href=\"https:\/\/www.traveler.es\/naturaleza\/articulos\/viajar-a-capadocia-turquia-guia-que-ver-montar-en-globo\/21458\"><strong>Capadocia<\/strong><\/a>, hasta el coraz\u00f3n de <a rel=\"nofollow noopener\" target=\"_blank\" href=\"https:\/\/www.traveler.es\/articulos\/nuevos-mejores-restaurantes-de-paris-donde-comer\"><strong>Par\u00eds<\/strong><\/a> y <a rel=\"nofollow noopener\" target=\"_blank\" href=\"https:\/\/www.traveler.es\/articulos\/mejores-islas-del-mediterraneo-playas-pueblos-que-ver\"><strong>Grecia<\/strong><\/a>, no cabe duda de que vistas esplendorosas gobiernan en las <strong>terrazas<\/strong> que te presentaremos a continuaci\u00f3n. \u00bfViajamos?\u00a0<\/p>\n<\/div>\n<\/div>\n\n<p><em> &#8221; Fuentes www.traveler.es &#8221; <\/em><\/p>\n","protected":false},"excerpt":{"rendered":"<p>Los hoteles con terrazas en los que olvidarse del mundo. En los que sentir que el j\u00fabilo estival es eterno, que el verano nos pertenece, que ese \u00faltimo rayito de sol se tornar\u00e1 indeleble en la historia de nuestros periplos.\u00a0 Sea que esa perpetuidad acontezca frente al mar o se vea envuelta por las monta\u00f1as, [&hellip;]<\/p>\n","protected":false},"author":4,"featured_media":356637,"comment_status":"open","ping_status":"closed","sticky":false,"template":"","format":"standard","meta":{"om_disable_all_campaigns":false,"jnews-multi-image_gallery":[],"jnews_single_post":[],"jnews_primary_category":[],"jnews_social_meta":[],"footnotes":""},"categories":[39],"tags":[1289,20607,19977,41465],"class_list":["post-356636","post","type-post","status-publish","format-standard","has-post-thumbnail","hentry","category-viajes","tag-hoteles","tag-inspiracion","tag-terrazas","tag-vistas"],"_links":{"self":[{"href":"https:\/\/dimensionturistica.com\/es\/wp-json\/wp\/v2\/posts\/356636","targetHints":{"allow":["GET"]}}],"collection":[{"href":"https:\/\/dimensionturistica.com\/es\/wp-json\/wp\/v2\/posts"}],"about":[{"href":"https:\/\/dimensionturistica.com\/es\/wp-json\/wp\/v2\/types\/post"}],"author":[{"embeddable":true,"href":"https:\/\/dimensionturistica.com\/es\/wp-json\/wp\/v2\/users\/4"}],"replies":[{"embeddable":true,"href":"https:\/\/dimensionturistica.com\/es\/wp-json\/wp\/v2\/comments?post=356636"}],"version-history":[{"count":0,"href":"https:\/\/dimensionturistica.com\/es\/wp-json\/wp\/v2\/posts\/356636\/revisions"}],"wp:featuredmedia":[{"embeddable":true,"href":"https:\/\/dimensionturistica.com\/es\/wp-json\/wp\/v2\/media\/356637"}],"wp:attachment":[{"href":"https:\/\/dimensionturistica.com\/es\/wp-json\/wp\/v2\/media?parent=356636"}],"wp:term":[{"taxonomy":"category","embeddable":true,"href":"https:\/\/dimensionturistica.com\/es\/wp-json\/wp\/v2\/categories?post=356636"},{"taxonomy":"post_tag","embeddable":true,"href":"https:\/\/dimensionturistica.com\/es\/wp-json\/wp\/v2\/tags?post=356636"}],"curies":[{"name":"wp","href":"https:\/\/api.w.org\/{rel}","templated":true}]}}