{"id":356613,"date":"2022-07-20T09:21:02","date_gmt":"2022-07-20T09:21:02","guid":{"rendered":"https:\/\/dimensionturistica.com\/es\/?p=356613"},"modified":"2022-07-20T09:21:03","modified_gmt":"2022-07-20T09:21:03","slug":"el-paraiso-gallego-con-la-playa-mas-bonita-del-mundo","status":"publish","type":"post","link":"https:\/\/dimensionturistica.com\/es\/el-paraiso-gallego-con-la-playa-mas-bonita-del-mundo\/","title":{"rendered":"el para\u00edso gallego con la playa m\u00e1s bonita del mundo"},"content":{"rendered":"<p> <br \/>\n<\/p>\n<div>\n<p class=\"paragraph \" id=\"m97-96-98\">Las <strong>Islas C\u00edes <\/strong>son un pedacito de para\u00edso en la tierra. El archipi\u00e9lago <a rel=\"nofollow noopener\" target=\"_blank\" href=\"https:\/\/www.20minutos.es\/minuteca\/galicia\/\" title=\"Galicia\">gallego <\/a>es uno de los destinos tur\u00edsticos m\u00e1s populares en Espa\u00f1a, y es que nos ofrece naturaleza pura, un sinf\u00edn de planes al aire libre y preciosas <a rel=\"nofollow noopener\" target=\"_blank\" href=\"https:\/\/www.20minutos.es\/viajes\/minuteca\/playas\/\" title=\"Playas\">playas <\/a>como la de <strong>Rodas<\/strong>, que fue calificada por &#8216;The Guardian&#8217; como la <strong>m\u00e1s bonita <\/strong>de todo el mundo.<\/p>\n<p class=\"paragraph \" id=\"m102-101-103\">Al ser un espacio pure protegido, el acceso a las islas est\u00e1 limitado a <strong>1.800<\/strong> visitantes diarios y <strong>600 <\/strong>personas alojadas al mismo tiempo en el tenting, el \u00fanico lugar donde se puede dormir en las C\u00edes. Adem\u00e1s, para acceder a ellas, es obligatorio solicitar con anterioridad una <strong>autorizaci\u00f3n <\/strong>en la p\u00e1gina net de la Xunta de Galicia.<\/p>\n<h2 id=\"m107-106-108\">Gran diversidad de navieras y horarios<\/h2>\n<p class=\"paragraph \" id=\"m112-111-113\">Son varias las <strong>navieras <\/strong>que realizan el trayecto hasta las Islas C\u00edes, como por ejemplo Piratas de Nabia, Cruceros R\u00edas Baixas, Cruceros do Ulla, Bah\u00eda Sub, Mar de Ons o RG Naviera. Y en cuanto a los precios, dependiendo del puerto de salida, oscilan entre <strong>21 y 30 euro<\/strong>s para adultos y entre <strong>10 y 15 euros<\/strong> paras ni\u00f1os.<\/p>\n<div id=\"m117-116-118\">\n<figure class=\"article-picture\">\n        <img decoding=\"async\" loading=\"lazy\" width=\"656\" height=\"558\" alt=\"Islas C\u00edes.\" src=\"https:\/\/imagenes.20minutos.es\/files\/image_656_558\/files\/fp\/uploads\/imagenes\/2022\/04\/27\/fotografia-islas-cies.r_d.1073-401.jpeg\" data-full-src=\"https:\/\/www.20minutos.es\/uploads\/imagenes\/2022\/04\/27\/fotografia-islas-cies.jpeg\"\/><figcaption id=\"m128-127-129\">Islas C\u00edes.<\/figcaption><span class=\"author \" id=\"m133-132-134\">Karen Goncalves<\/span><\/figure>\n<\/div>\n<p class=\"paragraph \" id=\"m144-143-145\">Los viajeros parten principalmente desde el puerto de <strong>Vigo <\/strong>y pueden elegir entre muchas opciones de horario, ya que desde las 9:00 hasta las 19:00 salen los barcos que cubren la ruta. Y para regresar de las islas, los horarios van desde las 10:30 hasta las 20:40.<\/p>\n<p class=\"paragraph \" id=\"m149-148-150\">Por otro lado, la segunda opci\u00f3n m\u00e1s routine es partir desde <strong>Cangas<\/strong>. En este caso los horarios de salida van desde las 8:40 hasta las 18:15, y el regreso, desde las 12:00 hasta las 19:30.<\/p>\n<article class=\"media media-integrated \" id=\"m154-153-155\">\n<div>\n<figure class=\"figure-100\">\n            <a rel=\"nofollow noopener\" target=\"_blank\" href=\"https:\/\/www.20minutos.es\/viajes\/las-10-playas-espanolas-con-aguas-cristalinas-que-deberias-visitar-este-verano-5016663\/\"><br \/>\n                <span class=\"accessTypeIcon withImage\"><em class=\"member boxIcon\"\/><\/span><br \/>\n                <img decoding=\"async\" loading=\"lazy\" width=\"656\" height=\"370\" alt=\"Beautiful views of the beach of Torimbia in the town of Niembro, municipality of Llanes-Asturias\" src=\"https:\/\/imagenes.20minutos.es\/files\/image_656_370\/uploads\/imagenes\/2022\/06\/16\/istock-1327119980.jpeg\" data-full-src=\"https:\/\/www.20minutos.es\/uploads\/imagenes\/2022\/06\/16\/istock-1327119980.jpeg\"\/><br \/>\n            <\/a><br \/>\n        <\/figure>\n<\/p><\/div>\n<\/article>\n<p class=\"paragraph \" id=\"m189-188-190\">Existen otros puertos desde los que podemos iniciar nuestro viaje a las C\u00edes, aunque las frecuencias son menores. De este modo, podemos partir desde <strong>Baiona <\/strong>entre las 9:30 y las 20:00 y volver entre las 10:30 y las 19:45. Incluso, est\u00e1 la opci\u00f3n de salir de <strong>Moa\u00f1a <\/strong>a las 9:30 y regresar a las 20:40, de <strong>Portonovo <\/strong>a las 10:45 y regresar a las 18:00 o de <strong>Sanxenxo <\/strong>a las 11:45 y regresar a las 18:15.<\/p>\n<p class=\"paragraph \" id=\"m194-193-195\">Sin embargo, hay que consultar la disponibilidad para las fechas concretas en las que planificamos nuestro viaje, ya que estas \u00faltimas rutas <strong>no se cubren todo el a\u00f1o<\/strong>.<\/p>\n<div id=\"m199-198-200\">\n<figure class=\"article-picture\">\n        <img decoding=\"async\" loading=\"lazy\" width=\"656\" height=\"558\" alt=\"Playa de Rodas.\" src=\"https:\/\/imagenes.20minutos.es\/files\/image_656_558\/uploads\/imagenes\/2022\/07\/12\/fotografia-playa-de-rodas.jpeg\" data-full-src=\"https:\/\/www.20minutos.es\/uploads\/imagenes\/2022\/07\/12\/fotografia-playa-de-rodas.jpeg\"\/><figcaption id=\"m210-209-211\">Playa de Rodas.<\/figcaption><span class=\"author \" id=\"m215-214-216\">Karen Goncalves \/ iStock<\/span><\/figure>\n<\/div>\n<h2 id=\"m226-225-227\">Permisos y autorizaciones<\/h2>\n<p class=\"paragraph \" id=\"m231-230-232\">En todo caso, hay que tener en cuenta que primero necesitaremos pedir la <strong>autorizaci\u00f3n <\/strong>a la Xunta para hacer la reserva, ya que la naviera nos la pedir\u00e1 al principio del proceso de compra. Se solicita con una antelaci\u00f3n de 90 d\u00edas y para un m\u00e1ximo de 10 personas al mismo tiempo.<\/p>\n<p class=\"paragraph \" id=\"m236-235-237\">Adem\u00e1s, si pensamos pasar la noche en el <strong>tenting<\/strong>, ubicado en la isla de O Faro, es recomendable consultar la disponibilidad antes. En temporada alta, es decir, los meses de julio y agosto, si disponemos de tienda propia, la tarifa es de<strong> 9,90 \u20ac <\/strong>al d\u00eda por adulto y<strong> 6,90 \u20ac<\/strong>\u00a0 por ni\u00f1o, m\u00e1s<strong> 9,90 \u20ac<\/strong> al d\u00eda por tienda. Si no contamos con ella, los precios son de <strong>59 \u20ac <\/strong>al d\u00eda para una tienda sencilla y de <strong>89 \u20ac <\/strong>por una doble, m\u00e1s un suplemento de<strong> 6,90 \u20ac<\/strong> al d\u00eda por ni\u00f1os de entre 3 y 10 a\u00f1os y de<strong> 9,90 \u20ac<\/strong> entre 11 a 17 a\u00f1os.<\/p>\n<article class=\"media media-integrated \" id=\"m241-240-242\">\n<div>\n<figure class=\"figure-100\">\n            <a rel=\"nofollow noopener\" target=\"_blank\" href=\"https:\/\/www.20minutos.es\/viajes\/destinos\/mejores-lugares-espana-ver-estrellas-4996201\/\"><br \/>\n                <span class=\"accessTypeIcon withImage\"><em class=\"member boxIcon\"\/><\/span><br \/>\n                <img decoding=\"async\" loading=\"lazy\" width=\"656\" height=\"370\" alt=\"Cielo estrellado en las Islas C\u00edes.\" src=\"https:\/\/imagenes.20minutos.es\/files\/image_656_370\/uploads\/imagenes\/2022\/05\/06\/fotografia-islas-cies-1.jpeg\" data-full-src=\"https:\/\/www.20minutos.es\/uploads\/imagenes\/2022\/05\/06\/fotografia-islas-cies-1.jpeg\"\/><br \/>\n            <\/a><br \/>\n        <\/figure>\n<\/p><\/div>\n<\/article>\n<p class=\"paragraph \" id=\"m275-274-276\">La isla de<strong> O Faro <\/strong>se encuentra conectada con la de <strong>Monteagudo <\/strong>por un espig\u00f3n de piedra y por la area de la playa de Rodas. No obstante, para llegar a la isla de<strong> San Marti\u00f1o<\/strong>, solo podremos hacerlo en embarcaci\u00f3n privada. Para ello, debemos solicitar un <strong>permiso <\/strong>de navegaci\u00f3n y de fondeo.<\/p>\n<p class=\"paragraph \" id=\"m280-279-281\"><a rel=\"nofollow noopener\" target=\"_blank\" href=\"https:\/\/www.20minutos.es\/estaticos\/newsletter-viajes\/\">Ap\u00fantate a la newsletter y recibe en tu correo las mejores propuestas para viajar por el mundo.<\/a><\/p>\n<\/div>\n\n<p><em> &#8221; Fuentes www.20minutos.es &#8221; <\/em><\/p>\n","protected":false},"excerpt":{"rendered":"<p>Las Islas C\u00edes son un pedacito de para\u00edso en la tierra. El archipi\u00e9lago gallego es uno de los destinos tur\u00edsticos m\u00e1s populares en Espa\u00f1a, y es que nos ofrece naturaleza pura, un sinf\u00edn de planes al aire libre y preciosas playas como la de Rodas, que fue calificada por &#8216;The Guardian&#8217; como la m\u00e1s bonita [&hellip;]<\/p>\n","protected":false},"author":4,"featured_media":356614,"comment_status":"open","ping_status":"closed","sticky":false,"template":"","format":"standard","meta":{"om_disable_all_campaigns":false,"jnews-multi-image_gallery":[],"jnews_single_post":[],"jnews_primary_category":[],"jnews_social_meta":[],"footnotes":""},"categories":[39],"tags":[1228,4852,1570,545],"class_list":["post-356613","post","type-post","status-publish","format-standard","has-post-thumbnail","hentry","category-viajes","tag-destinos","tag-galicia","tag-playas","tag-viajes"],"_links":{"self":[{"href":"https:\/\/dimensionturistica.com\/es\/wp-json\/wp\/v2\/posts\/356613","targetHints":{"allow":["GET"]}}],"collection":[{"href":"https:\/\/dimensionturistica.com\/es\/wp-json\/wp\/v2\/posts"}],"about":[{"href":"https:\/\/dimensionturistica.com\/es\/wp-json\/wp\/v2\/types\/post"}],"author":[{"embeddable":true,"href":"https:\/\/dimensionturistica.com\/es\/wp-json\/wp\/v2\/users\/4"}],"replies":[{"embeddable":true,"href":"https:\/\/dimensionturistica.com\/es\/wp-json\/wp\/v2\/comments?post=356613"}],"version-history":[{"count":0,"href":"https:\/\/dimensionturistica.com\/es\/wp-json\/wp\/v2\/posts\/356613\/revisions"}],"wp:featuredmedia":[{"embeddable":true,"href":"https:\/\/dimensionturistica.com\/es\/wp-json\/wp\/v2\/media\/356614"}],"wp:attachment":[{"href":"https:\/\/dimensionturistica.com\/es\/wp-json\/wp\/v2\/media?parent=356613"}],"wp:term":[{"taxonomy":"category","embeddable":true,"href":"https:\/\/dimensionturistica.com\/es\/wp-json\/wp\/v2\/categories?post=356613"},{"taxonomy":"post_tag","embeddable":true,"href":"https:\/\/dimensionturistica.com\/es\/wp-json\/wp\/v2\/tags?post=356613"}],"curies":[{"name":"wp","href":"https:\/\/api.w.org\/{rel}","templated":true}]}}