{"id":356235,"date":"2022-07-19T18:14:05","date_gmt":"2022-07-19T18:14:05","guid":{"rendered":"https:\/\/dimensionturistica.com\/es\/?p=356235"},"modified":"2022-07-19T18:14:05","modified_gmt":"2022-07-19T18:14:05","slug":"rutas-magicas-de-color-embellecen-la-imagen-del-pueblo-magico-de-bacalar-quintana-roo","status":"publish","type":"post","link":"https:\/\/dimensionturistica.com\/es\/rutas-magicas-de-color-embellecen-la-imagen-del-pueblo-magico-de-bacalar-quintana-roo\/","title":{"rendered":"Rutas M\u00e1gicas de Color embellecen la imagen del Pueblo M\u00e1gico de Bacalar, Quintana Roo"},"content":{"rendered":"<p><img decoding=\"async\" class=\"size-medium wp-image-356236 alignleft\" src=\"https:\/\/dimensionturistica.com\/es\/wp-content\/uploads\/2022\/07\/Rutas-Magicas-de-Color-9-300x242.jpg\" alt=\"\" width=\"300\" height=\"242\" srcset=\"https:\/\/dimensionturistica.com\/es\/wp-content\/uploads\/2022\/07\/Rutas-Magicas-de-Color-9-300x242.jpg 300w, https:\/\/dimensionturistica.com\/es\/wp-content\/uploads\/2022\/07\/Rutas-Magicas-de-Color-9.jpg 500w\" sizes=\"(max-width: 300px) 100vw, 300px\" \/>El secretario de Turismo del Gobierno de M\u00e9xico, Miguel Torruco Marqu\u00e9s, dio a conocer que en el marco de la estrategia Rutas M\u00e1gicas de Color, iniciaron los trabajos de rehabilitaci\u00f3n y pintura de fachadas en el Pueblo M\u00e1gico de Bacalar, Quintana Roo.<br \/>\nEl titular de la Secretar\u00eda de Turismo (Sectur) record\u00f3 que esta iniciativa surge en 2020, en colaboraci\u00f3n con Comex y la asociaci\u00f3n civil Coraz\u00f3n Urbano, con el prop\u00f3sito de fomentar el desarrollo de los Pueblos M\u00e1gicos de M\u00e9xico, a trav\u00e9s de intervenciones sociales-art\u00edsticas y de color.<br \/>\nIndic\u00f3 que por ello, desde el inicio de la administraci\u00f3n se gestionaron programas que favorezcan el turismo de destinos como lo es en esta ocasi\u00f3n Bacalar, con la intenci\u00f3n de rescatar su identidad local.<br \/>\nPara llevar a cabo el programa Rutas M\u00e1gicas de Color en el Pueblo M\u00e1gico de Bacalar, el pasado 17 y 18<img decoding=\"async\" class=\"size-medium wp-image-356237 alignright\" src=\"https:\/\/dimensionturistica.com\/es\/wp-content\/uploads\/2022\/07\/Rutas-Magicas-de-Color-8-300x200.jpg\" alt=\"\" width=\"300\" height=\"200\" srcset=\"https:\/\/dimensionturistica.com\/es\/wp-content\/uploads\/2022\/07\/Rutas-Magicas-de-Color-8-300x200.jpg 300w, https:\/\/dimensionturistica.com\/es\/wp-content\/uploads\/2022\/07\/Rutas-Magicas-de-Color-8.jpg 500w\" sizes=\"(max-width: 300px) 100vw, 300px\" \/> de marzo, se realiz\u00f3 el recorrido en el Centro Hist\u00f3rico de este ic\u00f3nico destino para ubicar las 140 fachadas a intervenir, equivalentes a 11 mil metros cuadrados; as\u00ed como conocer los pol\u00edgonos donde artistas profesionales pintar\u00e1n 20 murales que ocupan un \u00e1rea de 600 metros cuadrados.<br \/>\nEl 26 de mayo de 2022 llegaron los 120 botes de pintura, que son empleados en esta tarea, y el 3 de junio se imparti\u00f3 la capacitaci\u00f3n como parte del convenio firmado \u00a0<img decoding=\"async\" class=\"size-medium wp-image-356247 alignright\" src=\"https:\/\/dimensionturistica.com\/es\/wp-content\/uploads\/2022\/07\/Rutas-Magicas-de-Color-2-300x200.jpg\" alt=\"\" width=\"300\" height=\"200\" srcset=\"https:\/\/dimensionturistica.com\/es\/wp-content\/uploads\/2022\/07\/Rutas-Magicas-de-Color-2-300x200.jpg 300w, https:\/\/dimensionturistica.com\/es\/wp-content\/uploads\/2022\/07\/Rutas-Magicas-de-Color-2.jpg 500w\" sizes=\"(max-width: 300px) 100vw, 300px\" \/>entre Comex, Coraz\u00f3n Urbano y el municipio de Bacalar, a 11 personas que emprendieron la misi\u00f3n de embellecer la imagen de este Pueblo M\u00e1gico.<br \/>\nTorruco Marqu\u00e9s puntualiz\u00f3 que Rutas M\u00e1gicas de Color es un programa de inter\u00e9s com\u00fan, encabezado por Sectur a trav\u00e9s de la Unidad de Innovaci\u00f3n y Pol\u00edtica Tur\u00edstica, que permite desarrollar acciones necesarias para el mejoramiento y dignificaci\u00f3n de los Pueblos M\u00e1gicos a trav\u00e9s del embellecimiento de viviendas y espacios p\u00fablicos, por medio del arte y la pintura, generando un impacto social para mejorar la calidad de vida de sus habitantes.<br \/>\nSubray\u00f3 que en lo que va de este 2022, 11 Pueblos M\u00e1gicos se han sumado a esta estrategia nacional, que representa la columna vertebral para el turismo interno; y destac\u00f3 que el pasado 12 de julio se llev\u00f3 a cabo la inauguraci\u00f3n de dos corredores de murales en San Andr\u00e9s Cholula, Puebla, despu\u00e9s de un proceso de m\u00e1s de 8 meses de trabajo.<\/p>\n<p>&nbsp;<\/p>\n","protected":false},"excerpt":{"rendered":"<p>El secretario de Turismo del Gobierno de M\u00e9xico, Miguel Torruco Marqu\u00e9s, dio a conocer que en el marco de la estrategia Rutas M\u00e1gicas de Color, iniciaron los trabajos de rehabilitaci\u00f3n y pintura de fachadas en el Pueblo M\u00e1gico de Bacalar, Quintana Roo. El titular de la Secretar\u00eda de Turismo (Sectur) record\u00f3 que esta iniciativa surge [&hellip;]<\/p>\n","protected":false},"author":1,"featured_media":356245,"comment_status":"open","ping_status":"closed","sticky":false,"template":"","format":"standard","meta":{"om_disable_all_campaigns":false,"jnews-multi-image_gallery":[],"jnews_single_post":{"source_name":"","source_url":"","via_name":"","via_url":"","override_template":"0","override":[{"template":"1","single_blog_custom":"","parallax":"1","fullscreen":"1","layout":"right-sidebar","sidebar":"default-sidebar","second_sidebar":"default-sidebar","sticky_sidebar":"1","share_position":"top","share_float_style":"share-monocrhome","show_share_counter":"1","show_view_counter":"1","show_featured":"1","show_post_meta":"1","show_post_author":"1","show_post_author_image":"1","show_post_date":"1","post_date_format":"default","post_date_format_custom":"Y\/m\/d","show_post_category":"1","show_post_reading_time":"0","post_reading_time_wpm":"300","show_zoom_button":"0","zoom_button_out_step":"2","zoom_button_in_step":"3","show_post_tag":"1","show_prev_next_post":"1","show_popup_post":"1","number_popup_post":"1","show_author_box":"0","show_post_related":"0","show_inline_post_related":"0"}],"override_image_size":"0","image_override":[{"single_post_thumbnail_size":"crop-500","single_post_gallery_size":"crop-500"}],"trending_post":"0","trending_post_position":"meta","trending_post_label":"Trending","sponsored_post":"0","sponsored_post_label":"Sponsored by","sponsored_post_name":"","sponsored_post_url":"","sponsored_post_logo_enable":"0","sponsored_post_logo":"","sponsored_post_desc":"","disable_ad":"0"},"jnews_primary_category":{"id":""},"jnews_social_meta":{"fb_title":"","fb_description":"","fb_image":"","twitter_title":"","twitter_description":"","twitter_image":""},"footnotes":""},"categories":[39],"tags":[],"class_list":["post-356235","post","type-post","status-publish","format-standard","has-post-thumbnail","hentry","category-viajes"],"_links":{"self":[{"href":"https:\/\/dimensionturistica.com\/es\/wp-json\/wp\/v2\/posts\/356235","targetHints":{"allow":["GET"]}}],"collection":[{"href":"https:\/\/dimensionturistica.com\/es\/wp-json\/wp\/v2\/posts"}],"about":[{"href":"https:\/\/dimensionturistica.com\/es\/wp-json\/wp\/v2\/types\/post"}],"author":[{"embeddable":true,"href":"https:\/\/dimensionturistica.com\/es\/wp-json\/wp\/v2\/users\/1"}],"replies":[{"embeddable":true,"href":"https:\/\/dimensionturistica.com\/es\/wp-json\/wp\/v2\/comments?post=356235"}],"version-history":[{"count":0,"href":"https:\/\/dimensionturistica.com\/es\/wp-json\/wp\/v2\/posts\/356235\/revisions"}],"wp:featuredmedia":[{"embeddable":true,"href":"https:\/\/dimensionturistica.com\/es\/wp-json\/wp\/v2\/media\/356245"}],"wp:attachment":[{"href":"https:\/\/dimensionturistica.com\/es\/wp-json\/wp\/v2\/media?parent=356235"}],"wp:term":[{"taxonomy":"category","embeddable":true,"href":"https:\/\/dimensionturistica.com\/es\/wp-json\/wp\/v2\/categories?post=356235"},{"taxonomy":"post_tag","embeddable":true,"href":"https:\/\/dimensionturistica.com\/es\/wp-json\/wp\/v2\/tags?post=356235"}],"curies":[{"name":"wp","href":"https:\/\/api.w.org\/{rel}","templated":true}]}}