{"id":355964,"date":"2022-07-19T11:02:04","date_gmt":"2022-07-19T11:02:04","guid":{"rendered":"https:\/\/dimensionturistica.com\/es\/?p=355964"},"modified":"2022-07-19T11:02:04","modified_gmt":"2022-07-19T11:02:04","slug":"la-proteina-vegetal-entra-en-la-seccion-de-congelados-con-newind-foods","status":"publish","type":"post","link":"https:\/\/dimensionturistica.com\/es\/la-proteina-vegetal-entra-en-la-seccion-de-congelados-con-newind-foods\/","title":{"rendered":"La prote\u00edna vegetal entra en la secci\u00f3n de congelados con NeWind Foods"},"content":{"rendered":"<p> <br \/>\n<\/p>\n<div>\n<p>Apenas un a\u00f1o despu\u00e9s de su presentaci\u00f3n en el mercado, la marca espa\u00f1ola de productos elaborados con prote\u00edna 100% vegetal, NeWind Meals, afronta una <b>nueva etapa de consolidaci\u00f3n en el mercado nacional <\/b>gracias a acuerdos estrat\u00e9gicos con grandes cadenas de la distribuci\u00f3n y de la restauraci\u00f3n organizada.<\/p>\n<p>En este sentido, la firma creada por Aviko y Eurofrits, acaba de llegar a un <b>acuerdo para estrenar presencia en los supermercados Alcampo,<\/b> tras haber logrado entrar en los lineales de otras firmas como Ahorramas y Supeco y en la carta de los locales de 100 Montaditos, en virtud de una asociaci\u00f3n con Restalia Holding para incorporar sus referencias al resto de las ense\u00f1as del grupo.<\/p>\n<p>El proyecto de NeWind Meals se gest\u00f3 <b>en la planta de Burgos desde la que Aviko y Eurofrits producen su l\u00ednea de snacks <\/b>para el mercado mundial y desde el comienzo tuvo clara su apuesta por entrar en el segmento<i> plant-based<\/i> para desarrollar el segmento del congelado, seg\u00fan indica Juan Lizariturry, consejero de la compa\u00f1\u00eda. &#8220;En general el consumidor de productos vegetarianos y veganos busca lo que se conoce como etiqueta limpia. Uno de los ingredientes que m\u00e1s les molestan son los conservantes, algo que el congelado elimina por completo. El escudo natural m\u00e1s potente que existe es el congelado que alarga la vida del producto sin conservantes ni riesgos. Apostamos por este formato porque, a pesar ser un ralentizador de nuestro crecimiento, mejora la seguridad y propiedades del producto&#8221;.<\/p>\n<p>La propuesta de la marca arranc\u00f3 con seis referencias precocinadas de producto rebozado con<b> textura y sabor a pollo, elaboradas a base de prote\u00edna de guisante, soja y trigo, <\/b>adem\u00e1s de otra de vacuno, a partir de prote\u00edna de guisante, a las que a pronto se incorporar\u00e1n nuevas l\u00edneas de producto fruto del esfuerzo de un departamento de I+D dirigido a reforzar su apuesta por la econom\u00eda round mediante la valorizaci\u00f3n de los productos generados por la actividad de Eurofrits y Aviko.<\/p>\n<p>En este sentido, la responsable de Advertising and marketing de la marca, Roc\u00edo Mach\u00edn, destaca el reciente lanzamiento de dos referencias elaboradas con alternativas vegetarianas al queso tras el <b>acuerdo alcanzado con el fabricante l\u00edder del segmento, Violife:<\/b> Nugget con perlas de queso vegano, <i>fingers <\/i>de mozzarella y el<i> chilli cheddarcheese nugget. <\/i><\/p>\n<p>El prop\u00f3sito de la marca pasa por <b>democratizar entre el gran p\u00fablico la categor\u00eda de alternativas vegetales <\/b>a la carne mediante unos productos sabrosos, saludables y a un precio asequible para fomentar lo que denominan Alimentaci\u00f3n libre de culpa donde se reduzca el consumo de prote\u00edna animal y se mantenga un equilibrio, sin renunciar a ella.<\/p>\n<div class=\"Article__socialShareContent text-center d-flex justify-content-center align-items-center\">\n<span class=\"d-none\">comentarios<\/span><a target=\"_blank\" href=\"#1648118541665_forum\" onclick=\"jQuery('#not_11873657 .articleZone_Footer').show();window.dataLayer.push({'event': 'event', 'eventoCategoria': 'noticia','eventoAccion': 'boton-flotante-comentarios','eventoEtiqueta': 'Ir a comentar'});\" rel=\"noopener\"><svg xmlns=\"http:\/\/www.w3.org\/2000\/svg\" height=\"34px\" viewbox=\"0 0 24 24\" width=\"34px\" fill=\"currentColor\" style=\"vertical-align: middle;\"><path d=\"M0 0h24v24H0z\" fill=\"none\"\/><path d=\"M21 6h-2v9H6v2c0 .55.45 1 1 1h11l4 4V7c0-.55-.45-1-1-1zm-4 6V3c0-.55-.45-1-1-1H3c-.55 0-1 .45-1 1v14l4-4h10c.55 0 1-.45 1-1z\"\/><\/svg><span class=\"badge badge-danger\">0<\/span><\/a><span class=\"d-none\">WhatsApp<\/span><a target=\"_blank\" href=\"https:\/\/api.whatsapp.com\/send?text=https:\/\/www.eleconomista.es\/retail-consumo\/noticias\/11873657\/07\/22\/La-proteina-vegetal-entra-en-la-seccion-de-congelados-con-NeWind-Foods.html?utm_source%3Dwhatsapp%26utm_medium%3Dshare_button&amp;id=1648118629957_whatsapp\" data-action=\"share\/whatsapp\/share\" rel=\"noopener\"><img decoding=\"async\" style=\"vertical-align:middle;\" onclick=\"window.dataLayer.push({'event': 'event', 'eventoCategoria': 'noticia','eventoAccion': 'boton-flotante-whatsapp','eventoEtiqueta': 'Compartir en Whatsapp'});\" src=\"https:\/\/s03.s3c.es\/imag3\/iconos\/svg\/whatsAppGreen.svg\" width=\"33px\" height=\"33px\" alt=\"WhatsApp\"\/><\/a><span class=\"d-none\">Fb<\/span><a target=\"_blank\" onclick=\"return abrirFacebook();\" href=\"#1648118806784_facebook\" rel=\"noopener\"><img decoding=\"async\" style=\"vertical-align:middle;\" onclick=\"window.dataLayer.push({'event': 'event', 'eventoCategoria': 'noticia','eventoAccion': 'boton-flotante-facebook','eventoEtiqueta': 'Compartir en Facebook'});\" src=\"https:\/\/s03.s3c.es\/imag3\/iconos\/svg\/facebookBlue.svg\" width=\"22px\" height=\"34.05px\" alt=\"Facebook\"\/><\/a><span class=\"d-none\">Twitter<\/span><a target=\"_blank\" href=\"https:\/\/twitter.com\/share?text=La+prote%C3%ADna+vegetal+entra+en+la+secci%C3%B3n+de+congelados+con+NeWind+Foods&amp;url=https:\/\/www.eleconomista.es\/retail-consumo\/noticias\/11873657\/07\/22\/La-proteina-vegetal-entra-en-la-seccion-de-congelados-con-NeWind-Foods.html&amp;via=elEconomistaes&amp;id=1648118839245_twitter\" rel=\"noopener\"><img decoding=\"async\" style=\"vertical-align:middle;\" onclick=\"window.dataLayer.push({'event': 'event', 'eventoCategoria': 'noticia','eventoAccion': 'boton-flotante-twitter','eventoEtiqueta': 'Compartir en Twitter'});\" src=\"https:\/\/s03.s3c.es\/imag3\/iconos\/svg\/twitterBlue.svg\" width=\"33px\" height=\"33px\" alt=\"Twitter\"\/><\/a><span class=\"d-none\">Linkedin<\/span><a target=\"_blank\" onclick=\"return abrirLinkedin();\" href=\"#1648118858235_linkedin\" rel=\"noopener\"><img decoding=\"async\" style=\"vertical-align:middle;\" onclick=\"window.dataLayer.push({'event': 'event', 'eventoCategoria': 'noticia','eventoAccion': 'boton-flotante-linkedin','eventoEtiqueta': 'Compartir en Linkedin'});\" src=\"https:\/\/s03.s3c.es\/imag3\/iconos\/svg\/linkedinBlue.svg\" width=\"33px\" height=\"33px\" alt=\"linkedin\"\/><\/a>\n<\/div>\n<\/div>\n<p><script async src=\"\/\/platform.twitter.com\/widgets.js\" charset=\"utf-8\"><\/script><script>\n  !function(f,b,e,v,n,t,s)\n  {if(f.fbq)return;n=f.fbq=function(){n.callMethod?\n  n.callMethod.apply(n,arguments):n.queue.push(arguments)};\n  if(!f._fbq)f._fbq=n;n.push=n;n.loaded=!0;n.version='2.0';\n  n.queue=[];t=b.createElement(e);t.async=!0;\n  t.src=v;s=b.getElementsByTagName(e)[0];\n  s.parentNode.insertBefore(t,s)}(window, document,'script',\n  'https:\/\/connect.facebook.net\/en_US\/fbevents.js');\n  fbq('init', '113015305983050');\n  fbq('track', 'PageView');\n<\/script><br \/>\n<br \/><\/p>\n<p><em> \u2018 The preceding article may include information circulated by third parties \u2019 <\/em><\/p>\n<p><em> \u2018 Some details of this article were extracted from the following source www.eleconomista.es \u2019 <\/em><\/p>\n","protected":false},"excerpt":{"rendered":"<p>Apenas un a\u00f1o despu\u00e9s de su presentaci\u00f3n en el mercado, la marca espa\u00f1ola de productos elaborados con prote\u00edna 100% vegetal, NeWind Meals, afronta una nueva etapa de consolidaci\u00f3n en el mercado nacional gracias a acuerdos estrat\u00e9gicos con grandes cadenas de la distribuci\u00f3n y de la restauraci\u00f3n organizada. En este sentido, la firma creada por Aviko [&hellip;]<\/p>\n","protected":false},"author":2,"featured_media":355965,"comment_status":"open","ping_status":"closed","sticky":false,"template":"","format":"standard","meta":{"om_disable_all_campaigns":false,"jnews-multi-image_gallery":[],"jnews_single_post":[],"jnews_primary_category":[],"jnews_social_meta":[],"footnotes":""},"categories":[43],"tags":[],"class_list":["post-355964","post","type-post","status-publish","format-standard","has-post-thumbnail","hentry","category-gourmet"],"_links":{"self":[{"href":"https:\/\/dimensionturistica.com\/es\/wp-json\/wp\/v2\/posts\/355964","targetHints":{"allow":["GET"]}}],"collection":[{"href":"https:\/\/dimensionturistica.com\/es\/wp-json\/wp\/v2\/posts"}],"about":[{"href":"https:\/\/dimensionturistica.com\/es\/wp-json\/wp\/v2\/types\/post"}],"author":[{"embeddable":true,"href":"https:\/\/dimensionturistica.com\/es\/wp-json\/wp\/v2\/users\/2"}],"replies":[{"embeddable":true,"href":"https:\/\/dimensionturistica.com\/es\/wp-json\/wp\/v2\/comments?post=355964"}],"version-history":[{"count":0,"href":"https:\/\/dimensionturistica.com\/es\/wp-json\/wp\/v2\/posts\/355964\/revisions"}],"wp:featuredmedia":[{"embeddable":true,"href":"https:\/\/dimensionturistica.com\/es\/wp-json\/wp\/v2\/media\/355965"}],"wp:attachment":[{"href":"https:\/\/dimensionturistica.com\/es\/wp-json\/wp\/v2\/media?parent=355964"}],"wp:term":[{"taxonomy":"category","embeddable":true,"href":"https:\/\/dimensionturistica.com\/es\/wp-json\/wp\/v2\/categories?post=355964"},{"taxonomy":"post_tag","embeddable":true,"href":"https:\/\/dimensionturistica.com\/es\/wp-json\/wp\/v2\/tags?post=355964"}],"curies":[{"name":"wp","href":"https:\/\/api.w.org\/{rel}","templated":true}]}}