{"id":355639,"date":"2022-07-18T22:16:41","date_gmt":"2022-07-18T22:16:41","guid":{"rendered":"https:\/\/dimensionturistica.com\/es\/?p=355639"},"modified":"2022-07-18T22:16:42","modified_gmt":"2022-07-18T22:16:42","slug":"un-destino-espanol-entre-los-50-mejores-del-mundo-segun-la-revista-time","status":"publish","type":"post","link":"https:\/\/dimensionturistica.com\/es\/un-destino-espanol-entre-los-50-mejores-del-mundo-segun-la-revista-time\/","title":{"rendered":"Un destino espa\u00f1ol entre los 50 mejores del mundo, seg\u00fan la revista TIME"},"content":{"rendered":"<p> <br \/>\n<\/p>\n<div>\n<p>La revista <strong>TIME<\/strong> publica todos los a\u00f1os un listado con los <strong>Mejores lugares del mundo<\/strong>, en el que, seg\u00fan detalla, recoge \u201c50 destinos extraordinarios para explorar\u201d. Y entre los enclaves elegidos para disfrutar las <strong>vacaciones en 2022<\/strong>, hay uno espa\u00f1ol: <a rel=\"nofollow noopener\" target=\"_blank\" href=\"https:\/\/www.hosteltur.com\/tag\/valencia\">Valencia<\/a>.<\/p>\n<\/div>\n<div>\n<p>La publicaci\u00f3n destaca que la capital valenciana \u201cintegra a la perfecci\u00f3n su <strong>innovador paisaje urbano<\/strong> con el natural\u201d, al tiempo que subraya la variedad de planes culturales, de ocio o de gastronom\u00eda que ofrece.<\/p>\n<p>Para seleccionar los enclaves incluidos en la lista, la revista pidi\u00f3 la colaboraci\u00f3n de su crimson internacional de corresponsales y colaboradores, a los que invit\u00f3 a escoger los que ofrecieran \u201cexperiencias nuevas y emocionantes\u201d.<\/p>\n<p>El listado incluye <strong>destinos de todos los continentes<\/strong>, entre los que hay lugares muy populares y otros poco conocidos. Adem\u00e1s, entre los lugares elegidos se encuentran tambi\u00e9n la regi\u00f3n polar del <strong>\u00c1rtico<\/strong> y la <strong>Estaci\u00f3n Espacial Internacional<\/strong> (m\u00e1s datos en <a rel=\"nofollow noopener\" target=\"_blank\" href=\"https:\/\/www.hosteltur.com\/129279_viajes-al-espacio-la-nasa-abrira-la-estacion-espacial-a-los-turistas.html\">Viajes al espacio: la NASA abrir\u00e1 la Estaci\u00f3n Internacional a los turistas<\/a>). Puede acceder al <strong>listado completo<\/strong> en el siguiente enlace:<\/p>\n<p>La revista TIME recuerda que Valencia ha sido escogida por la Organizaci\u00f3n Mundial del Dise\u00f1o como la <strong>Capital Mundial del Dise\u00f1o de 2022<\/strong>. Un reconocimiento que est\u00e1 celebrando con eventos, exposiciones y un nuevo pabell\u00f3n de exhibici\u00f3n, el \u00c1gora Valencia en la Plaza del Ayuntamiento.<\/p>\n<p>Se refiere tambi\u00e9n a la innovadora <a rel=\"nofollow noopener\" target=\"_blank\" href=\"https:\/\/www.hosteltur.com\/tag\/ciudad-de-las-artes-y-las-ciencias-de-valencia\">Ciudad de las Artes y las Ciencias<\/a> y subraya la \u00faltima incorporaci\u00f3n a la oferta cultural de la ciudad, <strong>CaixaForum<\/strong>, que se inaugur\u00f3 en junio. Se hace eco tambi\u00e9n del nuevo proyecto Parque Central, que cuenta con m\u00e1s de 24 acres de zonas verdes construidas sobre un antiguo patio ferroviario.<\/p>\n<p>Sin olvidar las comunicaciones, ya que detalla que ahora hay m\u00e1s opciones para llegar a Valencia, con el nuevo tren de alta velocidad y bajo coste de <strong>Renfe<\/strong>, el <strong>Avlo<\/strong>.<\/p>\n<div class=\"wysiwyg-photo\"><img decoding=\"async\" title=\"\" src=\"https:\/\/static.hosteltur.com\/app\/public\/uploads\/img\/articles\/2022\/07\/18\/L_141509_portada-time.jpg\" alt=\"\" data-id=\"239818\"\/>  <\/div>\n<p>M\u00e1s datos sobre este destino<\/p>\n<blockquote>\n<p>&#8211;<a rel=\"nofollow noopener\" target=\"_blank\" href=\"https:\/\/www.hosteltur.com\/152347_valencia-destina-75-m-a-su-nuevo-plan-de-sostenibilidad-turistica.html\">Valencia destina 7,5 M \u20ac a un nuevo plan de sostenibilidad tur\u00edstica<\/a><\/p>\n<p>&#8211;<a rel=\"nofollow noopener\" target=\"_blank\" href=\"https:\/\/www.hosteltur.com\/151703_mejores-ciudades-de-costa-para-una-escapada-4-espanolas-en-el-top-ten.html\">Mejores ciudades de costa para una escapada: 4 espa\u00f1olas en el Top Ten<\/a><\/p>\n<p>&#8211;<a rel=\"nofollow noopener\" target=\"_blank\" href=\"https:\/\/www.hosteltur.com\/129062_la-ciudad-de-las-artes-genera-un-impacto-economico-de-1134-m.html\">La Ciudad de las Artes genera un impacto econ\u00f3mico de 113,4 M \u20ac<\/a><\/p>\n<p>&#8211;<a rel=\"nofollow noopener\" target=\"_blank\" href=\"https:\/\/www.hosteltur.com\/151250_las-cinco-ciudades-espanolas-con-mejor-imagen-de-marca.html\">Las cinco ciudades espa\u00f1olas con mejor imagen de marca<\/a><\/p>\n<\/blockquote>\n<\/div>\n\n<p><em> &#8221; Fuentes www.hosteltur.com &#8221; <\/em><\/p>\n","protected":false},"excerpt":{"rendered":"<p>La revista TIME publica todos los a\u00f1os un listado con los Mejores lugares del mundo, en el que, seg\u00fan detalla, recoge \u201c50 destinos extraordinarios para explorar\u201d. Y entre los enclaves elegidos para disfrutar las vacaciones en 2022, hay uno espa\u00f1ol: Valencia. La publicaci\u00f3n destaca que la capital valenciana \u201cintegra a la perfecci\u00f3n su innovador paisaje [&hellip;]<\/p>\n","protected":false},"author":4,"featured_media":355640,"comment_status":"open","ping_status":"closed","sticky":false,"template":"","format":"standard","meta":{"om_disable_all_campaigns":false,"jnews-multi-image_gallery":[],"jnews_single_post":[],"jnews_primary_category":[],"jnews_social_meta":[],"footnotes":""},"categories":[39],"tags":[49819,3005,715,13584,14298,18776,2769],"class_list":["post-355639","post","type-post","status-publish","format-standard","has-post-thumbnail","hentry","category-viajes","tag-ciudad-de-las-artes-y-las-ciencias-de-valencia","tag-comunidad-valenciana","tag-economia","tag-time","tag-turismo-cultural","tag-turismo-gastronomico","tag-valencia"],"_links":{"self":[{"href":"https:\/\/dimensionturistica.com\/es\/wp-json\/wp\/v2\/posts\/355639","targetHints":{"allow":["GET"]}}],"collection":[{"href":"https:\/\/dimensionturistica.com\/es\/wp-json\/wp\/v2\/posts"}],"about":[{"href":"https:\/\/dimensionturistica.com\/es\/wp-json\/wp\/v2\/types\/post"}],"author":[{"embeddable":true,"href":"https:\/\/dimensionturistica.com\/es\/wp-json\/wp\/v2\/users\/4"}],"replies":[{"embeddable":true,"href":"https:\/\/dimensionturistica.com\/es\/wp-json\/wp\/v2\/comments?post=355639"}],"version-history":[{"count":0,"href":"https:\/\/dimensionturistica.com\/es\/wp-json\/wp\/v2\/posts\/355639\/revisions"}],"wp:featuredmedia":[{"embeddable":true,"href":"https:\/\/dimensionturistica.com\/es\/wp-json\/wp\/v2\/media\/355640"}],"wp:attachment":[{"href":"https:\/\/dimensionturistica.com\/es\/wp-json\/wp\/v2\/media?parent=355639"}],"wp:term":[{"taxonomy":"category","embeddable":true,"href":"https:\/\/dimensionturistica.com\/es\/wp-json\/wp\/v2\/categories?post=355639"},{"taxonomy":"post_tag","embeddable":true,"href":"https:\/\/dimensionturistica.com\/es\/wp-json\/wp\/v2\/tags?post=355639"}],"curies":[{"name":"wp","href":"https:\/\/api.w.org\/{rel}","templated":true}]}}