{"id":355462,"date":"2022-07-18T17:34:41","date_gmt":"2022-07-18T17:34:41","guid":{"rendered":"https:\/\/dimensionturistica.com\/es\/?p=355462"},"modified":"2022-07-18T17:34:41","modified_gmt":"2022-07-18T17:34:41","slug":"secretos-de-leonor-espinosa-mejor-chef-del-mundo-2022","status":"publish","type":"post","link":"https:\/\/dimensionturistica.com\/es\/secretos-de-leonor-espinosa-mejor-chef-del-mundo-2022\/","title":{"rendered":"Secretos de Leonor Espinosa mejor chef del mundo 2022"},"content":{"rendered":"<p> <br \/>\n<\/p>\n<div id=\"bloque-nota-completa\">\n<p>Selvas, oc\u00e9anos, desiertos, monta\u00f1as y r\u00edos hechos manjar. <strong>Leonor Espinosa, la mejor chef del mundo en 2022<\/strong>, consigui\u00f3 llevar a los platos la <strong>biodiversidad de Colombia<\/strong> a partir de secretos culinarios, algunos de territorios martirizados por la violencia.<\/p>\n<p>&#8220;Mi cocina sabe a subculturas, a territorios invisibles, sabe a t\u00e9cnicas ancestrales, a humo, a envueltos (&#8230;) a dolor, pero tambi\u00e9n sabe a alegr\u00eda, a pl\u00e1tano, a yuca, a tierra cuando reci\u00e9n llueve, a un ecosistema de desiertos. Hay mucha poes\u00eda en mi cocina&#8221;, explica la chef de 59 a\u00f1os, en entrevista con la AFP en <strong>Bogot\u00e1<\/strong>.<\/p>\n<h3><strong>Le puede interesar: <a target=\"_blank\" href=\"https:\/\/www.noticiasrcn.com\/tendencias\/participante-que-estuvo-en-masterchef-celebrity-se-caso-424429\" rel=\"noopener\">Famoso de MasterChef Celebrity contrajo matrimonio luego del programa: sorprendi\u00f3 a todos<\/a><\/strong><\/h3>\n<p>De cabello bermejo, atuendo casual y expresi\u00f3n meditabunda, Leonor Espinosa puso por primera vez a Colombia en el atlas gastron\u00f3mico. Este lunes recibe en Londres el reconocimiento a la <strong>Mejor Chef Femenina del Mundo 2022 de la influyente lista The World&#8217;s 50 Greatest Eating places<\/strong>.<\/p>\n<p>&#8220;Voy simplemente con ese sue\u00f1o de que se nombre la palabra Colombia ante el mundo. Ya con eso es suficiente. Sobre todo en un gremio internacional que para Colombia es nuevo, y para el mundo es nuevo que este pa\u00eds transite por \u00e9l&#8221;, anticipa tras un homenaje en el marco del\u00a0Foro Gastron\u00f3mico Internacional de Alimentarte.<\/p>\n<p>Personas se le acercan, le piden aut\u00f3grafos, le toman fotograf\u00edas, la felicitan. A todos les dedica un instante.\u00a0<\/p>\n<p>Espinosa naci\u00f3 en el municipio de <strong>Cartago (suroeste), creci\u00f3 en la caribe\u00f1a Cartagena (norte)<\/strong>, aprendi\u00f3 a cocinar por su cuenta, estudi\u00f3 Econom\u00eda y Artes pl\u00e1sticas, y se dedic\u00f3 a la publicidad antes de dar el salto a los fogones a los 35 a\u00f1os.\u00a0<\/p>\n<p>Su restaurante Leo, en un c\u00e9ntrico barrio de la capital, reivindica los sabores de la cocina aut\u00f3ctona, de ra\u00edces ind\u00edgenas, negras y campesinas, atravesada por m\u00e1s de medio siglo de conflicto armado.<\/p>\n<h2><strong>Receta de \u00e9xito<\/strong><\/h2>\n<p>Espinosa cree que una buena cocinera es tambi\u00e9n <strong>antrop\u00f3loga, polit\u00f3loga y artista.<\/strong> Desde hace m\u00e1s de 15 a\u00f1os explora los rincones m\u00e1s profundos de Colombia, en busca de relatos humanos, etnias variopintas, ingredientes nativos y recetas tradicionales.\u00a0<\/p>\n<p>&#8220;La cocina tiene que ser interdisciplinaria (&#8230;) necesita experimentar a trav\u00e9s de poder observar, compartir, transitar los territorios&#8221;, argumenta la mujer de pendientes en el rostro y sonrisa t\u00edmida.<\/p>\n<h3><strong>Lea tambi\u00e9n: <a target=\"_blank\" href=\"https:\/\/www.noticiasrcn.com\/deportes\/caso-julian-gomez-nino-que-lloro-por-egan-bernal-424423\" rel=\"noopener\">Hace un a\u00f1o muri\u00f3 Juli\u00e1n G\u00f3mez, el ni\u00f1o que llor\u00f3 por Egan Bernal: \u00bfc\u00f3mo va el caso?<\/a><\/strong><\/h3>\n<p>En 2017 fue reconocida como la <strong>Mejor Chef Femenina de Am\u00e9rica Latina<\/strong> y un a\u00f1o despu\u00e9s cre\u00f3 la fundaci\u00f3n Funleo que apoya a los peque\u00f1os productores y abre espacios de educaci\u00f3n, nutrici\u00f3n y turismo en comunidades rurales y olvidadas.\u00a0<\/p>\n<p>La concept es &#8220;promover el desarrollo econ\u00f3mico&#8221; en &#8220;territorios con inseguridad alimentaria, en territorios de pobreza monetaria, en territorios de gran riqueza cultural, parad\u00f3jicamente&#8221;, sostiene.\u00a0<\/p>\n<p>Funleo gan\u00f3 el <strong>Basque Culinary World Prize (2017)<\/strong>, galard\u00f3n para proyectos que impulsan mejoras en el mundo a trav\u00e9s de la gastronom\u00eda.<\/p>\n<p>Para Espinosa, la mejor cocina del pa\u00eds se degusta en los pueblos, pero &#8220;est\u00e1 relegada&#8221;, &#8220;no sabe reconocerse&#8221;, &#8220;pues incluso los colombianos prefieren comida de otras culturas&#8221;.\u00a0<\/p>\n<p>Y agrega: &#8220;hay una desarticulaci\u00f3n de entes y actores&#8221; que pasan por las autoridades del Estado, &#8220;desuni\u00f3n de los cocineros&#8221; y un &#8220;consumidor inconsciente&#8221;.<\/p>\n<p>Su hija y socia, la sumiller Laura Hern\u00e1ndez, completa la dupla de \u00e9xito en el restaurante con un propuesta de licores artesanales y cocteles.<\/p>\n<h2><strong>&#8220;Irreverente&#8221;<\/strong><\/h2>\n<p>&#8220;Combinando una amplia investigaci\u00f3n cient\u00edfica con la innovaci\u00f3n culinaria, es una chef autodidacta que sigue buscando nuevos conocimientos, as\u00ed como educando a otros&#8221;, afirm\u00f3 <strong>William Drew, responsable de The World&#8217;s 50 Greatest Eating places,<\/strong> durante el anuncio del premio en mayo.<\/p>\n<h3><strong>Adem\u00e1s: <a target=\"_blank\" href=\"https:\/\/www.noticiasrcn.com\/tendencias\/descubren-un-autorretrato-inedito-de-van-gogh-424148\" rel=\"noopener\">Descubren un autorretrato de Van Gogh escondido detr\u00e1s de un cuadro<\/a><\/strong><\/h3>\n<p>En 2021, Leo se ubic\u00f3 en el puesto n\u00famero 46 de esta reputada lista, que este a\u00f1o publicar\u00e1 una nueva clasificaci\u00f3n en la ceremonia de<strong> Londres el 18 de julio.<\/strong><\/p>\n<p>Y aunque su gastronom\u00eda es valorada como exquisita por los comensales, Espinosa no cree en la perfecci\u00f3n de un plato.\u00a0<\/p>\n<p>&#8220;Puedo pensar que cumple las expectativas, que he aterrizado los sue\u00f1os a la realidad.\u00a0Pero tambi\u00e9n me gusta tener la humildad para reconocer que un plato puede evolucionar (\u2026) en esa evoluci\u00f3n tambi\u00e9n est\u00e1 el crecimiento&#8221;, apunta.<\/p>\n<p>Para llegar a la cima, <strong>Espinosa ha tenido que recorrer caminos &#8220;polvorientos&#8221;<\/strong>. \u00a0Aunque las mujeres han estado tradicionalmente al mando de la alimentaci\u00f3n, &#8220;en el mundo de la alta cocina eso ha sido generalmente propio de la condici\u00f3n masculina porque son actividades que se apropiaron y que las mujeres de alguna manera cedimos&#8221;, a\u00f1ade.\u00a0<\/p>\n<p>Su car\u00e1cter, que asegura haber morigerado, le ha ayudado a enfrentar las dificultades y labrarse un nombre.\u00a0&#8220;Yo soy yo. Y tuve muy claro desde muy peque\u00f1a que no iba a ser lo que el otro quer\u00eda que yo fuera (&#8230;) Soy contestataria, irreverente, curiosa&#8221;, asevera.<\/p>\n<p>Cuando se acerca a los 60 a\u00f1os aspira a conservar su esencia y seguir innovando.\u00a0&#8220;Cada d\u00eda soy mayor (&#8230;) y si no soy original en este momento de la vida \u00bfentonces qu\u00e9?&#8221;, cube sonriente.<\/p>\n<h3><strong>Lea tambi\u00e9n:<a target=\"_blank\" href=\"https:\/\/www.noticiasrcn.com\/tendencias\/masterchef-celebrity-2022-participantes-mas-debiles-424301\" rel=\"noopener\">\u00a0Ramiro Meneses revel\u00f3 qui\u00e9nes eran los participantes m\u00e1s d\u00e9biles de MasterChef Celebrity<\/a><\/strong><\/h3>\n<\/div>\n<p><script src=\"https:\/\/connect.facebook.net\/en_US\/sdk.js\" defer=\"\"><\/script><script>!function(f,b,e,v,n,t,s){if(f.fbq){return};n=f.fbq=function(){n.callMethod?n.callMethod.apply(n,arguments):n.queue.push(arguments)};if(!f._fbq){f._fbq=n};n.push=n;n.loaded=!0;n.version='2.0';n.queue=[];t=b.createElement(e);t.async=!0;t.src=v;s=b.getElementsByTagName(e)[0];s.parentNode.insertBefore(t,s)}(window,document,'script','https:\/\/connect.facebook.net\/en_US\/fbevents.js');fbq('init','864126940435774');fbq('track','PageView');<\/script><br \/>\n<br \/><\/p>\n<p><em> \u2018 The preceding article may include information circulated by third parties \u2019 <\/em><\/p>\n<p><em> \u2018 Some details of this article were extracted from the following source www.noticiasrcn.com \u2019 <\/em><\/p>\n","protected":false},"excerpt":{"rendered":"<p>Selvas, oc\u00e9anos, desiertos, monta\u00f1as y r\u00edos hechos manjar. Leonor Espinosa, la mejor chef del mundo en 2022, consigui\u00f3 llevar a los platos la biodiversidad de Colombia a partir de secretos culinarios, algunos de territorios martirizados por la violencia. &#8220;Mi cocina sabe a subculturas, a territorios invisibles, sabe a t\u00e9cnicas ancestrales, a humo, a envueltos (&#8230;) [&hellip;]<\/p>\n","protected":false},"author":2,"featured_media":355463,"comment_status":"open","ping_status":"closed","sticky":false,"template":"","format":"standard","meta":{"om_disable_all_campaigns":false,"jnews-multi-image_gallery":[],"jnews_single_post":[],"jnews_primary_category":[],"jnews_social_meta":[],"footnotes":""},"categories":[43],"tags":[],"class_list":["post-355462","post","type-post","status-publish","format-standard","has-post-thumbnail","hentry","category-gourmet"],"_links":{"self":[{"href":"https:\/\/dimensionturistica.com\/es\/wp-json\/wp\/v2\/posts\/355462","targetHints":{"allow":["GET"]}}],"collection":[{"href":"https:\/\/dimensionturistica.com\/es\/wp-json\/wp\/v2\/posts"}],"about":[{"href":"https:\/\/dimensionturistica.com\/es\/wp-json\/wp\/v2\/types\/post"}],"author":[{"embeddable":true,"href":"https:\/\/dimensionturistica.com\/es\/wp-json\/wp\/v2\/users\/2"}],"replies":[{"embeddable":true,"href":"https:\/\/dimensionturistica.com\/es\/wp-json\/wp\/v2\/comments?post=355462"}],"version-history":[{"count":0,"href":"https:\/\/dimensionturistica.com\/es\/wp-json\/wp\/v2\/posts\/355462\/revisions"}],"wp:featuredmedia":[{"embeddable":true,"href":"https:\/\/dimensionturistica.com\/es\/wp-json\/wp\/v2\/media\/355463"}],"wp:attachment":[{"href":"https:\/\/dimensionturistica.com\/es\/wp-json\/wp\/v2\/media?parent=355462"}],"wp:term":[{"taxonomy":"category","embeddable":true,"href":"https:\/\/dimensionturistica.com\/es\/wp-json\/wp\/v2\/categories?post=355462"},{"taxonomy":"post_tag","embeddable":true,"href":"https:\/\/dimensionturistica.com\/es\/wp-json\/wp\/v2\/tags?post=355462"}],"curies":[{"name":"wp","href":"https:\/\/api.w.org\/{rel}","templated":true}]}}