{"id":355348,"date":"2022-07-18T14:42:30","date_gmt":"2022-07-18T14:42:30","guid":{"rendered":"https:\/\/dimensionturistica.com\/es\/?p=355348"},"modified":"2022-07-18T14:42:30","modified_gmt":"2022-07-18T14:42:30","slug":"invita-san-nicolas-de-los-ranchos-a-festival-internacional-del-chile-en-nogada","status":"publish","type":"post","link":"https:\/\/dimensionturistica.com\/es\/invita-san-nicolas-de-los-ranchos-a-festival-internacional-del-chile-en-nogada\/","title":{"rendered":"Invita San Nicol\u00e1s de los Ranchos a Festival Internacional del Chile en Nogada"},"content":{"rendered":"<p><img decoding=\"async\" class=\"size-medium wp-image-355353 alignright\" src=\"https:\/\/dimensionturistica.com\/es\/wp-content\/uploads\/2022\/07\/unnamed-24-300x200.jpg\" alt=\"\" width=\"300\" height=\"200\" srcset=\"https:\/\/dimensionturistica.com\/es\/wp-content\/uploads\/2022\/07\/unnamed-24-300x200.jpg 300w, https:\/\/dimensionturistica.com\/es\/wp-content\/uploads\/2022\/07\/unnamed-24-1024x683.jpg 1024w, https:\/\/dimensionturistica.com\/es\/wp-content\/uploads\/2022\/07\/unnamed-24-768x512.jpg 768w, https:\/\/dimensionturistica.com\/es\/wp-content\/uploads\/2022\/07\/unnamed-24-1536x1024.jpg 1536w, https:\/\/dimensionturistica.com\/es\/wp-content\/uploads\/2022\/07\/unnamed-24-2048x1365.jpg 2048w, https:\/\/dimensionturistica.com\/es\/wp-content\/uploads\/2022\/07\/unnamed-24-750x500.jpg 750w, https:\/\/dimensionturistica.com\/es\/wp-content\/uploads\/2022\/07\/unnamed-24-1140x760.jpg 1140w\" sizes=\"(max-width: 300px) 100vw, 300px\" \/>Como desde hace 20 a\u00f1os, el municipio de San Nicol\u00e1s de los Ranchos invita a las y los poblanos, as\u00ed como visitantes, a participar en las actividades de la temporada de chiles en nogada, por medio de su festival internacional, en el que participar\u00e1n 40 cocineras tradicionales que ofrecer\u00e1n el platillo.<br \/>\nAbel Mexica, director de Turismo municipal, inform\u00f3 que el campo deportivo \u201cEl Cipr\u00e9s\u201d ser\u00e1 sede del festival. Estim\u00f3 una afluencia superior a 10 mil personas durante toda la temporada, para la cual fueron programadas actividades culturales, as\u00ed como exposici\u00f3n y venta de artesan\u00edas y productos de la regi\u00f3n.<br \/>\nDebido a esta actividad a desarrollarse durante los fines de semana de agosto, previ\u00f3 una derrama econ\u00f3mica superior a los 9 millones de pesos, que beneficiar\u00e1 de manera directa a las familias involucradas en la elaboraci\u00f3n del platillo y los productores de insumos.<br \/>\nA\u00edda Apango, artesana en piedra, inform\u00f3 que adem\u00e1s del platillo ya preparado, los visitantes podr\u00e1n adquirir los ingredientes como nuez (envasada al alto vac\u00edo), o pera y durazno picados en porciones individuales.<br \/>\n<img decoding=\"async\" class=\"size-medium wp-image-355357 alignright\" src=\"https:\/\/dimensionturistica.com\/es\/wp-content\/uploads\/2022\/07\/unnamed-3-6-300x200.jpg\" alt=\"\" width=\"300\" height=\"200\" srcset=\"https:\/\/dimensionturistica.com\/es\/wp-content\/uploads\/2022\/07\/unnamed-3-6-300x200.jpg 300w, https:\/\/dimensionturistica.com\/es\/wp-content\/uploads\/2022\/07\/unnamed-3-6-1024x683.jpg 1024w, https:\/\/dimensionturistica.com\/es\/wp-content\/uploads\/2022\/07\/unnamed-3-6-768x512.jpg 768w, https:\/\/dimensionturistica.com\/es\/wp-content\/uploads\/2022\/07\/unnamed-3-6-1536x1024.jpg 1536w, https:\/\/dimensionturistica.com\/es\/wp-content\/uploads\/2022\/07\/unnamed-3-6-2048x1365.jpg 2048w, https:\/\/dimensionturistica.com\/es\/wp-content\/uploads\/2022\/07\/unnamed-3-6-750x500.jpg 750w, https:\/\/dimensionturistica.com\/es\/wp-content\/uploads\/2022\/07\/unnamed-3-6-1140x760.jpg 1140w\" sizes=\"(max-width: 300px) 100vw, 300px\" \/>El director general de Planeaci\u00f3n de la Secretar\u00eda de Turismo estatal, H\u00e9ctor Vivanco L\u00f3pez destac\u00f3 que la dependencia ha puesto especial atenci\u00f3n en el turismo que se desarrolla de manera regional, ya que ayuda a potenciar la econom\u00eda de los municipios, por ello integrar y promover actividades como el festival en San Nicol\u00e1s de los Ranchos, permitir\u00e1 a las y los habitantes obtener beneficios adicionales.<\/p>\n","protected":false},"excerpt":{"rendered":"<p>Como desde hace 20 a\u00f1os, el municipio de San Nicol\u00e1s de los Ranchos invita a las y los poblanos, as\u00ed como visitantes, a participar en las actividades de la temporada de chiles en nogada, por medio de su festival internacional, en el que participar\u00e1n 40 cocineras tradicionales que ofrecer\u00e1n el platillo. Abel Mexica, director de [&hellip;]<\/p>\n","protected":false},"author":1,"featured_media":355358,"comment_status":"open","ping_status":"closed","sticky":false,"template":"","format":"standard","meta":{"om_disable_all_campaigns":false,"jnews-multi-image_gallery":[],"jnews_single_post":{"source_name":"","source_url":"","via_name":"","via_url":"","override_template":"0","override":[{"template":"1","single_blog_custom":"","parallax":"1","fullscreen":"1","layout":"right-sidebar","sidebar":"default-sidebar","second_sidebar":"default-sidebar","sticky_sidebar":"1","share_position":"top","share_float_style":"share-monocrhome","show_share_counter":"1","show_view_counter":"1","show_featured":"1","show_post_meta":"1","show_post_author":"1","show_post_author_image":"1","show_post_date":"1","post_date_format":"default","post_date_format_custom":"Y\/m\/d","show_post_category":"1","show_post_reading_time":"0","post_reading_time_wpm":"300","show_zoom_button":"0","zoom_button_out_step":"2","zoom_button_in_step":"3","show_post_tag":"1","show_prev_next_post":"1","show_popup_post":"1","number_popup_post":"1","show_author_box":"0","show_post_related":"0","show_inline_post_related":"0"}],"override_image_size":"0","image_override":[{"single_post_thumbnail_size":"crop-500","single_post_gallery_size":"crop-500"}],"trending_post":"0","trending_post_position":"meta","trending_post_label":"Trending","sponsored_post":"0","sponsored_post_label":"Sponsored by","sponsored_post_name":"","sponsored_post_url":"","sponsored_post_logo_enable":"0","sponsored_post_logo":"","sponsored_post_desc":"","disable_ad":"0"},"jnews_primary_category":{"id":""},"jnews_social_meta":{"fb_title":"","fb_description":"","fb_image":"","twitter_title":"","twitter_description":"","twitter_image":""},"footnotes":""},"categories":[43],"tags":[],"class_list":["post-355348","post","type-post","status-publish","format-standard","has-post-thumbnail","hentry","category-gourmet"],"_links":{"self":[{"href":"https:\/\/dimensionturistica.com\/es\/wp-json\/wp\/v2\/posts\/355348","targetHints":{"allow":["GET"]}}],"collection":[{"href":"https:\/\/dimensionturistica.com\/es\/wp-json\/wp\/v2\/posts"}],"about":[{"href":"https:\/\/dimensionturistica.com\/es\/wp-json\/wp\/v2\/types\/post"}],"author":[{"embeddable":true,"href":"https:\/\/dimensionturistica.com\/es\/wp-json\/wp\/v2\/users\/1"}],"replies":[{"embeddable":true,"href":"https:\/\/dimensionturistica.com\/es\/wp-json\/wp\/v2\/comments?post=355348"}],"version-history":[{"count":0,"href":"https:\/\/dimensionturistica.com\/es\/wp-json\/wp\/v2\/posts\/355348\/revisions"}],"wp:featuredmedia":[{"embeddable":true,"href":"https:\/\/dimensionturistica.com\/es\/wp-json\/wp\/v2\/media\/355358"}],"wp:attachment":[{"href":"https:\/\/dimensionturistica.com\/es\/wp-json\/wp\/v2\/media?parent=355348"}],"wp:term":[{"taxonomy":"category","embeddable":true,"href":"https:\/\/dimensionturistica.com\/es\/wp-json\/wp\/v2\/categories?post=355348"},{"taxonomy":"post_tag","embeddable":true,"href":"https:\/\/dimensionturistica.com\/es\/wp-json\/wp\/v2\/tags?post=355348"}],"curies":[{"name":"wp","href":"https:\/\/api.w.org\/{rel}","templated":true}]}}