{"id":355071,"date":"2022-07-18T07:06:33","date_gmt":"2022-07-18T07:06:33","guid":{"rendered":"https:\/\/dimensionturistica.com\/es\/?p=355071"},"modified":"2022-07-18T07:06:33","modified_gmt":"2022-07-18T07:06:33","slug":"los-jaen-seleccion-patrocinadores-exclusivos-de-la-gala-the-worlds-50-best-restaurants-jaen","status":"publish","type":"post","link":"https:\/\/dimensionturistica.com\/es\/los-jaen-seleccion-patrocinadores-exclusivos-de-la-gala-the-worlds-50-best-restaurants-jaen\/","title":{"rendered":"Los &#8220;Ja\u00e9n Selecci\u00f3n&#8221;, patrocinadores exclusivos de la Gala &#8220;The World&#8217;s 50 Best Restaurants&#8221; &#8211; Ja\u00e9n"},"content":{"rendered":"<p> <br \/>\n<\/p>\n<div>\n<p align=\"JUSTIFY\">Este lunes, 18 de julio, se celebrar\u00e1 en Londres la gala donde se dan a conocer los 50 mejores restaurantes del mundo, \u201cThe World\u00b4s 50 Best Restaurants\u201d, en la que de nuevo la Diputaci\u00f3n de Ja\u00e9n va a ser patrocinador de un evento en el que lucir\u00e1 los aceites de oliva virgen additional que cuentan con el sello Ja\u00e9n Selecci\u00f3n 2022. El presidente de la Administraci\u00f3n provincial, Francisco Reyes, recuerda que \u201cesta es la tercera vez que estamos presentes en esta gala, que sin duda es una acci\u00f3n promocional muy interesante para nuestro sector ole\u00edcola porque est\u00e1 considerada como una de las citas mundiales m\u00e1s importantes a nivel gastron\u00f3mico, ya que en la misma toman parte los chefs m\u00e1s aclamados del planeta y tambi\u00e9n muchos periodistas especializados en temas culinarios\u201d.<\/p>\n<p align=\"JUSTIFY\">Despu\u00e9s de participar en Bilbao (2018) y Amberes (2021), esta es la tercera ocasi\u00f3n en que la Diputaci\u00f3n acude a esta gala, donde los AOVEs Ja\u00e9n Selecci\u00f3n son los aceites oficiales y adem\u00e1s los \u00fanicos presentes, ya que la Administraci\u00f3n provincial ostenta la exclusividad para la categor\u00eda de aceite de oliva virgen additional. \u201cSe trata de una cita clave para todos los productos de calidad y ah\u00ed no pueden faltar nuestros mejores aceites de oliva\u201d, matiza Reyes, quien resalta que \u201cnuestra presencia se traducir\u00e1 en una mejora en el posicionamiento de nuestros AOVEs en el mundo de la gastronom\u00eda, sobre todo despu\u00e9s del gran esfuerzo que ha hecho el sector ole\u00edcola jiennense por la calidad y para conseguir que en cualquier cocina que se precie no falte el aceite de oliva virgen extra de Ja\u00e9n\u201d.<\/p>\n<p align=\"JUSTIFY\">As\u00ed, el patrocinio de esta gala supone que el brand de Ja\u00e9n Selecci\u00f3n est\u00e9 presente en todos los materiales, actos y redes sociales del evento. Adem\u00e1s, se podr\u00e1n degustar estos 8 AOVEs en un estand instalado en el corridor de entrada al escenario donde se celebrar\u00e1 la gala y botellas de 100 mililitros de los Ja\u00e9n Selecci\u00f3n 2022 se incluir\u00e1n en la bolsa de obsequios que entrega la organizaci\u00f3n a los cooks participantes. Con esta acci\u00f3n promocional \u201cvamos a acercar estos aceites a la alta cocina mundial, prestigiando nuestro sector al posicionarlo al lado de los mejores restauradores del mundo\u201d, apostilla el presidente de la Diputaci\u00f3n.<\/p>\n<p align=\"JUSTIFY\">La asistencia a este evento gastron\u00f3mico forma parte del Plan de Promoci\u00f3n del Aceite de Oliva que desarrolla la Administraci\u00f3n provincial a lo largo del a\u00f1o, y en el que se planifica conjuntamente con el sector la asistencia a las citas m\u00e1s importantes del \u00e1mbito nacional e internacional. De esta forma, en lo que resta de 2022 est\u00e1 tambi\u00e9n prevista la participaci\u00f3n en octubre en San Sebasti\u00e1n Gastron\u00f3mika y en la Gala Michel\u00edn, que se celebrar\u00e1 en noviembre en Toledo, una presencia que se sumar\u00e1 a la ya realizada en las principales cumbres gastron\u00f3micas espa\u00f1olas, desde Alimentaria a Madrid Fusi\u00f3n, pasando por el Sal\u00f3n de Gourmets o la Semana Verde de Galicia, entre otras.<\/p>\n<aside class=\"add add-300 centeradv\"\/><\/div>\n<p><script type=\"didomi\/javascript\" data-vendor=\"didomi:facebook\">  !function(f,b,e,v,n,t,s)  {if(f.fbq)return;n=f.fbq=function(){n.callMethod?  n.callMethod.apply(n,arguments):n.queue.push(arguments)};  if(!f._fbq)f._fbq=n;n.push=n;n.loaded=!0;n.version='2.0';  n.queue=[];t=b.createElement(e);t.async=!0;  t.src=v;s=b.getElementsByTagName(e)[0];  s.parentNode.insertBefore(t,s)}(window, document,'script',  'https:\/\/connect.facebook.net\/en_US\/fbevents.js');  fbq('init', '2839230479475343');  fbq('track', 'PageView');<\/script><br \/>\n<br \/><\/p>\n<p><em> \u2018 The preceding article may include information circulated by third parties \u2019 <\/em><\/p>\n<p><em> \u2018 Some details of this article were extracted from the following source www.cope.es \u2019 <\/em><\/p>\n","protected":false},"excerpt":{"rendered":"<p>Este lunes, 18 de julio, se celebrar\u00e1 en Londres la gala donde se dan a conocer los 50 mejores restaurantes del mundo, \u201cThe World\u00b4s 50 Best Restaurants\u201d, en la que de nuevo la Diputaci\u00f3n de Ja\u00e9n va a ser patrocinador de un evento en el que lucir\u00e1 los aceites de oliva virgen additional que cuentan [&hellip;]<\/p>\n","protected":false},"author":2,"featured_media":355072,"comment_status":"open","ping_status":"closed","sticky":false,"template":"","format":"standard","meta":{"om_disable_all_campaigns":false,"jnews-multi-image_gallery":[],"jnews_single_post":[],"jnews_primary_category":[],"jnews_social_meta":[],"footnotes":""},"categories":[43],"tags":[],"class_list":["post-355071","post","type-post","status-publish","format-standard","has-post-thumbnail","hentry","category-gourmet"],"_links":{"self":[{"href":"https:\/\/dimensionturistica.com\/es\/wp-json\/wp\/v2\/posts\/355071","targetHints":{"allow":["GET"]}}],"collection":[{"href":"https:\/\/dimensionturistica.com\/es\/wp-json\/wp\/v2\/posts"}],"about":[{"href":"https:\/\/dimensionturistica.com\/es\/wp-json\/wp\/v2\/types\/post"}],"author":[{"embeddable":true,"href":"https:\/\/dimensionturistica.com\/es\/wp-json\/wp\/v2\/users\/2"}],"replies":[{"embeddable":true,"href":"https:\/\/dimensionturistica.com\/es\/wp-json\/wp\/v2\/comments?post=355071"}],"version-history":[{"count":0,"href":"https:\/\/dimensionturistica.com\/es\/wp-json\/wp\/v2\/posts\/355071\/revisions"}],"wp:featuredmedia":[{"embeddable":true,"href":"https:\/\/dimensionturistica.com\/es\/wp-json\/wp\/v2\/media\/355072"}],"wp:attachment":[{"href":"https:\/\/dimensionturistica.com\/es\/wp-json\/wp\/v2\/media?parent=355071"}],"wp:term":[{"taxonomy":"category","embeddable":true,"href":"https:\/\/dimensionturistica.com\/es\/wp-json\/wp\/v2\/categories?post=355071"},{"taxonomy":"post_tag","embeddable":true,"href":"https:\/\/dimensionturistica.com\/es\/wp-json\/wp\/v2\/tags?post=355071"}],"curies":[{"name":"wp","href":"https:\/\/api.w.org\/{rel}","templated":true}]}}