{"id":354917,"date":"2022-07-17T23:53:20","date_gmt":"2022-07-17T23:53:20","guid":{"rendered":"https:\/\/dimensionturistica.com\/es\/?p=354917"},"modified":"2022-07-17T23:53:20","modified_gmt":"2022-07-17T23:53:20","slug":"promocion-turistica-de-yucatan-en-el-extranjero-busca-generar-mas-empleos","status":"publish","type":"post","link":"https:\/\/dimensionturistica.com\/es\/promocion-turistica-de-yucatan-en-el-extranjero-busca-generar-mas-empleos\/","title":{"rendered":"Promoci\u00f3n tur\u00edstica de Yucat\u00e1n en el extranjero busca generar m\u00e1s empleos"},"content":{"rendered":"<p> <br \/>\n<\/p>\n<div id=\"cuerpo-nota\">\n<p>Las riquezas culturales, art\u00edsticas, gastron\u00f3micas, naturales y tur\u00edsticas de Yucat\u00e1n, ser\u00e1n expuestas en California, Estados Unidos, durante 2 semanas, como parte de la estrategia de promoci\u00f3n del estado que se traduce en la generaci\u00f3n de empleos, la cual impulsa el Gobernador Mauricio Vila Dosal.<\/p>\n<p>En representaci\u00f3n de Vila Dosal, la titular de la Secretar\u00eda de Fomento Tur\u00edstico (Sefotur), Michelle Fridman Hirsch, particip\u00f3 en la inauguraci\u00f3n de la exhibici\u00f3n Puente a M\u00e9xico, que realiza el Consulado Normal de M\u00e9xico en San Diego, California, y present\u00f3 ante agencias de viajes y medios de comunicaci\u00f3n de esa ciudad el Marat\u00f3n Gastron\u00f3mico de Yucat\u00e1n.<\/p>\n<aside class=\"htmlinline\"\/>\n<aside class=\"relacionadas con-foto\">\n<h5>Noticias Relacionadas<\/h5>\n<\/aside>\n<p><img decoding=\"async\" alt=\"\" height=\"558\" src=\"https:\/\/www.poresto.net\/u\/fotografias\/m\/2022\/7\/17\/f768x1-214893_215020_27.jpg\" width=\"768\"\/><\/p>\n<p>Acompa\u00f1ada del c\u00f3nsul Carlos Gonz\u00e1lez Guti\u00e9rrez, la funcionaria destac\u00f3 que, al estar en una de las zonas m\u00e1s concurridas de esa urbe, en una \u00e9poca de altos niveles de turismo, muchas personas podr\u00e1n conocer la riqueza de la entidad, a trav\u00e9s de espacios como la referida sede diplom\u00e1tica, el Farmer&#8217;s Market, la Casa M\u00e9xico de Balboa Park y m\u00e1s.<\/p>\n<aside class=\"htmlinline\"\/>\n<aside class=\"relacionadas con-foto\">\n<h5>Noticias Relacionadas<\/h5>\n<\/aside>\n<p>\u201cEstamos muy honrados de ser el estado invitado en este proyecto tan destacado. Puente a M\u00e9xico abre la puerta a todo el mercado californiano, que es uno de los m\u00e1s importantes del mundo, al ser la quinta econom\u00eda global, para adentrarse a la riqueza y la diversidad de M\u00e9xico; puntualmente, en esta ocasi\u00f3n, a visitar Yucat\u00e1n\u201d, coment\u00f3.<\/p>\n<p>Se trata de un escaparate para mostrar lo mejor de las costumbres y tradiciones del estado, y fortalecer\u00e1 a\u00fan m\u00e1s su reputaci\u00f3n como uno de los mejores destinos para el viajero internacional. San Diego es de inter\u00e9s, debido al puente peatonal Cross Border Categorical (CBX), que conecta 35 sitios de la Rep\u00fablica con todo el sur de California, uno de los mercados m\u00e1s atractivos para nuestro pa\u00eds.<\/p>\n<p><img decoding=\"async\" alt=\"\" height=\"511\" src=\"https:\/\/www.poresto.net\/u\/fotografias\/m\/2022\/7\/17\/f768x1-214894_215021_5050.jpg\" width=\"768\"\/><\/p>\n<p>En el espacio de promoci\u00f3n, que coordin\u00f3 el Consulado de M\u00e9xico en esa ciudad, se exhibi\u00f3, durante 2 d\u00edas, artesan\u00edas, fotograf\u00edas e indumentaria; adem\u00e1s, se comercializ\u00f3 productos yucatecos, entre las personas que transitaban en esta zona cada d\u00eda.\n<\/p>\n<p>Adem\u00e1s, en el bazar conocido como Farmer\u2019s Market, los s\u00e1bados 16 y 23 de julio, de 08:00 a 14:00 horas, habr\u00e1 un espacio para venta de bienes no perecederos, hamacas, guayaberas y otros textiles, que llegar\u00e1n ah\u00ed gracias al apoyo del Instituto Yucateco de Emprendedores (IYEM), mientras que, de la mano de CBX y Volaris, Sefotur efectuar\u00e1 una promoci\u00f3n common.\n<\/p>\n<p>Acompa\u00f1aron al Gobierno del Estado, al chef embajador y al equipo de Sefotur, para llevar a las agencias de viajes y los medios de comunicaci\u00f3n a un viaje sin escalas hasta la regi\u00f3n, a trav\u00e9s de los sabores y olores de los platillos que estos expertos les prepararon.\n<\/p>\n<p><img decoding=\"async\" alt=\"\" height=\"511\" src=\"https:\/\/www.poresto.net\/u\/fotografias\/m\/2022\/7\/17\/f768x1-214895_215022_5050.jpg\" width=\"768\"\/>\n<\/p>\n<p>Tacos de lech\u00f3n y cochinita, panuchos, brazo de reina, vaporcitos, kibis y empanadas de chaya, fueron los bocadillos que probaron, en este Marat\u00f3n, los comensales asistentes, donde Fridman Hirsch y Gilberto Luna Mois\u00e9s, quien acudi\u00f3 en representaci\u00f3n de Jazm\u00edn Galv\u00e1n, c\u00f3nsul de Turismo de M\u00e9xico en Los \u00c1ngeles, anunciaron el A\u00f1o de la Gastronom\u00eda.\n<\/p>\n<p>S\u00edguenos en<a rel=\"nofollow noopener\" target=\"_blank\" href=\"http:\/\/S\u00edguenos en Google News y recibe la mejor informaci\u00f3n\"> Google News<\/a> y recibe la mejor informaci\u00f3n\n<\/p>\n<p>AN\n<\/p>\n<\/div>\n<p><script>\n      window.fbAsyncInit = function() {\n        FB.init({\n          appId      : '{292213061927134}',\n          status     : true,\n\t\t  version:  'v2.7',\n          xfbml      : true\n        });\nFB.Event.subscribe('comment.create', function (response) {grabacom_compa(344438)});\t\nFB.Event.subscribe('comment.remove',  function (response) {grabacom_compa(344438)});\t\nFB.Event.subscribe('edge.create',  function (response) {grabacom_compa(344438)});\nFB.Event.subscribe('edge.remove',  function (response) {grabacom_compa(344438)});\n      };\n(function(d, s, id) {\n  var js, fjs = d.getElementsByTagName(s)[0];\n  if (d.getElementById(id)) return;\n  js = d.createElement(s); js.id = id;\n  js.src = \"\/\/connect.facebook.net\/es_LA\/sdk.js#xfbml=1&version=v2.7&appId=292213061927134\";\n  fjs.parentNode.insertBefore(js, fjs);\n}(document, 'script', 'facebook-jssdk'));\n    <\/script><br \/>\n<br \/><\/p>\n<p><em> &#8221; Fuentes www.poresto.net &#8221; <\/em><\/p>\n","protected":false},"excerpt":{"rendered":"<p>Las riquezas culturales, art\u00edsticas, gastron\u00f3micas, naturales y tur\u00edsticas de Yucat\u00e1n, ser\u00e1n expuestas en California, Estados Unidos, durante 2 semanas, como parte de la estrategia de promoci\u00f3n del estado que se traduce en la generaci\u00f3n de empleos, la cual impulsa el Gobernador Mauricio Vila Dosal. En representaci\u00f3n de Vila Dosal, la titular de la Secretar\u00eda de [&hellip;]<\/p>\n","protected":false},"author":4,"featured_media":354918,"comment_status":"open","ping_status":"closed","sticky":false,"template":"","format":"standard","meta":{"om_disable_all_campaigns":false,"jnews-multi-image_gallery":[],"jnews_single_post":[],"jnews_primary_category":[],"jnews_social_meta":[],"footnotes":""},"categories":[40],"tags":[2504],"class_list":["post-354917","post","type-post","status-publish","format-standard","has-post-thumbnail","hentry","category-industria","tag-yucatan"],"_links":{"self":[{"href":"https:\/\/dimensionturistica.com\/es\/wp-json\/wp\/v2\/posts\/354917","targetHints":{"allow":["GET"]}}],"collection":[{"href":"https:\/\/dimensionturistica.com\/es\/wp-json\/wp\/v2\/posts"}],"about":[{"href":"https:\/\/dimensionturistica.com\/es\/wp-json\/wp\/v2\/types\/post"}],"author":[{"embeddable":true,"href":"https:\/\/dimensionturistica.com\/es\/wp-json\/wp\/v2\/users\/4"}],"replies":[{"embeddable":true,"href":"https:\/\/dimensionturistica.com\/es\/wp-json\/wp\/v2\/comments?post=354917"}],"version-history":[{"count":0,"href":"https:\/\/dimensionturistica.com\/es\/wp-json\/wp\/v2\/posts\/354917\/revisions"}],"wp:featuredmedia":[{"embeddable":true,"href":"https:\/\/dimensionturistica.com\/es\/wp-json\/wp\/v2\/media\/354918"}],"wp:attachment":[{"href":"https:\/\/dimensionturistica.com\/es\/wp-json\/wp\/v2\/media?parent=354917"}],"wp:term":[{"taxonomy":"category","embeddable":true,"href":"https:\/\/dimensionturistica.com\/es\/wp-json\/wp\/v2\/categories?post=354917"},{"taxonomy":"post_tag","embeddable":true,"href":"https:\/\/dimensionturistica.com\/es\/wp-json\/wp\/v2\/tags?post=354917"}],"curies":[{"name":"wp","href":"https:\/\/api.w.org\/{rel}","templated":true}]}}