{"id":354895,"date":"2022-07-17T22:13:45","date_gmt":"2022-07-17T22:13:45","guid":{"rendered":"https:\/\/dimensionturistica.com\/es\/?p=354895"},"modified":"2022-07-17T22:13:45","modified_gmt":"2022-07-17T22:13:45","slug":"la-modelo-irina-shayk-acusada-de-apoyar-la-invasion-rusa-a-ucrania-por-este-texto","status":"publish","type":"post","link":"https:\/\/dimensionturistica.com\/es\/la-modelo-irina-shayk-acusada-de-apoyar-la-invasion-rusa-a-ucrania-por-este-texto\/","title":{"rendered":"La modelo Irina Shayk, acusada de apoyar la invasi\u00f3n rusa a Ucrania por este texto"},"content":{"rendered":"<p> <br \/>\n<\/p>\n<div>\n<p data-gtm-element-container=\"modulo-texto-link\" class=\"paragraph\"><strong>Irina Shayk <\/strong>ha sido acusada en <strong>redes sociales<\/strong> de apoyar la <strong>invasi\u00f3n rusa a Ucrania<\/strong>. La modelo rusa ha sido se\u00f1alada por un posible <strong>mensaje oculto <\/strong>en una imagen que puso en Instagram.<\/p>\n<p data-gtm-element-container=\"modulo-texto-link\" class=\"paragraph\">Shayk subi\u00f3 en las <strong>historias <\/strong>de esta pink social la imagen de una ensalada, la que algunos han definido como una ensalada rusa. <strong>&#8220;Russianzz el mi\u00e9rcoles&#8221;<\/strong>, fue el mensaje que a\u00f1adi\u00f3 a la foto.<\/p>\n<p><span class=\"content-ad-module \"><\/p>\n<p><span class=\"content-ad visible-xs roba-container  hidden-ad\"><span class=\"ad-unit roba\"><\/p>\n<p>                <\/span><\/span><span class=\"content-ad visible-md irr-container  hidden-ad\"><span class=\"ad-unit irr\"><\/p>\n<p>                <\/span><\/span><span class=\"content-html\"><span class=\"intext-md hidden-xs hidden-md\"> <\/span><\/span><\/span><span class=\"content-subtitle-simple \"><\/p>\n<h2 class=\"subtitle\">El s\u00edmbolo de la Z<br \/><\/h2>\n<p><\/span><\/p>\n<p data-gtm-element-container=\"modulo-texto-link\" class=\"paragraph\">Lo que ha hecho que muchos usuarios se fijen en esta publicaci\u00f3n de la modelo es el hecho de haber<strong> utilizado la letra z<\/strong> en su mensaje. Y es que la Z es un s\u00edmbolo que han cogido muchos ciudadanos rusos para dar<strong> apoyo ethical a la invasi\u00f3n de Ucrania <\/strong>y a la operaci\u00f3n especial de su <strong>ej\u00e9rcito <\/strong>en el pa\u00eds vecino.<\/p>\n<p><span class=\"content-ad-module \"><\/p>\n<p><span class=\"content-ad visible-xs irr-container  hidden-ad\"><span class=\"ad-unit irr\"><\/p>\n<p>                <\/span><\/span><span class=\"content-html\"><span class=\"intext-xs hidden-xs hidden-md\"> <\/span><\/span><\/span><\/p>\n<p data-gtm-element-container=\"modulo-texto-link\" class=\"paragraph\">Fue la periodista <strong>Maria Romanenko<\/strong> quien levant\u00f3 la liebre en Twitter, se\u00f1alando que Irina Shayk &#8220;public\u00f3 una extra\u00f1a historia cr\u00edptica en Instagram con la palabra &#8220;<strong>Russianzz<\/strong>&#8220;&#8221;. &#8220;Realmente espero que estas marcas reconsideren trabajar con ella<strong> cuando Rusia use Z para matar ucranianos<\/strong>&#8220;, consider\u00f3 Romanenko.<\/p>\n<p><span class=\"content-free-html  \"><span class=\"block-element container-center\"><\/p>\n<blockquote class=\"twitter-tweet\" data-lang=\"es\"><p>\n<a target=\"_blank\" href=\"https:\/\/twitter.com\/rommari\/status\/1547609815345549313?ref_src=twsrc%5Etfw%7Ctwcamp%5Etweetembed%7Ctwterm%5E1547609815345549313%7Ctwgr%5E%7Ctwcon%5Es1_&amp;ref_url=https:\/\/www.20minutos.es\/noticia\/5031055\/0\/acusan-irina-shayk-apoyar-putin-simbolo-oculto-foto-ensaladilla-rusa\/\" rel=\"noopener\">\n<\/p><\/blockquote>\n<p><\/span><\/span><\/p>\n<p data-gtm-element-container=\"modulo-texto-link\" class=\"paragraph\">A pesar de esto, muchos han se\u00f1alado que la rusa puso un <strong>mensaje a favor de la paz<\/strong> en su Instagram, al inicio de la invasi\u00f3n rusa de Ucrania. &#8220;No A La Guerra. Estar\u00e9 donando a Unicef y Cruz Roja de Ucrania. Consulte mis historias para obtener enlaces y recursos de donaci\u00f3n, d\u00e9 lo que pueda. Orando por paz&#8221;, puso en su publicaci\u00f3n.<\/p>\n<p><span class=\"content-ad-module \"><\/p>\n<p><span class=\"content-ad visible-xs roba-container  hidden-ad\"><span class=\"ad-unit roba\"><\/p>\n<p>                <\/span><\/span><\/span><span class=\"content-free-html  \"><span class=\"block-element container-center\"><\/p>\n<blockquote class=\"instagram-media\" data-instgrm-captioned=\"\" data-instgrm-version=\"6\" style=\"background: #FFF; border: 0; border-radius: 3px; box-shadow: 0 0 1px 0 rgba(0,&#10;0, 0, 0.5), 0 1px 10px 0 rgba(0, 0, 0, 0.15); margin: 1px; max-width: 658px; padding: 0;&#10;width: 99.375%; width: -webkit-calc(100% - 2px); width: calc(100% - 2px);\"><p>\n<span class=\"block-element\" style=\"padding: 8px;\"> <span class=\"block-element\" style=\"background: #F8F8F8; line-height: 0; margin-top: 40px; padding: 62.5%&#10;0; text-align: center; width: 100%;\"> <span class=\"block-element\" style=\"background:&#10;url(data:image\/png;base64,iVBORw0KGgoAAAANSUhEUgAAACwAAAAsCAMAAAApWqozAAAAGFBMVEUiIiI9PT0eH&#10;h4gIB4hIBkcHBwcHBwcHBydr+JQAAAACHRSTlMABA4YHyQsM5jtaMwAAADfSURBVDjL7ZVBEgMhCAQBAf\/\/&#10;42xcNbpAqakcM0ftUmFAAIBE81IqBJdS3lS6zs3bIpB9WED3YYXFPmHRfT8sgyrCP1x8uEUxLMzNWElFOYCV6mHWWwM&#10;zdPEKHlhLw7NWJqkHc4uIZphavDzA2JPzUDsBZziNae2S6owH8xPmX8G7zzgKEOPUoYHvGz1TBCxMkd3kwNVbU0gKHk&#10;x+iZILf77IofhrY1nYFnB\/lQPb79drWOyJVa\/DAvg9B\/rLB4cC+Nqgdz\/TvBbBnr6GBReqn\/&#10;nRmDgaQEej7WhonozjF+Y2I\/fZou\/qAAAAAElFTkSuQmCC); display: block; height: 44px; margin: 0&#10;auto -44px; position: relative; top: -22px; width: 44px;\"\/><br \/>\n<\/span><\/p>\n<p><\/span>\n<\/p><\/blockquote>\n<p><\/span><\/span><\/p>\n<p data-gtm-element-container=\"modulo-texto-link\" class=\"paragraph\">En cualquier caso, el tuit ha sumado unos <strong>140 retuits i m\u00e1s de 250 me gusta<\/strong>. Muchos comentarios han criticado el mensaje de la modelo rusa, pero otros han considerado que eran c\u00e1balas sacadas de contexto.<\/p>\n<\/div>\n<p><script async src=\"\/\/platform.twitter.com\/widgets.js\" charset=\"utf-8\"><\/script><script type=\"script\/gg\">\ngg.didomi.doWhenConsent(!window.didomiBypass, 'c:facebooka-frU9M5JY', function () {\nconsole.log('facebook-ad-def');\n!function(f,b,e,v,n,t,s)\n{if(f.fbq)return;n=f.fbq=function(){n.callMethod?\nn.callMethod.apply(n,arguments):n.queue.push(arguments)};\nif(!f._fbq)f._fbq=n;n.push=n;n.loaded=!0;n.version='2.0';\nn.queue=[];t=b.createElement(e);t.async=!0;\nt.src=v;s=b.getElementsByTagName(e)[0];\ns.parentNode.insertBefore(t,s)}(window, document,'script',\n'https:\/\/connect.facebook.net\/en_US\/fbevents.js');\nfbq('init', '682047071976590');\nfbq('track', 'PageView');\n});\n<\/script><br \/>\n<br \/><\/p>\n<p><em> \u2018 The preceding article may include information circulated by third parties \u2019 <\/em><\/p>\n<p><em> \u2018 Some details of this article were extracted from the following source www.mundodeportivo.com \u2019 <\/em><\/p>\n","protected":false},"excerpt":{"rendered":"<p>Irina Shayk ha sido acusada en redes sociales de apoyar la invasi\u00f3n rusa a Ucrania. La modelo rusa ha sido se\u00f1alada por un posible mensaje oculto en una imagen que puso en Instagram. Shayk subi\u00f3 en las historias de esta pink social la imagen de una ensalada, la que algunos han definido como una ensalada [&hellip;]<\/p>\n","protected":false},"author":2,"featured_media":354896,"comment_status":"open","ping_status":"closed","sticky":false,"template":"","format":"standard","meta":{"om_disable_all_campaigns":false,"jnews-multi-image_gallery":[],"jnews_single_post":[],"jnews_primary_category":[],"jnews_social_meta":[],"footnotes":""},"categories":[43],"tags":[],"class_list":["post-354895","post","type-post","status-publish","format-standard","has-post-thumbnail","hentry","category-gourmet"],"_links":{"self":[{"href":"https:\/\/dimensionturistica.com\/es\/wp-json\/wp\/v2\/posts\/354895","targetHints":{"allow":["GET"]}}],"collection":[{"href":"https:\/\/dimensionturistica.com\/es\/wp-json\/wp\/v2\/posts"}],"about":[{"href":"https:\/\/dimensionturistica.com\/es\/wp-json\/wp\/v2\/types\/post"}],"author":[{"embeddable":true,"href":"https:\/\/dimensionturistica.com\/es\/wp-json\/wp\/v2\/users\/2"}],"replies":[{"embeddable":true,"href":"https:\/\/dimensionturistica.com\/es\/wp-json\/wp\/v2\/comments?post=354895"}],"version-history":[{"count":0,"href":"https:\/\/dimensionturistica.com\/es\/wp-json\/wp\/v2\/posts\/354895\/revisions"}],"wp:featuredmedia":[{"embeddable":true,"href":"https:\/\/dimensionturistica.com\/es\/wp-json\/wp\/v2\/media\/354896"}],"wp:attachment":[{"href":"https:\/\/dimensionturistica.com\/es\/wp-json\/wp\/v2\/media?parent=354895"}],"wp:term":[{"taxonomy":"category","embeddable":true,"href":"https:\/\/dimensionturistica.com\/es\/wp-json\/wp\/v2\/categories?post=354895"},{"taxonomy":"post_tag","embeddable":true,"href":"https:\/\/dimensionturistica.com\/es\/wp-json\/wp\/v2\/tags?post=354895"}],"curies":[{"name":"wp","href":"https:\/\/api.w.org\/{rel}","templated":true}]}}