{"id":354788,"date":"2022-07-17T17:51:37","date_gmt":"2022-07-17T17:51:37","guid":{"rendered":"https:\/\/dimensionturistica.com\/es\/?p=354788"},"modified":"2022-07-17T17:51:37","modified_gmt":"2022-07-17T17:51:37","slug":"organiza-calpan-decimonovena-feria-del-chile-en-nogada","status":"publish","type":"post","link":"https:\/\/dimensionturistica.com\/es\/organiza-calpan-decimonovena-feria-del-chile-en-nogada\/","title":{"rendered":"Organiza Calpan decimonovena Feria del Chile en Nogada"},"content":{"rendered":"<p><img decoding=\"async\" class=\"size-medium wp-image-354807 alignright\" src=\"https:\/\/dimensionturistica.com\/es\/wp-content\/uploads\/2022\/07\/unnamed-4-3-300x200.jpg\" alt=\"\" width=\"300\" height=\"200\" srcset=\"https:\/\/dimensionturistica.com\/es\/wp-content\/uploads\/2022\/07\/unnamed-4-3-300x200.jpg 300w, https:\/\/dimensionturistica.com\/es\/wp-content\/uploads\/2022\/07\/unnamed-4-3-1024x683.jpg 1024w, https:\/\/dimensionturistica.com\/es\/wp-content\/uploads\/2022\/07\/unnamed-4-3-768x512.jpg 768w, https:\/\/dimensionturistica.com\/es\/wp-content\/uploads\/2022\/07\/unnamed-4-3-1536x1024.jpg 1536w, https:\/\/dimensionturistica.com\/es\/wp-content\/uploads\/2022\/07\/unnamed-4-3-2048x1365.jpg 2048w, https:\/\/dimensionturistica.com\/es\/wp-content\/uploads\/2022\/07\/unnamed-4-3-750x500.jpg 750w, https:\/\/dimensionturistica.com\/es\/wp-content\/uploads\/2022\/07\/unnamed-4-3-1140x760.jpg 1140w\" sizes=\"(max-width: 300px) 100vw, 300px\" \/>Con el objetivo de reactivar la econom\u00eda local y promover la participaci\u00f3n de la comunidad, el municipio de San Andr\u00e9s Calpan llevar\u00e1 a cabo del 5 al 28 de agosto la decimonovena edici\u00f3n de la Feria del Chile en Nogada, en la que participar\u00e1n 37 cocineras tradicionales, 70 domicilios con venta del platillo, adem\u00e1s de artesanos y productores de frutas, nuez de castilla y chile poblano de la regi\u00f3n.<br \/>\nLa directora del Instituto Municipal de Mujeres de Calpan, Carolina Alem\u00e1n Wong destac\u00f3 que en esta edici\u00f3n el municipio espera la llegada de 80 mil visitantes durante el mes de agosto, lo que permitir\u00e1 comercializar 120 mil chiles en nogada y obtener una derrama econ\u00f3mica de aproximadamente 20 millones de pesos.<br \/>\nEn representaci\u00f3n de los productores de Calpan, Pascual M\u00e9ndez Chico inform\u00f3 que la producci\u00f3n estimada de chile poblano es de 50 toneladas, adem\u00e1s de 70 de fruta (entre nuez de castilla, manzana<img decoding=\"async\" class=\"size-medium wp-image-354808 alignright\" src=\"https:\/\/dimensionturistica.com\/es\/wp-content\/uploads\/2022\/07\/unnamed-3-4-300x200.jpg\" alt=\"\" width=\"300\" height=\"200\" srcset=\"https:\/\/dimensionturistica.com\/es\/wp-content\/uploads\/2022\/07\/unnamed-3-4-300x200.jpg 300w, https:\/\/dimensionturistica.com\/es\/wp-content\/uploads\/2022\/07\/unnamed-3-4-1024x683.jpg 1024w, https:\/\/dimensionturistica.com\/es\/wp-content\/uploads\/2022\/07\/unnamed-3-4-768x512.jpg 768w, https:\/\/dimensionturistica.com\/es\/wp-content\/uploads\/2022\/07\/unnamed-3-4-1536x1024.jpg 1536w, https:\/\/dimensionturistica.com\/es\/wp-content\/uploads\/2022\/07\/unnamed-3-4-2048x1365.jpg 2048w, https:\/\/dimensionturistica.com\/es\/wp-content\/uploads\/2022\/07\/unnamed-3-4-750x500.jpg 750w, https:\/\/dimensionturistica.com\/es\/wp-content\/uploads\/2022\/07\/unnamed-3-4-1140x760.jpg 1140w\" sizes=\"(max-width: 300px) 100vw, 300px\" \/> panochera y durazno criollo).<br \/>\nLa directora de Innovaci\u00f3n y Calidad de la Secretar\u00eda de Turismo, Guadalupe Lozano Garfias asegur\u00f3 que la dependencia lleva a cabo diversas acciones, como capacitaci\u00f3n y asesor\u00eda en comercializaci\u00f3n y atenci\u00f3n al cliente, a favor de los prestadores de servicios tur\u00edsticos en los municipios.<br \/>\nReiter\u00f3 la invitaci\u00f3n a las y los poblanos, as\u00ed como visitantes de otros estados para asistir a partir del 5 de agosto a la tradicional feria de Calpan.<\/p>\n","protected":false},"excerpt":{"rendered":"<p>Con el objetivo de reactivar la econom\u00eda local y promover la participaci\u00f3n de la comunidad, el municipio de San Andr\u00e9s Calpan llevar\u00e1 a cabo del 5 al 28 de agosto la decimonovena edici\u00f3n de la Feria del Chile en Nogada, en la que participar\u00e1n 37 cocineras tradicionales, 70 domicilios con venta del platillo, adem\u00e1s de [&hellip;]<\/p>\n","protected":false},"author":1,"featured_media":354806,"comment_status":"open","ping_status":"closed","sticky":false,"template":"","format":"standard","meta":{"om_disable_all_campaigns":false,"jnews-multi-image_gallery":[],"jnews_single_post":{"source_name":"","source_url":"","via_name":"","via_url":"","override_template":"0","override":[{"template":"1","single_blog_custom":"","parallax":"1","fullscreen":"1","layout":"right-sidebar","sidebar":"default-sidebar","second_sidebar":"default-sidebar","sticky_sidebar":"1","share_position":"top","share_float_style":"share-monocrhome","show_share_counter":"1","show_view_counter":"1","show_featured":"1","show_post_meta":"1","show_post_author":"1","show_post_author_image":"1","show_post_date":"1","post_date_format":"default","post_date_format_custom":"Y\/m\/d","show_post_category":"1","show_post_reading_time":"0","post_reading_time_wpm":"300","show_zoom_button":"0","zoom_button_out_step":"2","zoom_button_in_step":"3","show_post_tag":"1","show_prev_next_post":"1","show_popup_post":"1","number_popup_post":"1","show_author_box":"0","show_post_related":"0","show_inline_post_related":"0"}],"override_image_size":"0","image_override":[{"single_post_thumbnail_size":"crop-500","single_post_gallery_size":"crop-500"}],"trending_post":"0","trending_post_position":"meta","trending_post_label":"Trending","sponsored_post":"0","sponsored_post_label":"Sponsored by","sponsored_post_name":"","sponsored_post_url":"","sponsored_post_logo_enable":"0","sponsored_post_logo":"","sponsored_post_desc":"","disable_ad":"0"},"jnews_primary_category":{"id":""},"jnews_social_meta":{"fb_title":"","fb_description":"","fb_image":"","twitter_title":"","twitter_description":"","twitter_image":""},"footnotes":""},"categories":[43],"tags":[],"class_list":["post-354788","post","type-post","status-publish","format-standard","has-post-thumbnail","hentry","category-gourmet"],"_links":{"self":[{"href":"https:\/\/dimensionturistica.com\/es\/wp-json\/wp\/v2\/posts\/354788","targetHints":{"allow":["GET"]}}],"collection":[{"href":"https:\/\/dimensionturistica.com\/es\/wp-json\/wp\/v2\/posts"}],"about":[{"href":"https:\/\/dimensionturistica.com\/es\/wp-json\/wp\/v2\/types\/post"}],"author":[{"embeddable":true,"href":"https:\/\/dimensionturistica.com\/es\/wp-json\/wp\/v2\/users\/1"}],"replies":[{"embeddable":true,"href":"https:\/\/dimensionturistica.com\/es\/wp-json\/wp\/v2\/comments?post=354788"}],"version-history":[{"count":0,"href":"https:\/\/dimensionturistica.com\/es\/wp-json\/wp\/v2\/posts\/354788\/revisions"}],"wp:featuredmedia":[{"embeddable":true,"href":"https:\/\/dimensionturistica.com\/es\/wp-json\/wp\/v2\/media\/354806"}],"wp:attachment":[{"href":"https:\/\/dimensionturistica.com\/es\/wp-json\/wp\/v2\/media?parent=354788"}],"wp:term":[{"taxonomy":"category","embeddable":true,"href":"https:\/\/dimensionturistica.com\/es\/wp-json\/wp\/v2\/categories?post=354788"},{"taxonomy":"post_tag","embeddable":true,"href":"https:\/\/dimensionturistica.com\/es\/wp-json\/wp\/v2\/tags?post=354788"}],"curies":[{"name":"wp","href":"https:\/\/api.w.org\/{rel}","templated":true}]}}