{"id":354748,"date":"2022-07-17T16:03:15","date_gmt":"2022-07-17T16:03:15","guid":{"rendered":"https:\/\/dimensionturistica.com\/es\/?p=354748"},"modified":"2022-07-17T16:03:16","modified_gmt":"2022-07-17T16:03:16","slug":"cuba-presenta-destino-turistico-en-camboya","status":"publish","type":"post","link":"https:\/\/dimensionturistica.com\/es\/cuba-presenta-destino-turistico-en-camboya\/","title":{"rendered":"Cuba presenta destino tur\u00edstico en Camboya"},"content":{"rendered":"<p> <br \/>\n<\/p>\n<div property=\"schema:text\">\n<p><span><span><span>La <strong>Embajada de Cuba<\/strong> en Phnom Penh, capital de <strong>Camboya<\/strong>, organiz\u00f3 un encuentro con la asociaci\u00f3n de viajes native en el que present\u00f3 el destino tur\u00edstico que puede ser elegido como opci\u00f3n por los viajeros de esa naci\u00f3n asi\u00e1tica.<\/span><\/span><\/span><\/p>\n<p><span><span><span>Un reporte de Journey Tour and World indica que <strong>el evento reuni\u00f3 a la Embajadora de Cuba en Camboya, Liurka Rodr\u00edguez Barrios, y l\u00edderes y partes interesadas clave de la industria tur\u00edstica de Camboya<\/strong>, encabezados por Sivlin Chhay, Presidente de la Asociaci\u00f3n de Agentes de Viajes de Camboya (CATA).<\/span><\/span><\/span><\/p>\n<p><span><span><span>Este fue el segundo evento de este tipo organizado por la Embajada de Cuba desde noviembre de 2021.<\/span><\/span><\/span><\/p>\n<p><span><span><span>La Embajadora coment\u00f3 que se prev\u00e9n encuentros similares para los pr\u00f3ximos meses. Tambi\u00e9n estuvieron presentes dignatarios de varias organizaciones de viajes.<\/span><\/span><\/span><\/p>\n<p><span><span><span>El evento comenz\u00f3 con una presentaci\u00f3n del diplom\u00e1tico cubano, seguida de una sesi\u00f3n de preguntas y respuestas y un almuerzo con comida t\u00edpica de la Mayor de las Antillas.<\/span><\/span><\/span><\/p>\n<p><span><span><span>La presentaci\u00f3n incluy\u00f3 un video promocional que muestra los principales destinos tur\u00edsticos de Cuba, incluidos Varadero, Vi\u00f1ales, Santiago de Cuba y Jardines de la Reina, que a menudo se conoce como el &#8220;Jard\u00edn de Coral de Cuba&#8221;.<\/span><\/span><\/span><\/p>\n<p><span><span><span>Entre los destinos populares para los turistas internacionales se encuentran La Habana Vieja, Playa Para\u00edso, Caya Coco, el Mausoleo del Che Guevara en Santa Clara, Baracoa y Cienfuegos.<\/span><\/span><\/span><\/p>\n<p><span><span><span>Gareth Johnson, cofundador de una agencia de viajes internacional, habl\u00f3 sobre su experiencia trayendo turistas a Cuba desde principios de la d\u00e9cada de 2000.<\/span><\/span><\/span><\/p>\n<p><span><span><span>Durante la sesi\u00f3n de preguntas y respuestas, los asistentes camboyanos plantearon algunas cuestiones relacionadas con la log\u00edstica, la distancia y los desaf\u00edos de viajar de Camboya a Cuba y viceversa.<\/span><\/span><\/span><\/p>\n<p><span><span><span>Camboya est\u00e1 a 16.000 kil\u00f3metros (9.941 millas) de Cuba. Viajar all\u00ed implica escalas ya sea en Estados Unidos, Canad\u00e1, Rusia, Francia y otros pa\u00edses con vuelos directos a La Habana.<\/span><\/span><\/span><\/p>\n<p><span><span><span>Debido a tales desaf\u00edos, no muchos camboyanos han visitado Cuba y viceversa a lo largo de los a\u00f1os.<\/span><\/span><\/span><\/p>\n<p><span><span><span>El embajador Rodr\u00edguez explic\u00f3 que viajar a su pa\u00eds se ha vuelto m\u00e1s f\u00e1cil desde que el presidente estadounidense Joe Biden levant\u00f3 el mes pasado una serie de restricciones a los vuelos a Cuba que introdujo el expresidente Donald Trump en 2019 y 2020.<\/span><\/span><\/span><\/p>\n<p><span><span><span>Colombia, M\u00e9xico y otros pa\u00edses de Am\u00e9rica del Sur, Am\u00e9rica del Norte, Am\u00e9rica Central y el Caribe fueron mencionados como destinos secundarios para las personas que quieren viajar a Cuba.<\/span><\/span><\/span><\/p>\n<p><span><span><span>Este encuentro nos ayudar\u00e1 a poder promover a Cuba y esperamos hacerlo en los pr\u00f3ximos a\u00f1os a medida que el mundo vuelva a la normalidad, dijo el presidente de CATA, y agreg\u00f3 que tambi\u00e9n est\u00e1 en marcha un viaje de familiarizaci\u00f3n o FAM de Cuba para agentes de viajes camboyanos. <\/span><\/span><\/span><\/p>\n<p><span><span><span>Los camboyanos solo necesitan solicitar una Tarjeta de Turista en l\u00ednea para poder visitar Cuba.<\/span><\/span><\/span><\/p>\n<p><span><span><span>Cuba, donde m\u00e1s del 90 por ciento de la poblaci\u00f3n est\u00e1 completamente vacunada, ya levant\u00f3 todas las restricciones relacionadas con la COVID-19. Se espera que m\u00e1s de 2,5 millones de turistas visiten el pa\u00eds este a\u00f1o, seg\u00fan el gobierno.<\/span><\/span><\/span><\/p>\n<p><span><span><span>Camboya y Cuba establecieron relaciones diplom\u00e1ticas en 1960. Desde entonces, los dos pa\u00edses han mantenido relaciones en las \u00e1reas de comercio, pol\u00edtica, educaci\u00f3n, cultura, deportes y salud.<\/span><\/span><\/span><\/p>\n<\/div>\n\n<p><em> &#8221; Fuentes www.excelenciascuba.com &#8221; <\/em><\/p>\n","protected":false},"excerpt":{"rendered":"<p>La Embajada de Cuba en Phnom Penh, capital de Camboya, organiz\u00f3 un encuentro con la asociaci\u00f3n de viajes native en el que present\u00f3 el destino tur\u00edstico que puede ser elegido como opci\u00f3n por los viajeros de esa naci\u00f3n asi\u00e1tica. Un reporte de Journey Tour and World indica que el evento reuni\u00f3 a la Embajadora de [&hellip;]<\/p>\n","protected":false},"author":4,"featured_media":0,"comment_status":"open","ping_status":"closed","sticky":false,"template":"","format":"standard","meta":{"om_disable_all_campaigns":false,"jnews-multi-image_gallery":[],"jnews_single_post":[],"jnews_primary_category":[],"jnews_social_meta":[],"footnotes":""},"categories":[40],"tags":[4100,956,705,544],"class_list":["post-354748","post","type-post","status-publish","format-standard","hentry","category-industria","tag-camboya","tag-cuba","tag-noticias","tag-turismo"],"_links":{"self":[{"href":"https:\/\/dimensionturistica.com\/es\/wp-json\/wp\/v2\/posts\/354748","targetHints":{"allow":["GET"]}}],"collection":[{"href":"https:\/\/dimensionturistica.com\/es\/wp-json\/wp\/v2\/posts"}],"about":[{"href":"https:\/\/dimensionturistica.com\/es\/wp-json\/wp\/v2\/types\/post"}],"author":[{"embeddable":true,"href":"https:\/\/dimensionturistica.com\/es\/wp-json\/wp\/v2\/users\/4"}],"replies":[{"embeddable":true,"href":"https:\/\/dimensionturistica.com\/es\/wp-json\/wp\/v2\/comments?post=354748"}],"version-history":[{"count":0,"href":"https:\/\/dimensionturistica.com\/es\/wp-json\/wp\/v2\/posts\/354748\/revisions"}],"wp:attachment":[{"href":"https:\/\/dimensionturistica.com\/es\/wp-json\/wp\/v2\/media?parent=354748"}],"wp:term":[{"taxonomy":"category","embeddable":true,"href":"https:\/\/dimensionturistica.com\/es\/wp-json\/wp\/v2\/categories?post=354748"},{"taxonomy":"post_tag","embeddable":true,"href":"https:\/\/dimensionturistica.com\/es\/wp-json\/wp\/v2\/tags?post=354748"}],"curies":[{"name":"wp","href":"https:\/\/api.w.org\/{rel}","templated":true}]}}