{"id":354724,"date":"2022-07-17T15:15:20","date_gmt":"2022-07-17T15:15:20","guid":{"rendered":"https:\/\/dimensionturistica.com\/es\/?p=354724"},"modified":"2022-07-17T15:15:20","modified_gmt":"2022-07-17T15:15:20","slug":"semblanza-camara-espanola-de-comercio","status":"publish","type":"post","link":"https:\/\/dimensionturistica.com\/es\/semblanza-camara-espanola-de-comercio\/","title":{"rendered":"Semblanza C\u00e1mara Espa\u00f1ola de Comercio"},"content":{"rendered":"<p>La C\u00e1mara Espa\u00f1ola de Comercio es una asociaci\u00f3n civil sin \u00e1nimo de lucro creada con el fin de fortalecer el desarrollo de las relaciones econ\u00f3micas y empresariales entre Espa\u00f1a y M\u00e9xico, y de fomentar las inversiones entre ambos pa\u00edses.<br \/>\nEn sus 132 a\u00f1os de historia se ha convertido en la asociaci\u00f3n empresarial espa\u00f1ola m\u00e1s grande de M\u00e9xico, ha fortalecido su representatividad nacional con las Delegaciones en Quintana Roo, Centro Occidente y Nuevo Le\u00f3n. Se ha convertido en el referente nacional en cuanto a eventos de naturaleza empresarial se trata.<br \/>\nMuestra de ello son las reuniones que ha establecido con Excmo. Marcelo Ebrard &#8211; Secretario de Relaciones Exteriores de M\u00e9xico, Excma. Tatiana Clouthier &#8211; Secretaria de Econom\u00eda de M\u00e9xico, Excma. Mar\u00eda Luisa Alcalde \u2013 Secretaria del Trabajo y Previsi\u00f3n Social de M\u00e9xico, Excmo. Arturo Herrera &#8211; Ex Secretario de Hacienda de M\u00e9xico, H. Martha Delgado &#8211; Subsecretaria de Asuntos Multilaterales de la Secretar\u00eda de Relaciones Exteriores de M\u00e9xico, H. Luz Mar\u00eda de la Mora &#8211; Subsecretaria de Comercio Exterior de la Secretar\u00eda de Econom\u00eda de M\u00e9xico, Excmo. Mauricio Kuri &#8211; Gobernador de Quer\u00e9taro, Excmo.<img decoding=\"async\" class=\" wp-image-354725 alignright\" src=\"https:\/\/dimensionturistica.com\/es\/wp-content\/uploads\/2022\/07\/unnamed-21-300x200.jpg\" alt=\"\" width=\"368\" height=\"245\" srcset=\"https:\/\/dimensionturistica.com\/es\/wp-content\/uploads\/2022\/07\/unnamed-21-300x200.jpg 300w, https:\/\/dimensionturistica.com\/es\/wp-content\/uploads\/2022\/07\/unnamed-21-768x513.jpg 768w, https:\/\/dimensionturistica.com\/es\/wp-content\/uploads\/2022\/07\/unnamed-21-750x501.jpg 750w, https:\/\/dimensionturistica.com\/es\/wp-content\/uploads\/2022\/07\/unnamed-21.jpg 1024w\" sizes=\"(max-width: 368px) 100vw, 368px\" \/> Mart\u00edn Orozco &#8211; Gobernador de Aguascalientes, Excmo. Jos\u00e9 Rosas &#8211; Gobernador de Durango, H. Miguel Barbosa, Gobernador de Puebla, H. Fadlal\u00e1 Akabani \u2013 Secretario de Desarrollo Econ\u00f3mico de la Ciudad de M\u00e9xico, H. Marco del Prete &#8211; Secretario de Desarrollo Sustentable de Quer\u00e9taro, H. Rosa Elena Lozano &#8211; Secretaria de Desarrollo Econ\u00f3mico de Quintana Roo, Excma. Mar\u00eda Reyes Maroto &#8211; Ministra de Industria, Comercio y Turismo de Espa\u00f1a, Excmo. Jos\u00e9 Manuel Albares &#8211; Ministro de Asuntos Exteriores, Uni\u00f3n Europea y Cooperaci\u00f3n de Espa\u00f1a, H. Mar\u00eda Pe\u00f1a &#8211; Consejera Delegada del ICEX exportaci\u00f3n e inversiones.<\/p>\n<p>En administraciones pasadas hab\u00eda mantenido reuniones institucionales de inter\u00e9s para sus socios, tales como las realizadas con el Excmo. Pedro S\u00e1nchez Castrej\u00f3n \u2013 ahora Presidente del Gobierno de Espa\u00f1a, Excmo. Jos\u00e9 Luis \u00c1balos &#8211; Ex Ministro de Fomento, Excmo. Ildefonso Guajardo \u2013 Ex Secretario de Econom\u00eda de M\u00e9xico, Excmo. Jos\u00e9 Antonio Meade \u2013 Ex Secretario de Relaciones Exteriores de M\u00e9xico, entre otros.<\/p>\n<p>El acercamiento institucional entre organismos empresariales mexicanos y espa\u00f1oles ha sido fundamental para la C\u00e1mara Espa\u00f1ola de Comercio. Ha generado acciones y programas con organismos l\u00edderes representantes del sector empresarial, tales como la Confederaci\u00f3n Patronal de la Rep\u00fablica Mexicana (COPARMEX), el Consejo Coordinador Empresarial (CCE), la Confederaci\u00f3n Nacional de C\u00e1maras Industriales (CONCAMIN), la Confederaci\u00f3n de C\u00e1maras Nacionales de Comercio, Servicios y Turismo (CONCANACO Servytur), La C\u00e1mara de Comercio de Espa\u00f1a, C\u00e1mara Oficial de Comercio, Industria y Servicios de Madrid, C\u00e1mara de Comercio de Bilbao, C\u00e1mara Oficial de Comercio, Industria y Navegaci\u00f3n de Cantabria, C\u00e1mara de Comercio de Le\u00f3n, C\u00e1mara de Comercio de Terrassa, C\u00e1mara de Comercio, Industria, Navegaci\u00f3n y Servicios de Santa Cruz de Tenerife, C\u00e1mara Oficial de Comercio, Industria y Servicios de Lleida.<\/p>\n<p>Mantiene estrecha relaci\u00f3n con el Legislativo mexicano para conocer de primera mano los cambios e iniciativas de inter\u00e9s para sus socios. Realiza reuniones y acercamiento constante con representantes del poder legislativo mexicano, como con el Dip. Manuel Rodr\u00edguez, Presidente de la Comisi\u00f3n de Energ\u00eda, Dip. Juanita Guerra, Presidenta de la Comisi\u00f3n de Seguridad, Dip.Yeric\u00f3 Abramo, Presidente de la Comisi\u00f3n de Turismo, entre otros.<\/p>\n<p>Trabaja de la mano con la Embajada de Espa\u00f1a en M\u00e9xico, el Excmo. Juan L\u00f3pez D\u00f3riga, Embajador de Espa\u00f1a en M\u00e9xico es su Presidente Honorario y el H. \u00c1lvaro Pastor, Consejero Econ\u00f3mico y Comercial forma parte de su board.<\/p>\n<p>Su Consejo es Presidido por D. Antonio Basagoiti y est\u00e1 conformado por las empresas de capital espa\u00f1ol m\u00e1s representativas en M\u00e9xico, tales como Santander, Ontier, Iberia, Sacyr, Ineco Iberdrola, Gestamp, Garrigues, Naturgy, BBVA, Mapfre, La Caixa, Grupo Mar, Repsol, por mencionar algunos.<\/p>\n<p>En la actualidad cuenta con contactos consolidados en el sector empresarial y organismos gubernamentales, adem\u00e1s de alrededor 650 socios que son empresas mexicanas participadas con capital espa\u00f1ol, y que representan m\u00e1s del 80% de la inversi\u00f3n espa\u00f1ola en M\u00e9xico en el momento en que Espa\u00f1a se ha posicionado como 2\u00b0 inversor en el pa\u00eds.<\/p>\n<p>Actualmente cuenta con nueve comisiones activas. Estos grupos est\u00e1n encabezados por empresas l\u00edderes de cada sector que se re\u00fanen peri\u00f3dicamente para definir objetivos, intereses y acciones a seguir. Dentro de estos grupos de trabajo se promueven eventos, se fortalecen las relaciones institucionales y se generan publicaciones, mismas que son:<br \/>\nComercio Exterior.<br \/>\nEnerg\u00eda.<br \/>\nInfraestructuras.<br \/>\nTransformaci\u00f3n Digital.<br \/>\nFiscal.<br \/>\nSeguridad.<br \/>\nRecursos Humanos.<br \/>\nPyme.<br \/>\nSostenibilidad.<br \/>\nTurismo.<\/p>\n","protected":false},"excerpt":{"rendered":"<p>La C\u00e1mara Espa\u00f1ola de Comercio es una asociaci\u00f3n civil sin \u00e1nimo de lucro creada con el fin de fortalecer el desarrollo de las relaciones econ\u00f3micas y empresariales entre Espa\u00f1a y M\u00e9xico, y de fomentar las inversiones entre ambos pa\u00edses. En sus 132 a\u00f1os de historia se ha convertido en la asociaci\u00f3n empresarial espa\u00f1ola m\u00e1s grande [&hellip;]<\/p>\n","protected":false},"author":1,"featured_media":354726,"comment_status":"open","ping_status":"closed","sticky":false,"template":"","format":"standard","meta":{"om_disable_all_campaigns":false,"jnews-multi-image_gallery":[],"jnews_single_post":{"source_name":"","source_url":"","via_name":"","via_url":"","override_template":"0","override":[{"template":"1","single_blog_custom":"","parallax":"1","fullscreen":"1","layout":"right-sidebar","sidebar":"default-sidebar","second_sidebar":"default-sidebar","sticky_sidebar":"1","share_position":"top","share_float_style":"share-monocrhome","show_share_counter":"1","show_view_counter":"1","show_featured":"1","show_post_meta":"1","show_post_author":"1","show_post_author_image":"1","show_post_date":"1","post_date_format":"default","post_date_format_custom":"Y\/m\/d","show_post_category":"1","show_post_reading_time":"0","post_reading_time_wpm":"300","show_zoom_button":"0","zoom_button_out_step":"2","zoom_button_in_step":"3","show_post_tag":"1","show_prev_next_post":"1","show_popup_post":"1","number_popup_post":"1","show_author_box":"0","show_post_related":"0","show_inline_post_related":"0"}],"override_image_size":"0","image_override":[{"single_post_thumbnail_size":"crop-500","single_post_gallery_size":"crop-500"}],"trending_post":"0","trending_post_position":"meta","trending_post_label":"Trending","sponsored_post":"0","sponsored_post_label":"Sponsored by","sponsored_post_name":"","sponsored_post_url":"","sponsored_post_logo_enable":"0","sponsored_post_logo":"","sponsored_post_desc":"","disable_ad":"0"},"jnews_primary_category":{"id":""},"jnews_social_meta":{"fb_title":"","fb_description":"","fb_image":"","twitter_title":"","twitter_description":"","twitter_image":""},"footnotes":""},"categories":[40],"tags":[],"class_list":["post-354724","post","type-post","status-publish","format-standard","has-post-thumbnail","hentry","category-industria"],"_links":{"self":[{"href":"https:\/\/dimensionturistica.com\/es\/wp-json\/wp\/v2\/posts\/354724","targetHints":{"allow":["GET"]}}],"collection":[{"href":"https:\/\/dimensionturistica.com\/es\/wp-json\/wp\/v2\/posts"}],"about":[{"href":"https:\/\/dimensionturistica.com\/es\/wp-json\/wp\/v2\/types\/post"}],"author":[{"embeddable":true,"href":"https:\/\/dimensionturistica.com\/es\/wp-json\/wp\/v2\/users\/1"}],"replies":[{"embeddable":true,"href":"https:\/\/dimensionturistica.com\/es\/wp-json\/wp\/v2\/comments?post=354724"}],"version-history":[{"count":0,"href":"https:\/\/dimensionturistica.com\/es\/wp-json\/wp\/v2\/posts\/354724\/revisions"}],"wp:featuredmedia":[{"embeddable":true,"href":"https:\/\/dimensionturistica.com\/es\/wp-json\/wp\/v2\/media\/354726"}],"wp:attachment":[{"href":"https:\/\/dimensionturistica.com\/es\/wp-json\/wp\/v2\/media?parent=354724"}],"wp:term":[{"taxonomy":"category","embeddable":true,"href":"https:\/\/dimensionturistica.com\/es\/wp-json\/wp\/v2\/categories?post=354724"},{"taxonomy":"post_tag","embeddable":true,"href":"https:\/\/dimensionturistica.com\/es\/wp-json\/wp\/v2\/tags?post=354724"}],"curies":[{"name":"wp","href":"https:\/\/api.w.org\/{rel}","templated":true}]}}