{"id":354655,"date":"2022-07-17T14:27:03","date_gmt":"2022-07-17T14:27:03","guid":{"rendered":"https:\/\/dimensionturistica.com\/es\/?p=354655"},"modified":"2022-07-17T14:27:03","modified_gmt":"2022-07-17T14:27:03","slug":"implementan-mexico-y-francia-modelo-educativo-dual-en-hoteleria-y-turismo","status":"publish","type":"post","link":"https:\/\/dimensionturistica.com\/es\/implementan-mexico-y-francia-modelo-educativo-dual-en-hoteleria-y-turismo\/","title":{"rendered":"Implementan M\u00e9xico y Francia modelo educativo Dual en hoteler\u00eda y turismo"},"content":{"rendered":"<p><img decoding=\"async\" class=\"size-medium wp-image-354661 alignleft\" src=\"https:\/\/dimensionturistica.com\/es\/wp-content\/uploads\/2022\/07\/VATEL5-300x200.jpg\" alt=\"\" width=\"300\" height=\"200\" srcset=\"https:\/\/dimensionturistica.com\/es\/wp-content\/uploads\/2022\/07\/VATEL5-300x200.jpg 300w, https:\/\/dimensionturistica.com\/es\/wp-content\/uploads\/2022\/07\/VATEL5.jpg 500w\" sizes=\"(max-width: 300px) 100vw, 300px\" \/>Las secretar\u00edas de Educaci\u00f3n P\u00fablica (SEP) y de Turismo (Sectur), en coordinaci\u00f3n con la Embajada de Francia en M\u00e9xico, presentaron el modelo educativo Dual en hoteler\u00eda y turismo, implementado por la empresa tur\u00edstica francesa Vatel, con cinco planteles en el pa\u00eds.<br \/>\nRecientemente, la SEP emiti\u00f3 en el marco de la Ley General de Educaci\u00f3n Superior, el primer Reconocimiento de Validez Oficial de Estudios (RVOE) al plan y programas de estudio de la Licenciatura en Administraci\u00f3n de Empresas Hoteleras (modalidad mixta-Dual), a la empresa Vatel.<br \/>\nA trav\u00e9s del sistema Dual, ahora tambi\u00e9n en la educaci\u00f3n tur\u00edstica, se vincula la teor\u00eda con la pr\u00e1ctica, integrando al estudiante en estancias laborales para desarrollar mejor sus habilidades.<br \/>\nDurante la presentaci\u00f3n del modelo, realizada en la embajada francesa, el director general de Pol\u00edtica<img decoding=\"async\" class=\"size-medium wp-image-354662 alignright\" src=\"https:\/\/dimensionturistica.com\/es\/wp-content\/uploads\/2022\/07\/VATEL4-300x197.jpg\" alt=\"\" width=\"300\" height=\"197\" srcset=\"https:\/\/dimensionturistica.com\/es\/wp-content\/uploads\/2022\/07\/VATEL4-300x197.jpg 300w, https:\/\/dimensionturistica.com\/es\/wp-content\/uploads\/2022\/07\/VATEL4.jpg 500w\" sizes=\"(max-width: 300px) 100vw, 300px\" \/>\u00a0Educativa, Mejores Pr\u00e1cticas y Cooperaci\u00f3n de la SEP, Armando Barriguete Mel\u00e9ndez, asegur\u00f3 que para la instituci\u00f3n es muy importante la formaci\u00f3n Dual, en un rubro primordial como es el turismo.<br \/>\nAnte empresarios tur\u00edsticos, Barriguete Mel\u00e9ndez dijo que gracias a la Educaci\u00f3n Dual muchos estudiantes que terminaron su bachillerato o su formaci\u00f3n t\u00e9cnica podr\u00e1n aprovechar sus pr\u00e1cticas y aprendizajes en el rubro del turismo, titularse y conseguir un grado acad\u00e9mico.<br \/>\nSe\u00f1al\u00f3 que la certificaci\u00f3n de esos aprendizajes dignifica el trabajo que hacen los j\u00f3venes en hoteles y sitios tur\u00edsticos, por lo que es una gran oportunidad contar ya con esta formaci\u00f3n dual.<br \/>\nA\u00f1adi\u00f3 que, con el trabajo colaborativo con la embajada de Francia, Sectur y el Consejo Nacional Empresarial Tur\u00edstico, el modelo se podr\u00e1 aterrizar y compartir con las instituciones de educaci\u00f3n p\u00fablica<img decoding=\"async\" class=\"size-medium wp-image-354663 alignright\" src=\"https:\/\/dimensionturistica.com\/es\/wp-content\/uploads\/2022\/07\/VATEL3-300x206.jpg\" alt=\"\" width=\"300\" height=\"206\" srcset=\"https:\/\/dimensionturistica.com\/es\/wp-content\/uploads\/2022\/07\/VATEL3-300x206.jpg 300w, https:\/\/dimensionturistica.com\/es\/wp-content\/uploads\/2022\/07\/VATEL3.jpg 500w\" sizes=\"(max-width: 300px) 100vw, 300px\" \/> mexicanas, con lo que se podr\u00e1 ayudar a muchas universidades t\u00e9cnicas y tecnol\u00f3gicas.<br \/>\nConvoc\u00f3 a las y los j\u00f3venes a informarse de esta opci\u00f3n a trav\u00e9s de la cual es posible trabajar, conocer nuevas experiencias y recibir buenos salarios.<br \/>\nFinalmente, resalt\u00f3 que M\u00e9xico es el noveno a nivel mundial en matricula educativa, con 35 millones de estudiantes, m\u00e1s de dos millones de profesores y 200 mil sedes educativas, de lo cual la Educaci\u00f3n Superior representa 11 por ciento.<br \/>\nEl subsecretario de Turismo, Humberto Hern\u00e1ndez Haddad, dijo que el sector tur\u00edstico juega un papel fundamental en la recuperaci\u00f3n econ\u00f3mica del pa\u00eds; pero esto no ser\u00eda posible sin la participaci\u00f3n de un modelo educativo acorde a las necesidades actuales del turismo; en este sentido, la educaci\u00f3n tradicional universitaria ha representado un procedimiento formal en el que un estudiante cumple una serie de requisitos para obtener un t\u00edtulo al final de una carrera, t\u00edtulo que acredita que puede desempe\u00f1arse en<img decoding=\"async\" class=\"size-medium wp-image-354664 alignright\" src=\"https:\/\/dimensionturistica.com\/es\/wp-content\/uploads\/2022\/07\/VATEL2-300x200.jpg\" alt=\"\" width=\"300\" height=\"200\" srcset=\"https:\/\/dimensionturistica.com\/es\/wp-content\/uploads\/2022\/07\/VATEL2-300x200.jpg 300w, https:\/\/dimensionturistica.com\/es\/wp-content\/uploads\/2022\/07\/VATEL2.jpg 500w\" sizes=\"(max-width: 300px) 100vw, 300px\" \/> un puesto de trabajo.<br \/>\nPara el sector tur\u00edstico resulta interesante saber que cada vez existe mayor flexibilidad para que las instituciones educativas celebren convenios con empresas, con el fin de que los estudiantes lleven a cabo parte de su formaci\u00f3n en sus centros de trabajo.<br \/>\nMencion\u00f3 que el ingreso de divisas por concepto de turistas internacionales de enero a mayo fue de 10 mil 777 millones de d\u00f3lares, esto es 100.9 por ciento m\u00e1s, comparado con los primeros cinco meses de 2021, superando tambi\u00e9n con 6.4 por ciento las divisas del mismo periodo de 2019.<br \/>\nCon base en los resultados de la Encuesta de Viajeros Internacionales publicados por el Inegi, entre enero y mayo de 2022, 14 millones 629 mil turistas internacionales ingresaron al pa\u00eds, lo que representa 35.7 por ciento m\u00e1s respecto a lo captado en el mismo periodo de 2021, estando a 19.4 por ciento de alcanzar los 18 illones 160 mil turistas internacionales del mismo periodo de 2019.<br \/>\nEl embajador de Francia en M\u00e9xico, Jean-Pierre Asvazadourian, reconoci\u00f3 a la SEP por avalar la licenciatura Dual en Administraci\u00f3n de Empresas Hoteleras, lo que habla del dinamismo de la pol\u00edtica educativa francesa de crear capital humano en el pa\u00eds.<br \/>\nCon ello, ahora se trata de reforzar los aprendizajes y conjugar el dominio t\u00e9cnico con los saberes de los alumnos, lo que permitir\u00e1 su inserci\u00f3n laboral y facilitar\u00e1 su contribuci\u00f3n al desarrollo econ\u00f3mico del<img decoding=\"async\" class=\"size-medium wp-image-354665 alignright\" src=\"https:\/\/dimensionturistica.com\/es\/wp-content\/uploads\/2022\/07\/VATEL1-300x200.jpg\" alt=\"\" width=\"300\" height=\"200\" srcset=\"https:\/\/dimensionturistica.com\/es\/wp-content\/uploads\/2022\/07\/VATEL1-300x200.jpg 300w, https:\/\/dimensionturistica.com\/es\/wp-content\/uploads\/2022\/07\/VATEL1.jpg 500w\" sizes=\"(max-width: 300px) 100vw, 300px\" \/> pa\u00eds.<br \/>\nLa directora general del Consejo Nacional Empresarial Tur\u00edstico, Lourdes Prieto M\u00e1rquez, asegur\u00f3 que ambos pa\u00edses han sido capaces de retomar el ritmo de la recuperaci\u00f3n en el sector, y se\u00f1al\u00f3 la importancia de contar con personal m\u00e1s calificado, ya que los retos, en t\u00e9rminos de est\u00e1ndares internacionales y de calidad de atenci\u00f3n, son cada vez mayores.<br \/>\nEl director general de Vatel M\u00e9xico, Said Boukili, reconoci\u00f3 la labor de la SEP al impulsar el modelo de formaci\u00f3n Dual en Educaci\u00f3n Superior, pues afirm\u00f3 que la formaci\u00f3n en turismo es fundamental para mantener y elevar el nivel de estos servicios.<\/p>\n<p>&nbsp;<\/p>\n<p>&nbsp;<\/p>\n","protected":false},"excerpt":{"rendered":"<p>Las secretar\u00edas de Educaci\u00f3n P\u00fablica (SEP) y de Turismo (Sectur), en coordinaci\u00f3n con la Embajada de Francia en M\u00e9xico, presentaron el modelo educativo Dual en hoteler\u00eda y turismo, implementado por la empresa tur\u00edstica francesa Vatel, con cinco planteles en el pa\u00eds. Recientemente, la SEP emiti\u00f3 en el marco de la Ley General de Educaci\u00f3n Superior, [&hellip;]<\/p>\n","protected":false},"author":1,"featured_media":354659,"comment_status":"open","ping_status":"closed","sticky":false,"template":"","format":"standard","meta":{"om_disable_all_campaigns":false,"jnews-multi-image_gallery":[],"jnews_single_post":{"source_name":"","source_url":"","via_name":"","via_url":"","override_template":"0","override":[{"template":"1","single_blog_custom":"","parallax":"1","fullscreen":"1","layout":"right-sidebar","sidebar":"default-sidebar","second_sidebar":"default-sidebar","sticky_sidebar":"1","share_position":"top","share_float_style":"share-monocrhome","show_share_counter":"1","show_view_counter":"1","show_featured":"1","show_post_meta":"1","show_post_author":"1","show_post_author_image":"1","show_post_date":"1","post_date_format":"default","post_date_format_custom":"Y\/m\/d","show_post_category":"1","show_post_reading_time":"0","post_reading_time_wpm":"300","show_zoom_button":"0","zoom_button_out_step":"2","zoom_button_in_step":"3","show_post_tag":"1","show_prev_next_post":"1","show_popup_post":"1","number_popup_post":"1","show_author_box":"0","show_post_related":"0","show_inline_post_related":"0"}],"override_image_size":"0","image_override":[{"single_post_thumbnail_size":"crop-500","single_post_gallery_size":"crop-500"}],"trending_post":"0","trending_post_position":"meta","trending_post_label":"Trending","sponsored_post":"0","sponsored_post_label":"Sponsored by","sponsored_post_name":"","sponsored_post_url":"","sponsored_post_logo_enable":"0","sponsored_post_logo":"","sponsored_post_desc":"","disable_ad":"0"},"jnews_primary_category":{"id":""},"jnews_social_meta":{"fb_title":"","fb_description":"","fb_image":"","twitter_title":"","twitter_description":"","twitter_image":""},"footnotes":""},"categories":[43],"tags":[],"class_list":["post-354655","post","type-post","status-publish","format-standard","has-post-thumbnail","hentry","category-gourmet"],"_links":{"self":[{"href":"https:\/\/dimensionturistica.com\/es\/wp-json\/wp\/v2\/posts\/354655","targetHints":{"allow":["GET"]}}],"collection":[{"href":"https:\/\/dimensionturistica.com\/es\/wp-json\/wp\/v2\/posts"}],"about":[{"href":"https:\/\/dimensionturistica.com\/es\/wp-json\/wp\/v2\/types\/post"}],"author":[{"embeddable":true,"href":"https:\/\/dimensionturistica.com\/es\/wp-json\/wp\/v2\/users\/1"}],"replies":[{"embeddable":true,"href":"https:\/\/dimensionturistica.com\/es\/wp-json\/wp\/v2\/comments?post=354655"}],"version-history":[{"count":0,"href":"https:\/\/dimensionturistica.com\/es\/wp-json\/wp\/v2\/posts\/354655\/revisions"}],"wp:featuredmedia":[{"embeddable":true,"href":"https:\/\/dimensionturistica.com\/es\/wp-json\/wp\/v2\/media\/354659"}],"wp:attachment":[{"href":"https:\/\/dimensionturistica.com\/es\/wp-json\/wp\/v2\/media?parent=354655"}],"wp:term":[{"taxonomy":"category","embeddable":true,"href":"https:\/\/dimensionturistica.com\/es\/wp-json\/wp\/v2\/categories?post=354655"},{"taxonomy":"post_tag","embeddable":true,"href":"https:\/\/dimensionturistica.com\/es\/wp-json\/wp\/v2\/tags?post=354655"}],"curies":[{"name":"wp","href":"https:\/\/api.w.org\/{rel}","templated":true}]}}