{"id":354648,"date":"2022-07-17T13:59:27","date_gmt":"2022-07-17T13:59:27","guid":{"rendered":"https:\/\/dimensionturistica.com\/es\/?p=354648"},"modified":"2022-07-17T13:59:27","modified_gmt":"2022-07-17T13:59:27","slug":"aeromar-y-el-gobierno-de-nayarit-generan-alianza-para-brindar-cafe-de-nayarit-en-todas-sus-rutas","status":"publish","type":"post","link":"https:\/\/dimensionturistica.com\/es\/aeromar-y-el-gobierno-de-nayarit-generan-alianza-para-brindar-cafe-de-nayarit-en-todas-sus-rutas\/","title":{"rendered":"Aeromar y el gobierno de Nayarit generan alianza para brindar Caf\u00e9 de Nayarit en todas sus rutas"},"content":{"rendered":"<p><img decoding=\"async\" class=\" wp-image-354650 alignright\" src=\"https:\/\/dimensionturistica.com\/es\/wp-content\/uploads\/2022\/07\/AERE2-300x300.jpg\" alt=\"\" width=\"410\" height=\"410\" srcset=\"https:\/\/dimensionturistica.com\/es\/wp-content\/uploads\/2022\/07\/AERE2-300x300.jpg 300w, https:\/\/dimensionturistica.com\/es\/wp-content\/uploads\/2022\/07\/AERE2-150x150.jpg 150w, https:\/\/dimensionturistica.com\/es\/wp-content\/uploads\/2022\/07\/AERE2-75x75.jpg 75w, https:\/\/dimensionturistica.com\/es\/wp-content\/uploads\/2022\/07\/AERE2-350x350.jpg 350w, https:\/\/dimensionturistica.com\/es\/wp-content\/uploads\/2022\/07\/AERE2.jpg 500w\" sizes=\"(max-width: 410px) 100vw, 410px\" \/> Aeromar refuerza su compromiso de conectar a M\u00e9xico e impulsar regiones, esta vez, por medio de su servicio a bordo sumando a Caf\u00e9 de Nayarit en todas sus rutas.<br \/>\nGracias al impulso del Gobernador del Estado, el Dr. Miguel \u00c1ngel Navarro y AEROMAR, como l\u00edder en la conectividad regional, por su calidez y excelencia de servicio, el Caf\u00e9 de Nayarit trascender\u00e1 a trav\u00e9s de los destinos m\u00e1s importantes de todo el mundo por ser un caf\u00e9 elaborado en una de las tierras m\u00e1s f\u00e9rtiles de nuestro pa\u00eds, rico en minerales y nutrientes, org\u00e1nico, sin qu\u00edmicos ni fertilizantes, elaborado con un balance para no tener acidez, lo que lo hace atractivo y bueno para la salud, por su sabor c\u00e1lido y cobertura perfecta.<br \/>\nLa alianza y firma del convenio se llev\u00f3 a cabo el d\u00eda jueves 14 de julio en el Sal\u00f3n Aeromar, ubicado en la T2 del AICM con la presencia del secretario de Turismo del estado de Nayarit C. Juan Enrique Su\u00e1rez Del Real Tostado, el director Comercial de Aeromar Juan Ignacio Rossello y la presidenta Municipal del H. XLI Ayuntamiento constitucional de Compostela, Nayarit, la Lic. Romina Chang Aguilar.<br \/>\nEste convenio iniciar\u00e1 con una tarifa promocional en vuelo sencillo por $1,449.00 pesos con impuestos incluidos. Los boletos estar\u00e1n a la venta del 14 al 18 de julio 2022, a trav\u00e9s de www.aeromar.mx, globalizadores y agentes de viajes.<br \/>\nDespu\u00e9s de la firma, se llev\u00f3 a cabo una cata de diferentes tipos de caf\u00e9 que se cosechan en la zona; as\u00ed mismo, se puntualizaron factores importantes en el desarrollo del caf\u00e9:<br \/>\n1. Tierra, suelos con extraordinario PH en tierra, 4.5 a 7.0 (acidez)<br \/>\n2. Plantaciones y floraciones que influyen en el caf\u00e9 (notas en perfil de taza)<br \/>\n3. Climas y micro-climas (la lluvia aporta muchos nutrientes al cafeto para su desarrollo).<img decoding=\"async\" class=\"size-medium wp-image-354651 alignleft\" src=\"https:\/\/dimensionturistica.com\/es\/wp-content\/uploads\/2022\/07\/AERE3-300x225.jpg\" alt=\"\" width=\"300\" height=\"225\" srcset=\"https:\/\/dimensionturistica.com\/es\/wp-content\/uploads\/2022\/07\/AERE3-300x225.jpg 300w, https:\/\/dimensionturistica.com\/es\/wp-content\/uploads\/2022\/07\/AERE3.jpg 500w\" sizes=\"(max-width: 300px) 100vw, 300px\" \/><br \/>\n4. Flora y fauna, juegan un papel importarte, \u201cPolinizadores\u201d<br \/>\n5. Polinizaci\u00f3n, gracias a las abejas, se cuenta con mayor caf\u00e9 agroecol\u00f3gico.<br \/>\n6. Sombra de \u00e1rboles gigantes que aportan caracter\u00edsticas muy especiales en taza.<br \/>\n7. Altura, un factor no menos importante en el desarrollo del cafeto.<br \/>\n8. Caf\u00e9 Agro-Ecol\u00f3gico por las condiciones propias de la zona geogr\u00e1fica<br \/>\n9. Producci\u00f3n de caf\u00e9 Org\u00e1nico, libre de qu\u00edmicos, pesticidas y herbicidas. (gracias a las buenas pr\u00e1cticas en los cafetales, los caficultores y agricultores cuidan la salud de los que consumen caf\u00e9 de Nayarit).<br \/>\nJuan Ignacio Rossello mencion\u00f3 \u201cEn Aeromar siempre estamos buscando mejorar la experiencia de nuestros pasajeros y creemos que, para la gente amante de un buen caf\u00e9, va a ser muy gratificante deleitarse con el sabor de Caf\u00e9 de Nayarit principalmente en sus vuelos matutinos\u201d.<br \/>\nPor parte de la Secretar\u00eda de Turismo, el secretario C. Juan Enrique Su\u00e1rez Del Real Tostado, se\u00f1al\u00f3: \u201cNayarit no es s\u00f3lo un Centro Tur\u00edstico con riquezas de sol, arena, mar y tradici\u00f3n de los pueblos originarios; Nayarit es el 7mo productor a nivel nacional y primero en producir caf\u00e9 org\u00e1nico; caf\u00e9 que se ha consumido en La Casa Blanca, gracias a su topograf\u00eda, altura, condiciones climatol\u00f3gicas y suelo, que permiten cultivar y producir variedades clasificadas dentro de los mejores. Un orgullo para Compostela cosechar un caf\u00e9 de este nivel&#8221;.<br \/>\nCon el compromiso de resguardar la salud y bienestar de sus clientes, Aeromar implementa rigurosos protocolos de sanidad que incluyen el uso obligatorio de cubrebocas, as\u00ed como la sanitizaci\u00f3n de espacios comunes, filtros sanitarios, dispensadores de gel antibacterial y respetar la sana distancia.<br \/>\nLos clientes gozar\u00e1n de comodidad y confianza durante su viaje al volar en aeronaves seguras; la flota de ATR de la aerol\u00ednea es la m\u00e1s moderna de M\u00e9xico, y son amigables con el ambiente al optimizar el uso de combustible.<\/p>\n","protected":false},"excerpt":{"rendered":"<p>Aeromar refuerza su compromiso de conectar a M\u00e9xico e impulsar regiones, esta vez, por medio de su servicio a bordo sumando a Caf\u00e9 de Nayarit en todas sus rutas. Gracias al impulso del Gobernador del Estado, el Dr. Miguel \u00c1ngel Navarro y AEROMAR, como l\u00edder en la conectividad regional, por su calidez y excelencia de [&hellip;]<\/p>\n","protected":false},"author":1,"featured_media":354649,"comment_status":"open","ping_status":"closed","sticky":false,"template":"","format":"standard","meta":{"om_disable_all_campaigns":false,"jnews-multi-image_gallery":[],"jnews_single_post":{"source_name":"","source_url":"","via_name":"","via_url":"","override_template":"0","override":[{"template":"1","single_blog_custom":"","parallax":"1","fullscreen":"1","layout":"right-sidebar","sidebar":"default-sidebar","second_sidebar":"default-sidebar","sticky_sidebar":"1","share_position":"top","share_float_style":"share-monocrhome","show_share_counter":"1","show_view_counter":"1","show_featured":"1","show_post_meta":"1","show_post_author":"1","show_post_author_image":"1","show_post_date":"1","post_date_format":"default","post_date_format_custom":"Y\/m\/d","show_post_category":"1","show_post_reading_time":"0","post_reading_time_wpm":"300","show_zoom_button":"0","zoom_button_out_step":"2","zoom_button_in_step":"3","show_post_tag":"1","show_prev_next_post":"1","show_popup_post":"1","number_popup_post":"1","show_author_box":"0","show_post_related":"0","show_inline_post_related":"0"}],"override_image_size":"0","image_override":[{"single_post_thumbnail_size":"crop-500","single_post_gallery_size":"crop-500"}],"trending_post":"0","trending_post_position":"meta","trending_post_label":"Trending","sponsored_post":"0","sponsored_post_label":"Sponsored by","sponsored_post_name":"","sponsored_post_url":"","sponsored_post_logo_enable":"0","sponsored_post_logo":"","sponsored_post_desc":"","disable_ad":"0"},"jnews_primary_category":{"id":""},"jnews_social_meta":{"fb_title":"","fb_description":"","fb_image":"","twitter_title":"","twitter_description":"","twitter_image":""},"footnotes":""},"categories":[39],"tags":[],"class_list":["post-354648","post","type-post","status-publish","format-standard","has-post-thumbnail","hentry","category-viajes"],"_links":{"self":[{"href":"https:\/\/dimensionturistica.com\/es\/wp-json\/wp\/v2\/posts\/354648","targetHints":{"allow":["GET"]}}],"collection":[{"href":"https:\/\/dimensionturistica.com\/es\/wp-json\/wp\/v2\/posts"}],"about":[{"href":"https:\/\/dimensionturistica.com\/es\/wp-json\/wp\/v2\/types\/post"}],"author":[{"embeddable":true,"href":"https:\/\/dimensionturistica.com\/es\/wp-json\/wp\/v2\/users\/1"}],"replies":[{"embeddable":true,"href":"https:\/\/dimensionturistica.com\/es\/wp-json\/wp\/v2\/comments?post=354648"}],"version-history":[{"count":0,"href":"https:\/\/dimensionturistica.com\/es\/wp-json\/wp\/v2\/posts\/354648\/revisions"}],"wp:featuredmedia":[{"embeddable":true,"href":"https:\/\/dimensionturistica.com\/es\/wp-json\/wp\/v2\/media\/354649"}],"wp:attachment":[{"href":"https:\/\/dimensionturistica.com\/es\/wp-json\/wp\/v2\/media?parent=354648"}],"wp:term":[{"taxonomy":"category","embeddable":true,"href":"https:\/\/dimensionturistica.com\/es\/wp-json\/wp\/v2\/categories?post=354648"},{"taxonomy":"post_tag","embeddable":true,"href":"https:\/\/dimensionturistica.com\/es\/wp-json\/wp\/v2\/tags?post=354648"}],"curies":[{"name":"wp","href":"https:\/\/api.w.org\/{rel}","templated":true}]}}