{"id":354458,"date":"2022-07-17T03:35:44","date_gmt":"2022-07-17T03:35:44","guid":{"rendered":"https:\/\/dimensionturistica.com\/es\/?p=354458"},"modified":"2022-07-17T03:35:44","modified_gmt":"2022-07-17T03:35:44","slug":"viajar-la-pandemia-no-ha-acabado","status":"publish","type":"post","link":"https:\/\/dimensionturistica.com\/es\/viajar-la-pandemia-no-ha-acabado\/","title":{"rendered":"Viajar: la pandemia no ha acabado"},"content":{"rendered":"<p> <br \/>\n<\/p>\n<p>\n        Dec\u00eda todo un Nobel de Literatura como John Steinbeck que \u00abla gente no hace viajes\u00bb sino que son estos\u00a0trayectos \u00ablos que hacen a la gente\u00bb. Tras una pandemia cuyos efectos \u2013econ\u00f3micos, sociales y de salud\u2013 a\u00fan tardar\u00e1n en desaparecer por completo, viajar se erige este verano como esa escapada hac\u00eda un horizonte de nuevas experiencias bien sea en la blanca enviornment de una playa caribe\u00f1a, en una abarrotada calle lisboeta, en un crucero por el Mediterr\u00e1neo o\u00a0en un sendero perdido camino a Santiago de Compostela.\u00a0\n<\/p>\n<div wp_automatic_readability=\"130\">\n<p class=\"article-body__text \">\n        Porque el viajero valenciano, ya en plena temporada estival, ha perfilado su destino. Lo ha hecho tarde, generalmente \u2013apuntan\u00a0varias fuentes del sector\u2013 con reservas a muy \u00faltima hora, incluso m\u00e1s que otros a\u00f1os. Y lo ha hecho, tambi\u00e9n, mirando de reojo a\u00fan a una pandemia de la covid-19 que no ha terminado.\u00a0As\u00ed lo explica la vicepresidenta de ECTAA (Asociaci\u00f3n Europea de Agencias de Viajes y Tour Operadores), Eva Blasco, quien asegura que en el sector de los viajes tur\u00edsticos\u00a0\u00abno hemos recuperado la normalidad absoluta\u00bb y, por ello, el turista \u00abno est\u00e1 eligiendo todav\u00eda el destino al que quiere ir\u00bb, sino\u00a0\u00aben base a una serie de condicionantes donde la pandemia influye\u00bb.\u00a0\u00a0\n<\/p>\n<p class=\"article-body__text \">\n        En este sentido, Blasco\u00a0pone como ejemplo lo que est\u00e1 ocurriendo con el mercado tur\u00edstico en Asia, donde con una apertura m\u00e1s tard\u00eda que en otros enclaves del mundo dadas las restricciones covid, \u00aba\u00fan no ha terminado de despegar\u00bb. El virus, no obstante, no es el \u00fanico issue determinante. En otros casos como el de Polonia \u2013afirma la vicepresidenta de ECTAA\u2013 es la cercan\u00eda con el conflicto en Ucrania la que provoca que ese tipo de destinos \u00abno est\u00e9n acabando de funcionar\u00bb.\n<\/p>\n<article class=\"article-photo article-photo-- \" wp_automatic_readability=\"27\">\n    <!-- \/.multimedia-block__element --><\/p>\n<p class=\"article-photo__footer\">\n            <em>La atractiva vista de la arquitectura romana.<\/em>            <span>ED<\/span>        <\/p>\n<p><!-- \/.article-photo__footer --><br \/>\n    <\/article>\n<p><!-- \/.article-photo article-photo-- --><\/p>\n<h2 class=\"article-body__ladillo\">Amplio ramo de destinos<\/h2>\n<p class=\"article-body__text \">\n        Pero estas condiciones no son definitorias de toda la realidad tur\u00edstica valenciana, que sigue teniendo destinos preferenciales tanto en el \u00e1mbito espa\u00f1ol como internacional.\u00a0Como destacan fuentes de Viajes El Corte Ingl\u00e9s, \u00abse sigue apostando\u00a0por el turismo nacional dada la proximidad a zonas costeras y de playa\u00bb, con Canarias o Baleares como puntos fundamentales. A ello se suma,\u00a0a\u00f1ade Blasco, un turismo de proximidad en el que muchos apuestan tambi\u00e9n \u00abpor moverse dentro de la Comunitat\u00bb, bien sea a enclaves tur\u00edsticos como la Costa Blanca para descansar unos d\u00edas u optando por desplazarse a una segunda residencia con mayor cercan\u00eda a la deseada enviornment.\n<\/p>\n<p class=\"article-body__text \">\n        Sin embargo, y pese a este \u00e9xito nacional, el \u00e1mbito internacional\u00a0tambi\u00e9n copa una parte appreciable del turismo valenciano que no ha cambiado tanto respecto a lo que se viv\u00eda hace tres veranos. Como destacan desde Viajes El Corte Ingl\u00e9s, este tipo de trayectos se caracterizan por contar \u00abcon una semana de duraci\u00f3n, principalmente a un destino de media distancia\u00bb.\u00a0\u00abLas ciudades que m\u00e1s triunfan son las de Portugal, Francia \u2013en ella tambi\u00e9n con enclaves como Disneyland Par\u00eds\u2013 o Italia, eso no\u00a0ha cambiado\u00bb, explica sobre esta realidad Blasco, que s\u00ed que puntualiza que las salidas a Reino Unido han decrecido en los \u00faltimos meses por \u00abla necesidad de llevar pasaporte\u00bb.\n<\/p>\n<article class=\"article-photo article-photo-- \" wp_automatic_readability=\"27\">\n    <!-- \/.multimedia-block__element --><\/p>\n<p class=\"article-photo__footer\">\n            <em>Vista cenital de las calles y edificios de Lisboa.<\/em>            <span>ED<\/span>        <\/p>\n<p><!-- \/.article-photo__footer --><br \/>\n    <\/article>\n<p><!-- \/.article-photo article-photo-- --><\/p>\n<p class=\"article-body__text \">\n        Ante esta realidad, la dirigente de las agencias tur\u00edsticas remarca que en un escenario como el precise no hay que olvidar el impacto que est\u00e1 teniendo para el turismo el alza de los costes debido a los problemas en la energ\u00eda o la inflaci\u00f3n disparada, que han derivado en \u00abun encarecimiento que posiblemente haya llegado para quedarse en el precio de los aviones y de los hoteles\u00bb.\n<\/p>\n<h2 class=\"article-body__ladillo\">De lo ex\u00f3tico a lo rural<\/h2>\n<p class=\"article-body__text \">\n        Aunque m\u00e1s all\u00e1 de los destinos m\u00e1s \u2018t\u00edpicos\u2019 en Europa, el horizonte tur\u00edstico del viajero valenciano es mucho m\u00e1s amplio. Con el foco principalmente en el Mediterr\u00e1neo, opciones como los cruceros se sit\u00faan en un lugar preferente dentro de las reservas, una circunstancia de \u00e9xito que tambi\u00e9n llega a Estados Unidos, con una de las ciudades m\u00e1s vivas y reclamadas por excelencia como Nueva York como atractivo explicit.\n<\/p>\n<p class=\"article-body__text \">\n        Asimismo, en esta b\u00fasqueda m\u00e1s lejana tambi\u00e9n cogen fuerza destinos y experiencias m\u00e1s ex\u00f3ticas. En un encanto related al del Caribe \u2013un destino que sigue triunfando, remarcan desde el sector\u2013 se sit\u00faa el caso de Maldivas,\u00a0islas de evocaci\u00f3n paradisiaca situadas en el oc\u00e9ano \u00cdndico que, como destaca Blasco, \u00abes un destino m\u00e1s at\u00edpico pero que desde el a\u00f1o pasado est\u00e1 funcionando muy bien\u00bb porque la gente \u00abtiene ganas de sol y playa\u00bb. Y no solo eso, porque como explican desde Viajes El Corte Ingl\u00e9s, a ello se est\u00e1 sumando tambi\u00e9n la crecida, por ejemplo, de\u00a0safaris a pa\u00edses como Kenia o Tanzania.\n<\/p>\n<article class=\"article-photo article-photo-- \" wp_automatic_readability=\"27\">\n    <!-- \/.multimedia-block__element --><\/p>\n<p class=\"article-photo__footer\">\n            <em>Peregrinos en ruta  por el Camino de Santiago.<\/em>            <span>ED<\/span>        <\/p>\n<p><!-- \/.article-photo__footer --><br \/>\n    <\/article>\n<p><!-- \/.article-photo article-photo-- --><\/p>\n<p class=\"article-body__text \">\n        Mientras, en un \u00e1mbito de naturaleza pero un contexto muy diferente, tambi\u00e9n sigue cogiendo fuerza el turismo verde y rural, una b\u00fasqueda que est\u00e1 llevando al viajero valenciano a Galicia, Asturias, Cantabria o los Pirineos para disfrutar de unos paisajes m\u00e1s alejados de la gran urbe. Adem\u00e1s, como enfatiza Blasco, se ha a\u00f1adido otro \u2018triunfo\u2019 de lo verde ilustrado en el Camino de Santiago. \u00abTodo lo que lo envuelve est\u00e1 teniendo una muy alta demanda, por el a\u00f1o Xacobeo y las ganas que tiene la gente de un poco de naturaleza\u00bb, asegura la vicepresidenta de ECTAA, que ve en esta elecci\u00f3n una \u00abexplosi\u00f3n\u00bb. Porque bien sea en la playa o en la naturaleza monta\u00f1osa,\u00a0en el territorio nacional o en los confines del mundo, las vacaciones siguen siendo hoy un horizonte en el que los valencianos no renuncian a la completa variedad.\n<\/p>\n<\/p><\/div>\n\n<p><em> &#8221; Fuentes www.levante-emv.com &#8221; <\/em><\/p>\n","protected":false},"excerpt":{"rendered":"<p>Dec\u00eda todo un Nobel de Literatura como John Steinbeck que \u00abla gente no hace viajes\u00bb sino que son estos\u00a0trayectos \u00ablos que hacen a la gente\u00bb. Tras una pandemia cuyos efectos \u2013econ\u00f3micos, sociales y de salud\u2013 a\u00fan tardar\u00e1n en desaparecer por completo, viajar se erige este verano como esa escapada hac\u00eda un horizonte de nuevas experiencias [&hellip;]<\/p>\n","protected":false},"author":4,"featured_media":354459,"comment_status":"open","ping_status":"closed","sticky":false,"template":"","format":"standard","meta":{"om_disable_all_campaigns":false,"jnews-multi-image_gallery":[],"jnews_single_post":[],"jnews_primary_category":[],"jnews_social_meta":[],"footnotes":""},"categories":[41],"tags":[49715,626,790],"class_list":["post-354458","post","type-post","status-publish","format-standard","has-post-thumbnail","hentry","category-cruceros","tag-acabado","tag-pandemia","tag-viajar"],"_links":{"self":[{"href":"https:\/\/dimensionturistica.com\/es\/wp-json\/wp\/v2\/posts\/354458","targetHints":{"allow":["GET"]}}],"collection":[{"href":"https:\/\/dimensionturistica.com\/es\/wp-json\/wp\/v2\/posts"}],"about":[{"href":"https:\/\/dimensionturistica.com\/es\/wp-json\/wp\/v2\/types\/post"}],"author":[{"embeddable":true,"href":"https:\/\/dimensionturistica.com\/es\/wp-json\/wp\/v2\/users\/4"}],"replies":[{"embeddable":true,"href":"https:\/\/dimensionturistica.com\/es\/wp-json\/wp\/v2\/comments?post=354458"}],"version-history":[{"count":0,"href":"https:\/\/dimensionturistica.com\/es\/wp-json\/wp\/v2\/posts\/354458\/revisions"}],"wp:featuredmedia":[{"embeddable":true,"href":"https:\/\/dimensionturistica.com\/es\/wp-json\/wp\/v2\/media\/354459"}],"wp:attachment":[{"href":"https:\/\/dimensionturistica.com\/es\/wp-json\/wp\/v2\/media?parent=354458"}],"wp:term":[{"taxonomy":"category","embeddable":true,"href":"https:\/\/dimensionturistica.com\/es\/wp-json\/wp\/v2\/categories?post=354458"},{"taxonomy":"post_tag","embeddable":true,"href":"https:\/\/dimensionturistica.com\/es\/wp-json\/wp\/v2\/tags?post=354458"}],"curies":[{"name":"wp","href":"https:\/\/api.w.org\/{rel}","templated":true}]}}