{"id":354312,"date":"2022-07-16T20:34:04","date_gmt":"2022-07-16T20:34:04","guid":{"rendered":"https:\/\/dimensionturistica.com\/es\/?p=354312"},"modified":"2022-07-16T20:34:04","modified_gmt":"2022-07-16T20:34:04","slug":"presenta-cnet-avances-de-su-evolucion-y-a-su-nueva-presidencia-ejecutiva","status":"publish","type":"post","link":"https:\/\/dimensionturistica.com\/es\/presenta-cnet-avances-de-su-evolucion-y-a-su-nueva-presidencia-ejecutiva\/","title":{"rendered":"Presenta CNET avances de su evoluci\u00f3n y a su nueva Presidencia Ejecutiva"},"content":{"rendered":"<p><img decoding=\"async\" class=\"size-medium wp-image-354314 alignleft\" src=\"https:\/\/dimensionturistica.com\/es\/wp-content\/uploads\/2022\/07\/unnamed-1-10-300x200.jpg\" alt=\"\" width=\"300\" height=\"200\" srcset=\"https:\/\/dimensionturistica.com\/es\/wp-content\/uploads\/2022\/07\/unnamed-1-10-300x200.jpg 300w, https:\/\/dimensionturistica.com\/es\/wp-content\/uploads\/2022\/07\/unnamed-1-10-1024x682.jpg 1024w, https:\/\/dimensionturistica.com\/es\/wp-content\/uploads\/2022\/07\/unnamed-1-10-768x512.jpg 768w, https:\/\/dimensionturistica.com\/es\/wp-content\/uploads\/2022\/07\/unnamed-1-10-1536x1023.jpg 1536w, https:\/\/dimensionturistica.com\/es\/wp-content\/uploads\/2022\/07\/unnamed-1-10-750x500.jpg 750w, https:\/\/dimensionturistica.com\/es\/wp-content\/uploads\/2022\/07\/unnamed-1-10-1140x760.jpg 1140w, https:\/\/dimensionturistica.com\/es\/wp-content\/uploads\/2022\/07\/unnamed-1-10.jpg 1600w\" sizes=\"(max-width: 300px) 100vw, 300px\" \/>El Consejo Nacional Empresarial Tur\u00edstico (CNET) llev\u00f3 a cabo su segunda Asamblea General del a\u00f1o, en la que present\u00f3 los avances del plan estrat\u00e9gico que este organismo arranc\u00f3 hace unos meses, y en la que se anunci\u00f3 que Carmen Julia Corrales inicia gesti\u00f3n como su Presidenta Ejecutiva.<br \/>\nDurante dicha Asamblea, en la que participaron miembros del Consejo Consultivo, los presidentes de las C\u00e1maras y Asociaciones que integran al CNET y los Cap\u00edtulos Estatales, se present\u00f3 la continuidad del plan estrat\u00e9gico de este organismo empresarial, que busca contribuir al reconocimiento de las aportaciones que realiza el turismo al pa\u00eds, asegurar la adecuada representatividad del sector empresarial en la agenda nacional y facilitar espacios para otros<img decoding=\"async\" class=\"size-medium wp-image-354315 alignleft\" src=\"https:\/\/dimensionturistica.com\/es\/wp-content\/uploads\/2022\/07\/unnamed-2-7-300x200.jpg\" alt=\"\" width=\"300\" height=\"200\" srcset=\"https:\/\/dimensionturistica.com\/es\/wp-content\/uploads\/2022\/07\/unnamed-2-7-300x200.jpg 300w, https:\/\/dimensionturistica.com\/es\/wp-content\/uploads\/2022\/07\/unnamed-2-7-1024x682.jpg 1024w, https:\/\/dimensionturistica.com\/es\/wp-content\/uploads\/2022\/07\/unnamed-2-7-768x512.jpg 768w, https:\/\/dimensionturistica.com\/es\/wp-content\/uploads\/2022\/07\/unnamed-2-7-1536x1023.jpg 1536w, https:\/\/dimensionturistica.com\/es\/wp-content\/uploads\/2022\/07\/unnamed-2-7-750x500.jpg 750w, https:\/\/dimensionturistica.com\/es\/wp-content\/uploads\/2022\/07\/unnamed-2-7-1140x760.jpg 1140w, https:\/\/dimensionturistica.com\/es\/wp-content\/uploads\/2022\/07\/unnamed-2-7.jpg 1600w\" sizes=\"(max-width: 300px) 100vw, 300px\" \/> jugadores de la industria.<br \/>\nEjemplo de ello es que a partir de ahora se habilitan y fortalecen nuevas formas de participar en el CNET a trav\u00e9s de los programas de \u201cSocio Colaborador\u201d y \u201cSocio Proveedor\u201d, con el objetivo de generar intercambio de informaci\u00f3n y contenido relevante para la industria, y organizar mesas de trabajo con agentes transversales.<br \/>\n\u201cEl CNET enfocar\u00e1 sus esfuerzos en impulsar acciones que permitan el desarrollo de segmentos como turismo inclusivo, de gaming, deportivo, enol\u00f3gico, de salud y sustentable\u201d, destac\u00f3 Braulio Arsuaga, presidente del CNET.<br \/>\nAgreg\u00f3 que este plan estrat\u00e9gico incluye la creaci\u00f3n de la Presidencia Ejecutiva que a partir de ahora ocupa Carmen Julia Corrales, quien estar\u00e1 enriqueciendo el Plan de Trabajo que se ha planteado el CNET.<br \/>\n<img decoding=\"async\" class=\"size-medium wp-image-354316 alignleft\" src=\"https:\/\/dimensionturistica.com\/es\/wp-content\/uploads\/2022\/07\/unnamed-3-3-300x200.jpg\" alt=\"\" width=\"300\" height=\"200\" srcset=\"https:\/\/dimensionturistica.com\/es\/wp-content\/uploads\/2022\/07\/unnamed-3-3-300x200.jpg 300w, https:\/\/dimensionturistica.com\/es\/wp-content\/uploads\/2022\/07\/unnamed-3-3-1024x682.jpg 1024w, https:\/\/dimensionturistica.com\/es\/wp-content\/uploads\/2022\/07\/unnamed-3-3-768x512.jpg 768w, https:\/\/dimensionturistica.com\/es\/wp-content\/uploads\/2022\/07\/unnamed-3-3-1536x1023.jpg 1536w, https:\/\/dimensionturistica.com\/es\/wp-content\/uploads\/2022\/07\/unnamed-3-3-750x500.jpg 750w, https:\/\/dimensionturistica.com\/es\/wp-content\/uploads\/2022\/07\/unnamed-3-3-1140x760.jpg 1140w, https:\/\/dimensionturistica.com\/es\/wp-content\/uploads\/2022\/07\/unnamed-3-3.jpg 1600w\" sizes=\"(max-width: 300px) 100vw, 300px\" \/>Este plan, enfocado en buscar mejores condiciones para el sector tur\u00edstico del pa\u00eds, busca estrechar mayores v\u00ednculos \u2013tanto con el Gobierno federal como con los gobiernos estatales\u2013, multiplicar las capacidades de comunicaciones digitales y convencionales, y contribuir a la generaci\u00f3n de mayor informaci\u00f3n de la industria para la toma de decisiones.<br \/>\nEl presidente del CNET record\u00f3 que en el Plan de Trabajo destacan tambi\u00e9n la internacionalizaci\u00f3n del CNET, la relaci\u00f3n bilateral en turismo M\u00e9xico-Estados Unidos y Canad\u00e1, la ampliaci\u00f3n de alianzas con el sector tur\u00edstico p\u00fablico y privado, la alineaci\u00f3n del trabajo con los cap\u00edtulos estatales, la fijaci\u00f3n de posturas y posicionamientos, la realizaci\u00f3n de eventos y entrega de reconocimientos, y las campa\u00f1as de promoci\u00f3n y seguridad.<br \/>\nEntre sus primeras acciones al frente de la operaci\u00f3n ejecutiva del CNET, Corrales ya ha presentado un plan de comunicaciones y un programa para alcanzar un financiamiento autosostenible.<br \/>\nCarmen Julia Corrales ha pasado los \u00faltimos 12 a\u00f1os de su carrera dirigiendo como CEO el crecimiento de empresas de marketing, digital, medios y relaciones p\u00fablicas entre otros, pertenecientes a Publicis <img decoding=\"async\" class=\"size-medium wp-image-354318 alignleft\" src=\"https:\/\/dimensionturistica.com\/es\/wp-content\/uploads\/2022\/07\/unnamed-4-2-300x200.jpg\" alt=\"\" width=\"300\" height=\"200\" srcset=\"https:\/\/dimensionturistica.com\/es\/wp-content\/uploads\/2022\/07\/unnamed-4-2-300x200.jpg 300w, https:\/\/dimensionturistica.com\/es\/wp-content\/uploads\/2022\/07\/unnamed-4-2-1024x682.jpg 1024w, https:\/\/dimensionturistica.com\/es\/wp-content\/uploads\/2022\/07\/unnamed-4-2-768x512.jpg 768w, https:\/\/dimensionturistica.com\/es\/wp-content\/uploads\/2022\/07\/unnamed-4-2-1536x1023.jpg 1536w, https:\/\/dimensionturistica.com\/es\/wp-content\/uploads\/2022\/07\/unnamed-4-2-750x500.jpg 750w, https:\/\/dimensionturistica.com\/es\/wp-content\/uploads\/2022\/07\/unnamed-4-2-1140x760.jpg 1140w, https:\/\/dimensionturistica.com\/es\/wp-content\/uploads\/2022\/07\/unnamed-4-2.jpg 1600w\" sizes=\"(max-width: 300px) 100vw, 300px\" \/>Groupe, Omnicom y Llorente y Cuenca, as\u00ed como el desarrollo de los negocios y marcas de sus clientes en Am\u00e9rica Latina.<br \/>\nAdem\u00e1s, fue reconocida como Top 50 Marketing Women en M\u00e9xico 2021 y como Best of the Best Executives 2021 igualmente en M\u00e9xico, as\u00ed como un referente en materia de diversidad e inclusi\u00f3n en las empresas.<br \/>\nArsuaga present\u00f3 al Comit\u00e9 Ejecutivo que lo acompa\u00f1ar\u00e1 durante su gesti\u00f3n al frente de este organismo, y con quienes trabajar\u00e1 de la mano por el sector tur\u00edstico privado en M\u00e9xico: los vicepresidentes Alejandro Zozaya, Valeria Moy, Luis Barrios, Jorge Paoli, Germ\u00e1n Gonz\u00e1lez, Teresa Sol\u00eds y Aurelio P\u00e9rez; el tesorero Antonio Cosio; el secretario Fernando Galindo; y el comisario Carlos Pantoja.<\/p>\n","protected":false},"excerpt":{"rendered":"<p>El Consejo Nacional Empresarial Tur\u00edstico (CNET) llev\u00f3 a cabo su segunda Asamblea General del a\u00f1o, en la que present\u00f3 los avances del plan estrat\u00e9gico que este organismo arranc\u00f3 hace unos meses, y en la que se anunci\u00f3 que Carmen Julia Corrales inicia gesti\u00f3n como su Presidenta Ejecutiva. Durante dicha Asamblea, en la que participaron miembros [&hellip;]<\/p>\n","protected":false},"author":1,"featured_media":354317,"comment_status":"open","ping_status":"closed","sticky":false,"template":"","format":"standard","meta":{"om_disable_all_campaigns":false,"jnews-multi-image_gallery":[],"jnews_single_post":{"source_name":"","source_url":"","via_name":"","via_url":"","override_template":"0","override":[{"template":"1","single_blog_custom":"","parallax":"1","fullscreen":"1","layout":"right-sidebar","sidebar":"default-sidebar","second_sidebar":"default-sidebar","sticky_sidebar":"1","share_position":"top","share_float_style":"share-monocrhome","show_share_counter":"1","show_view_counter":"1","show_featured":"1","show_post_meta":"1","show_post_author":"1","show_post_author_image":"1","show_post_date":"1","post_date_format":"default","post_date_format_custom":"Y\/m\/d","show_post_category":"1","show_post_reading_time":"0","post_reading_time_wpm":"300","show_zoom_button":"0","zoom_button_out_step":"2","zoom_button_in_step":"3","show_post_tag":"1","show_prev_next_post":"1","show_popup_post":"1","number_popup_post":"1","show_author_box":"0","show_post_related":"0","show_inline_post_related":"0"}],"override_image_size":"0","image_override":[{"single_post_thumbnail_size":"crop-500","single_post_gallery_size":"crop-500"}],"trending_post":"0","trending_post_position":"meta","trending_post_label":"Trending","sponsored_post":"0","sponsored_post_label":"Sponsored by","sponsored_post_name":"","sponsored_post_url":"","sponsored_post_logo_enable":"0","sponsored_post_logo":"","sponsored_post_desc":"","disable_ad":"0"},"jnews_primary_category":{"id":""},"jnews_social_meta":{"fb_title":"","fb_description":"","fb_image":"","twitter_title":"","twitter_description":"","twitter_image":""},"footnotes":""},"categories":[40],"tags":[],"class_list":["post-354312","post","type-post","status-publish","format-standard","has-post-thumbnail","hentry","category-industria"],"_links":{"self":[{"href":"https:\/\/dimensionturistica.com\/es\/wp-json\/wp\/v2\/posts\/354312","targetHints":{"allow":["GET"]}}],"collection":[{"href":"https:\/\/dimensionturistica.com\/es\/wp-json\/wp\/v2\/posts"}],"about":[{"href":"https:\/\/dimensionturistica.com\/es\/wp-json\/wp\/v2\/types\/post"}],"author":[{"embeddable":true,"href":"https:\/\/dimensionturistica.com\/es\/wp-json\/wp\/v2\/users\/1"}],"replies":[{"embeddable":true,"href":"https:\/\/dimensionturistica.com\/es\/wp-json\/wp\/v2\/comments?post=354312"}],"version-history":[{"count":0,"href":"https:\/\/dimensionturistica.com\/es\/wp-json\/wp\/v2\/posts\/354312\/revisions"}],"wp:featuredmedia":[{"embeddable":true,"href":"https:\/\/dimensionturistica.com\/es\/wp-json\/wp\/v2\/media\/354317"}],"wp:attachment":[{"href":"https:\/\/dimensionturistica.com\/es\/wp-json\/wp\/v2\/media?parent=354312"}],"wp:term":[{"taxonomy":"category","embeddable":true,"href":"https:\/\/dimensionturistica.com\/es\/wp-json\/wp\/v2\/categories?post=354312"},{"taxonomy":"post_tag","embeddable":true,"href":"https:\/\/dimensionturistica.com\/es\/wp-json\/wp\/v2\/tags?post=354312"}],"curies":[{"name":"wp","href":"https:\/\/api.w.org\/{rel}","templated":true}]}}