{"id":354296,"date":"2022-07-16T20:18:01","date_gmt":"2022-07-16T20:18:01","guid":{"rendered":"https:\/\/dimensionturistica.com\/es\/?p=354296"},"modified":"2022-07-16T20:18:01","modified_gmt":"2022-07-16T20:18:01","slug":"inauguran-la-participacion-de-yucatan-en-puente-a-mexico","status":"publish","type":"post","link":"https:\/\/dimensionturistica.com\/es\/inauguran-la-participacion-de-yucatan-en-puente-a-mexico\/","title":{"rendered":"Inauguran la participaci\u00f3n de Yucat\u00e1n en puente a M\u00e9xico"},"content":{"rendered":"<p><img decoding=\"async\" class=\"size-medium wp-image-354299 alignright\" src=\"https:\/\/dimensionturistica.com\/es\/wp-content\/uploads\/2022\/07\/unnamed-1-9-300x138.jpg\" alt=\"\" width=\"300\" height=\"138\" srcset=\"https:\/\/dimensionturistica.com\/es\/wp-content\/uploads\/2022\/07\/unnamed-1-9-300x138.jpg 300w, https:\/\/dimensionturistica.com\/es\/wp-content\/uploads\/2022\/07\/unnamed-1-9-1024x471.jpg 1024w, https:\/\/dimensionturistica.com\/es\/wp-content\/uploads\/2022\/07\/unnamed-1-9-768x353.jpg 768w, https:\/\/dimensionturistica.com\/es\/wp-content\/uploads\/2022\/07\/unnamed-1-9-750x345.jpg 750w, https:\/\/dimensionturistica.com\/es\/wp-content\/uploads\/2022\/07\/unnamed-1-9-1140x525.jpg 1140w, https:\/\/dimensionturistica.com\/es\/wp-content\/uploads\/2022\/07\/unnamed-1-9.jpg 1280w\" sizes=\"(max-width: 300px) 100vw, 300px\" \/>A partir de hoy, los visitantes y locales de California, podr\u00e1n admirar la riqueza cultural, art\u00edstica y natural, as\u00ed como la oferta tur\u00edstica de Yucat\u00e1n a trav\u00e9s de una serie de spots fotogr\u00e1ficos y venta de productos yucatecos durante este y el pr\u00f3ximo fin de semana en Consulado General de M\u00e9xico en San Diego, con el proyecto \u201cPuente a M\u00e9xico\u201d.<br \/>\nLa titular de la Secretar\u00eda de Fomento Tur\u00edstico de Yucat\u00e1n (Sefotur), Michelle Fridman Hirsch, en representaci\u00f3n del Gobernador Mauricio Vila Dosal y en compa\u00f1\u00eda del C\u00f3nsul de M\u00e9xico en San Diego, Carlos Gonz\u00e1lez Guti\u00e9rrez, realizaron el corte oficial de list\u00f3n de esta exhibici\u00f3n.<br \/>\n\u201cEstamos muy honrados de ser el estado invitado en este proyecto tan destacado, Puente a M\u00e9xico,<img decoding=\"async\" class=\"size-medium wp-image-354300 alignright\" src=\"https:\/\/dimensionturistica.com\/es\/wp-content\/uploads\/2022\/07\/PHOTO-2022-07-15-15-31-03-300x139.jpg\" alt=\"\" width=\"300\" height=\"139\" srcset=\"https:\/\/dimensionturistica.com\/es\/wp-content\/uploads\/2022\/07\/PHOTO-2022-07-15-15-31-03-300x139.jpg 300w, https:\/\/dimensionturistica.com\/es\/wp-content\/uploads\/2022\/07\/PHOTO-2022-07-15-15-31-03-1024x474.jpg 1024w, https:\/\/dimensionturistica.com\/es\/wp-content\/uploads\/2022\/07\/PHOTO-2022-07-15-15-31-03-768x355.jpg 768w, https:\/\/dimensionturistica.com\/es\/wp-content\/uploads\/2022\/07\/PHOTO-2022-07-15-15-31-03-750x347.jpg 750w, https:\/\/dimensionturistica.com\/es\/wp-content\/uploads\/2022\/07\/PHOTO-2022-07-15-15-31-03-1140x527.jpg 1140w, https:\/\/dimensionturistica.com\/es\/wp-content\/uploads\/2022\/07\/PHOTO-2022-07-15-15-31-03.jpg 1280w\" sizes=\"(max-width: 300px) 100vw, 300px\" \/> abre la puerta a todo el mercado californiano que es uno de los m\u00e1s importantes del mundo, al ser la 5a econom\u00eda global, para adentrarse a la riqueza y la diversidad de M\u00e9xico; puntualmente en esta ocasi\u00f3n a visitar Yucat\u00e1n\u201d, coment\u00f3 Fridman Hirsch.<br \/>\nAgreg\u00f3 que, al estar en una de las zonas m\u00e1s concurridas de San Diego, en una \u00e9poca de altos niveles de turismo, muchas personas podr\u00e1n conocer la riqueza de Yucat\u00e1n a trav\u00e9s de estos espacios que nos dan, como el Consulado, el Farmer&#8217;s Market y otros espacios p\u00fablicos donde tambi\u00e9n estar\u00e1n mostrando parte de la oferta cultural, tur\u00edstica y emblem\u00e1tica de Yucat\u00e1n, como lo es la Casa M\u00e9xico de Balboa Park y algunos m\u00e1s.<img decoding=\"async\" class=\"size-medium wp-image-354301 alignright\" src=\"https:\/\/dimensionturistica.com\/es\/wp-content\/uploads\/2022\/07\/PHOTO-2022-07-15-15-31-03-4-300x138.jpg\" alt=\"\" width=\"300\" height=\"138\" srcset=\"https:\/\/dimensionturistica.com\/es\/wp-content\/uploads\/2022\/07\/PHOTO-2022-07-15-15-31-03-4-300x138.jpg 300w, https:\/\/dimensionturistica.com\/es\/wp-content\/uploads\/2022\/07\/PHOTO-2022-07-15-15-31-03-4-1024x471.jpg 1024w, https:\/\/dimensionturistica.com\/es\/wp-content\/uploads\/2022\/07\/PHOTO-2022-07-15-15-31-03-4-768x353.jpg 768w, https:\/\/dimensionturistica.com\/es\/wp-content\/uploads\/2022\/07\/PHOTO-2022-07-15-15-31-03-4-750x345.jpg 750w, https:\/\/dimensionturistica.com\/es\/wp-content\/uploads\/2022\/07\/PHOTO-2022-07-15-15-31-03-4-1140x525.jpg 1140w, https:\/\/dimensionturistica.com\/es\/wp-content\/uploads\/2022\/07\/PHOTO-2022-07-15-15-31-03-4.jpg 1280w\" sizes=\"(max-width: 300px) 100vw, 300px\" \/><br \/>\nMientras que, Gonz\u00e1lez Guti\u00e9rrez hizo saber que Puente a M\u00e9xico permitir\u00e1 a m\u00e1s californianos descubrir las bellezas naturales de Yucat\u00e1n y su diversa riqueza en los \u00e1mbitos del arte, la cultura, la gastronom\u00eda, los servicios y el turismo.<br \/>\n\u201cSer\u00e1 un escaparate para fortalecer a\u00fan m\u00e1s su reputaci\u00f3n como uno de los mejores destinos para el viajero internacional, por lo que, es un gusto que Yucat\u00e1n tome ventaja de este esquema como un puente directo con San Diego, la primera puerta de entrada a California, uno de los mercados tur\u00edsticos m\u00e1s atractivos para nuestro pa\u00eds\u201d, finaliz\u00f3 el<img decoding=\"async\" class=\"size-medium wp-image-354302 alignright\" src=\"https:\/\/dimensionturistica.com\/es\/wp-content\/uploads\/2022\/07\/PHOTO-2022-07-15-15-31-03-3-300x138.jpg\" alt=\"\" width=\"300\" height=\"138\" srcset=\"https:\/\/dimensionturistica.com\/es\/wp-content\/uploads\/2022\/07\/PHOTO-2022-07-15-15-31-03-3-300x138.jpg 300w, https:\/\/dimensionturistica.com\/es\/wp-content\/uploads\/2022\/07\/PHOTO-2022-07-15-15-31-03-3-1024x471.jpg 1024w, https:\/\/dimensionturistica.com\/es\/wp-content\/uploads\/2022\/07\/PHOTO-2022-07-15-15-31-03-3-768x353.jpg 768w, https:\/\/dimensionturistica.com\/es\/wp-content\/uploads\/2022\/07\/PHOTO-2022-07-15-15-31-03-3-750x345.jpg 750w, https:\/\/dimensionturistica.com\/es\/wp-content\/uploads\/2022\/07\/PHOTO-2022-07-15-15-31-03-3-1140x525.jpg 1140w, https:\/\/dimensionturistica.com\/es\/wp-content\/uploads\/2022\/07\/PHOTO-2022-07-15-15-31-03-3.jpg 1280w\" sizes=\"(max-width: 300px) 100vw, 300px\" \/> C\u00f3nsul.<br \/>\nCon una ubicaci\u00f3n privilegiada en el Downtown de San Diego, la exhibici\u00f3n estar\u00e1 abierta al p\u00fablico en general en diferentes puntos:<br \/>\nPabell\u00f3n de Yucat\u00e1n el 15 y 16 de julio de las 10:00 hasta las 16:00 horas, dentro del patio del Consulado, con la participaci\u00f3n de expositores y productores yucatecos en una muestra gastron\u00f3mica que incluye diferentes salsas y recados, miel melipona y cerveza artesanal.<br \/>\nFarmer\u2019s Market, los s\u00e1bados 16 y 23 de julio, de 08:00 a 14:00 horas, tendr\u00e1 un espacio para venta de<img decoding=\"async\" class=\"size-medium wp-image-354305 alignright\" src=\"https:\/\/dimensionturistica.com\/es\/wp-content\/uploads\/2022\/07\/PHOTO-2022-07-15-15-31-02-4-300x139.jpg\" alt=\"\" width=\"300\" height=\"139\" srcset=\"https:\/\/dimensionturistica.com\/es\/wp-content\/uploads\/2022\/07\/PHOTO-2022-07-15-15-31-02-4-300x139.jpg 300w, https:\/\/dimensionturistica.com\/es\/wp-content\/uploads\/2022\/07\/PHOTO-2022-07-15-15-31-02-4-1024x474.jpg 1024w, https:\/\/dimensionturistica.com\/es\/wp-content\/uploads\/2022\/07\/PHOTO-2022-07-15-15-31-02-4-768x355.jpg 768w, https:\/\/dimensionturistica.com\/es\/wp-content\/uploads\/2022\/07\/PHOTO-2022-07-15-15-31-02-4-750x347.jpg 750w, https:\/\/dimensionturistica.com\/es\/wp-content\/uploads\/2022\/07\/PHOTO-2022-07-15-15-31-02-4-1140x527.jpg 1140w, https:\/\/dimensionturistica.com\/es\/wp-content\/uploads\/2022\/07\/PHOTO-2022-07-15-15-31-02-4.jpg 1280w\" sizes=\"(max-width: 300px) 100vw, 300px\" \/> productos no perecederos, hamacas, guayaberas y otros textiles, a la par y con el apoyo de CBX y Volaris, Sefotur dar\u00e1 informaci\u00f3n y folleter\u00eda de Yucat\u00e1n.<br \/>\nAdem\u00e1s, el estado realizar\u00e1 una exhibici\u00f3n de artesan\u00edas en House of M\u00e9xico, en el Balboa Park de la misma urbe, de julio a septiembre de este a\u00f1o; se incluir\u00e1 artesan\u00edas en vitrinas, fotograf\u00edas, un mapa del territorio y maniqu\u00edes con la indumentaria tradicional de una pareja mestiza, que consta de guayabera y terno, as\u00ed como Yucat\u00e1n estar\u00e1 presente del 21 al 24 de julio en Comic-Con de San Diego.<br \/>\nCabe destacar que Yucat\u00e1n es uno de los destinos m\u00e1s seguros de M\u00e9xico y del mundo, dado que sus<img decoding=\"async\" class=\"size-medium wp-image-354308 alignright\" src=\"https:\/\/dimensionturistica.com\/es\/wp-content\/uploads\/2022\/07\/PHOTO-2022-07-15-15-31-01-300x139.jpg\" alt=\"\" width=\"300\" height=\"139\" srcset=\"https:\/\/dimensionturistica.com\/es\/wp-content\/uploads\/2022\/07\/PHOTO-2022-07-15-15-31-01-300x139.jpg 300w, https:\/\/dimensionturistica.com\/es\/wp-content\/uploads\/2022\/07\/PHOTO-2022-07-15-15-31-01-1024x474.jpg 1024w, https:\/\/dimensionturistica.com\/es\/wp-content\/uploads\/2022\/07\/PHOTO-2022-07-15-15-31-01-768x355.jpg 768w, https:\/\/dimensionturistica.com\/es\/wp-content\/uploads\/2022\/07\/PHOTO-2022-07-15-15-31-01-750x347.jpg 750w, https:\/\/dimensionturistica.com\/es\/wp-content\/uploads\/2022\/07\/PHOTO-2022-07-15-15-31-01-1140x527.jpg 1140w, https:\/\/dimensionturistica.com\/es\/wp-content\/uploads\/2022\/07\/PHOTO-2022-07-15-15-31-01.jpg 1280w\" sizes=\"(max-width: 300px) 100vw, 300px\" \/> \u00edndices delictivos son de los m\u00e1s bajos, adem\u00e1s de contar con estrictos y altos est\u00e1ndares de calidad en la aplicaci\u00f3n de medidas de bioseguridad contra Covid-19.<br \/>\nM\u00e9rida, la capital del Estado, se ha mantenido en el top de las mejores ciudades del mundo en los \u00faltimos a\u00f1os, por la excelencia en sus servicios, calidad de vida e infraestructura. El estado tambi\u00e9n cuenta con m\u00e1s de 18 zonas arqueol\u00f3gicas, dos de ellas Patrimonio de la Humanidad, Uxmal y Chich\u00e9n Itz\u00e1, esta \u00faltima una de las 7 Maravillas del Mundo Moderno; casi 400 kil\u00f3metros de costa semi virgen y cuatro Pueblos M\u00e1gicos: Izamal, Valladolid, Sisal y Man\u00ed, que fue reconocido por la Organizaci\u00f3n Mundial del Turismo (OMT) como Best Tourism Village.<img decoding=\"async\" class=\"size-medium wp-image-354309 alignright\" src=\"https:\/\/dimensionturistica.com\/es\/wp-content\/uploads\/2022\/07\/PHOTO-2022-07-15-15-27-04-300x139.jpg\" alt=\"\" width=\"300\" height=\"139\" srcset=\"https:\/\/dimensionturistica.com\/es\/wp-content\/uploads\/2022\/07\/PHOTO-2022-07-15-15-27-04-300x139.jpg 300w, https:\/\/dimensionturistica.com\/es\/wp-content\/uploads\/2022\/07\/PHOTO-2022-07-15-15-27-04-1024x474.jpg 1024w, https:\/\/dimensionturistica.com\/es\/wp-content\/uploads\/2022\/07\/PHOTO-2022-07-15-15-27-04-768x355.jpg 768w, https:\/\/dimensionturistica.com\/es\/wp-content\/uploads\/2022\/07\/PHOTO-2022-07-15-15-27-04-750x347.jpg 750w, https:\/\/dimensionturistica.com\/es\/wp-content\/uploads\/2022\/07\/PHOTO-2022-07-15-15-27-04-1140x527.jpg 1140w, https:\/\/dimensionturistica.com\/es\/wp-content\/uploads\/2022\/07\/PHOTO-2022-07-15-15-27-04.jpg 1280w\" sizes=\"(max-width: 300px) 100vw, 300px\" \/><br \/>\nDurante los meses posteriores al inicio de la recuperaci\u00f3n econ\u00f3mica y tur\u00edstica, Yucat\u00e1n inicio una ardua labor de la mano de la industria tur\u00edstica del Estado para reactivarse y comenzar a restablecer los indicadores que se ten\u00edan hasta el 2019, un a\u00f1o r\u00e9cord para para la entidad en este sector, que por primera vez en su historia registr\u00f3 m\u00e1s de 3 millones de visitantes y se ubic\u00f3 en los primeros tres lugares de crecimiento en el rubro a nivel nacional, generando una derrama superior a los 8,264 millones de pesos.<br \/>\nLos resultados de las acciones emprendidas se han visto reflejados en los indicadores actuales, pues en el primer bimestre del 2022, Chich\u00e9n Itz\u00e1 registr\u00f3 un incremento de visitantes del 86.9% en comparaci\u00f3n con el mismo periodo del 2021; de enero a marzo del 2022, se super\u00f3 por 3200 la cifra de 367,718 visitantes al Estado del mismo periodo del 2019.<br \/>\nEn el acumulado de enero a mayo del 2022, la tendencia contin\u00faa en crecimiento en la llegada de turistas nacionales respecto a los registros previos a la pandemia, con un total de 647,233 turistas, superando la cifra del mismo periodo en 2019; en el mes de mayo, la ocupaci\u00f3n promedio en vuelos de llegada y salida de las aerol\u00edneas que operan en el Aeropuerto Internacional de M\u00e9rida se ubic\u00f3 en un 82.1% y en el pasado mes de junio la reactivaci\u00f3n de asientos en el Aeropuerto Internacional de M\u00e9rida, se ubic\u00f3 en un 101.1% con un total de 33,806 asientos semanales.<br \/>\nHasta el mes de junio, Yucat\u00e1n ha recuperado el 61.5% de las rutas nacionales y el 175% de rutas internacionales respecto al periodo previo a pandemia, con un promedio semanal de 179 vuelos dom\u00e9sticos y 24 vuelos internacionales.<\/p>\n","protected":false},"excerpt":{"rendered":"<p>A partir de hoy, los visitantes y locales de California, podr\u00e1n admirar la riqueza cultural, art\u00edstica y natural, as\u00ed como la oferta tur\u00edstica de Yucat\u00e1n a trav\u00e9s de una serie de spots fotogr\u00e1ficos y venta de productos yucatecos durante este y el pr\u00f3ximo fin de semana en Consulado General de M\u00e9xico en San Diego, con [&hellip;]<\/p>\n","protected":false},"author":1,"featured_media":354298,"comment_status":"open","ping_status":"closed","sticky":false,"template":"","format":"standard","meta":{"om_disable_all_campaigns":false,"jnews-multi-image_gallery":[],"jnews_single_post":{"source_name":"","source_url":"","via_name":"","via_url":"","override_template":"0","override":[{"template":"1","single_blog_custom":"","parallax":"1","fullscreen":"1","layout":"right-sidebar","sidebar":"default-sidebar","second_sidebar":"default-sidebar","sticky_sidebar":"1","share_position":"top","share_float_style":"share-monocrhome","show_share_counter":"1","show_view_counter":"1","show_featured":"1","show_post_meta":"1","show_post_author":"1","show_post_author_image":"1","show_post_date":"1","post_date_format":"default","post_date_format_custom":"Y\/m\/d","show_post_category":"1","show_post_reading_time":"0","post_reading_time_wpm":"300","show_zoom_button":"0","zoom_button_out_step":"2","zoom_button_in_step":"3","show_post_tag":"1","show_prev_next_post":"1","show_popup_post":"1","number_popup_post":"1","show_author_box":"0","show_post_related":"0","show_inline_post_related":"0"}],"override_image_size":"0","image_override":[{"single_post_thumbnail_size":"crop-500","single_post_gallery_size":"crop-500"}],"trending_post":"0","trending_post_position":"meta","trending_post_label":"Trending","sponsored_post":"0","sponsored_post_label":"Sponsored by","sponsored_post_name":"","sponsored_post_url":"","sponsored_post_logo_enable":"0","sponsored_post_logo":"","sponsored_post_desc":"","disable_ad":"0"},"jnews_primary_category":{"id":""},"jnews_social_meta":{"fb_title":"","fb_description":"","fb_image":"","twitter_title":"","twitter_description":"","twitter_image":""},"footnotes":""},"categories":[43],"tags":[],"class_list":["post-354296","post","type-post","status-publish","format-standard","has-post-thumbnail","hentry","category-gourmet"],"_links":{"self":[{"href":"https:\/\/dimensionturistica.com\/es\/wp-json\/wp\/v2\/posts\/354296","targetHints":{"allow":["GET"]}}],"collection":[{"href":"https:\/\/dimensionturistica.com\/es\/wp-json\/wp\/v2\/posts"}],"about":[{"href":"https:\/\/dimensionturistica.com\/es\/wp-json\/wp\/v2\/types\/post"}],"author":[{"embeddable":true,"href":"https:\/\/dimensionturistica.com\/es\/wp-json\/wp\/v2\/users\/1"}],"replies":[{"embeddable":true,"href":"https:\/\/dimensionturistica.com\/es\/wp-json\/wp\/v2\/comments?post=354296"}],"version-history":[{"count":0,"href":"https:\/\/dimensionturistica.com\/es\/wp-json\/wp\/v2\/posts\/354296\/revisions"}],"wp:featuredmedia":[{"embeddable":true,"href":"https:\/\/dimensionturistica.com\/es\/wp-json\/wp\/v2\/media\/354298"}],"wp:attachment":[{"href":"https:\/\/dimensionturistica.com\/es\/wp-json\/wp\/v2\/media?parent=354296"}],"wp:term":[{"taxonomy":"category","embeddable":true,"href":"https:\/\/dimensionturistica.com\/es\/wp-json\/wp\/v2\/categories?post=354296"},{"taxonomy":"post_tag","embeddable":true,"href":"https:\/\/dimensionturistica.com\/es\/wp-json\/wp\/v2\/tags?post=354296"}],"curies":[{"name":"wp","href":"https:\/\/api.w.org\/{rel}","templated":true}]}}