{"id":354283,"date":"2022-07-16T19:43:20","date_gmt":"2022-07-16T19:43:20","guid":{"rendered":"https:\/\/dimensionturistica.com\/es\/?p=354283"},"modified":"2022-07-16T19:43:20","modified_gmt":"2022-07-16T19:43:20","slug":"madrid-se-promociona-en-estados-unidos-en-colaboracion-con-iberia","status":"publish","type":"post","link":"https:\/\/dimensionturistica.com\/es\/madrid-se-promociona-en-estados-unidos-en-colaboracion-con-iberia\/","title":{"rendered":"Madrid se promociona en Estados Unidos en colaboraci\u00f3n con Iberia"},"content":{"rendered":"<p> <br \/>\n<\/p>\n<div id=\"mceBody\">\n<p class=\"mce\">El <strong class=\"mce\">Consejo de Gobierno de la Comunidad de Madri<\/strong>d aprob\u00f3 esta semana patrocinar con 1,1 millones de euros una acci\u00f3n de promoci\u00f3n en <strong class=\"mce\">Estados Unidos en colaboraci\u00f3n con Iberia.<\/strong> Para ello, se impulsar\u00e1 la conectividad con la regi\u00f3n a trav\u00e9s de las rutas a\u00e9reas directas que la aerol\u00ednea mantiene desde la capital de Espa\u00f1a con las ciudades de Chicago, Boston, Los \u00c1ngeles y San Francisco.<\/p>\n<div class=\"inset-rel-story mce\">\n<h3 class=\"inset-rel-story__title\">\n                <a rel=\"nofollow noopener\" target=\"_blank\" href=\"https:\/\/www.telemadrid.es\/programas\/telenoticias-2\/Diaz-Ayuso-impulsa-en-Miami-la-operacionMadrid-Nuevo-Norte-yla-industria-de-la-cultura-en-espanol-2-2463673660--20220627092526.html\" class=\"lnk\">D\u00edaz Ayuso impulsa en Miami la operaci\u00f3n\u00a0Madrid Nuevo Norte y\u00a0la industria de la &#8220;cultura en espa\u00f1ol&#8221;<\/a><br \/>\n            <\/h3>\n<\/p><\/div>\n<p class=\"mce\">As\u00ed lo anunci\u00f3 este s\u00e1bado en un comunicado el <strong class=\"mce\">Ejecutivo auton\u00f3mico<\/strong>, que avanz\u00f3 que el patrocinio aprobado incluye, entre otras acciones, la publicaci\u00f3n de un reportaje con portada sobre el destino Comunidad de Madrid en la edici\u00f3n de septiembre y octubre de la revista \u2018Ronda\u2019, en versi\u00f3n digital, impresa y con presencia a bordo y en Salas VIP de la terminal 4 del aeropuerto internacional <strong class=\"mce\">Adolfo Su\u00e1rez Madrid-Barajas.<\/strong><\/p>\n<p class=\"mce\">Adem\u00e1s,<strong class=\"mce\"> se proyectar\u00e1 un v\u00eddeo en los avione<\/strong>s dedicado a la regi\u00f3n durante dos meses; se instalar\u00e1 un banner en rotaci\u00f3n de la Comunidad de Madrid en Iberia.com en Estados Unidos y se remitir\u00e1 comunicaci\u00f3n del destino a la base de datos de sus clientes en este pa\u00eds, entre otras medidas.<\/p>\n<div class=\"inset-rel-story mce\">\n<h3 class=\"inset-rel-story__title\">\n                <a rel=\"nofollow noopener\" target=\"_blank\" href=\"https:\/\/www.telemadrid.es\/programas\/telenoticias-1\/Ayuso-potenciar-Espana-Madriden-EEUU-2-2382681736--20210930031602.html\" class=\"lnk\">Ayuso: Hay que potenciar la imagen de Espa\u00f1a y de Madrid\u00a0en EEUU<\/a><br \/>\n            <\/h3>\n<\/p><\/div>\n<p class=\"mce\">Tambi\u00e9n se llevar\u00e1 a cabo<strong class=\"mce\"> una estrategia en redes sociales<\/strong>, con publicaciones en Instagram, Fb y <strong class=\"mce\">apoyos de influencers y<\/strong> se contar\u00e1 con un plan exclusivo para la Comunidad de Madrid en soportes exteriores en la ciudad de Nueva York y una campa\u00f1a en medios externos en el mercado norteamericano con la promoci\u00f3n de los vuelos a la regi\u00f3n.<\/p>\n<p class=\"mce\">Por \u00faltimo, la Comunidad de Madrid <strong class=\"mce\">participar\u00e1 en eventos de promoci\u00f3n con turoperadores de Iberia en Dallas y Nueva York<\/strong> durante el oto\u00f1o, con el objetivo de darse a conocer entre las empresas y agencias de viaje m\u00e1s relevantes, tal y como precis\u00f3 el Ejecutivo auton\u00f3mico, que, con esta acci\u00f3n, pretende \u201cseguir avanzando en la recuperaci\u00f3n del turismo, consolid\u00e1ndolo como uno de los motores de su econom\u00eda\u201d.<\/p>\n<div class=\"inset-rel-story mce\">\n<h3 class=\"inset-rel-story__title\">\n                <a rel=\"nofollow noopener\" target=\"_blank\" href=\"https:\/\/www.telemadrid.es\/programas\/telenoticias-1\/Una-alianza-entre-hermanos-asi-es-la-relacion-entre-Estados-Unidos-y-Espana-2-2466973309--20220708050605.html\" class=\"lnk\">Una alianza entre hermanos, as\u00ed es la relaci\u00f3n entre Estados Unidos y Espa\u00f1a<\/a><br \/>\n            <\/h3>\n<\/p><\/div>\n<p class=\"mce\">El Gobierno regional juzg\u00f3 \u201cfundamental\u201d realizar estas iniciativas dirigidas al mercado norteamericano, el m\u00e1s importante para Madrid en t\u00e9rminos cuantitativos y cualitativos. De hecho,<strong class=\"mce\"> hasta mayo de 2022,<\/strong> recibi\u00f3 a casi 2,1 millones de turistas internacionales, siendo EEUU el principal mercado emisor con 228.628 viajeros llegados, es decir, casi el 11% del whole.<\/p>\n<p class=\"mce\">Adem\u00e1s, de enero a mayo, <strong class=\"mce\">estos gastaron en whole en sus estancias madrile\u00f1as 413,3 millone<\/strong>s, siendo de los viajeros que mayor generan de media cada d\u00eda (291 euros) y por estancia (2.066), por encima de la media nacional, situada en 177 y 1.152 euros, respectivamente.<\/p>\n<\/p><\/div>\n\n<p><em> &#8221; Fuentes www.telemadrid.es &#8221; <\/em><\/p>\n","protected":false},"excerpt":{"rendered":"<p>El Consejo de Gobierno de la Comunidad de Madrid aprob\u00f3 esta semana patrocinar con 1,1 millones de euros una acci\u00f3n de promoci\u00f3n en Estados Unidos en colaboraci\u00f3n con Iberia. Para ello, se impulsar\u00e1 la conectividad con la regi\u00f3n a trav\u00e9s de las rutas a\u00e9reas directas que la aerol\u00ednea mantiene desde la capital de Espa\u00f1a con [&hellip;]<\/p>\n","protected":false},"author":4,"featured_media":354284,"comment_status":"open","ping_status":"closed","sticky":false,"template":"","format":"standard","meta":{"om_disable_all_campaigns":false,"jnews-multi-image_gallery":[],"jnews_single_post":[],"jnews_primary_category":[],"jnews_social_meta":[],"footnotes":""},"categories":[40],"tags":[1363,808,700],"class_list":["post-354283","post","type-post","status-publish","format-standard","has-post-thumbnail","hentry","category-industria","tag-estados-unidos","tag-iberia","tag-madrid"],"_links":{"self":[{"href":"https:\/\/dimensionturistica.com\/es\/wp-json\/wp\/v2\/posts\/354283","targetHints":{"allow":["GET"]}}],"collection":[{"href":"https:\/\/dimensionturistica.com\/es\/wp-json\/wp\/v2\/posts"}],"about":[{"href":"https:\/\/dimensionturistica.com\/es\/wp-json\/wp\/v2\/types\/post"}],"author":[{"embeddable":true,"href":"https:\/\/dimensionturistica.com\/es\/wp-json\/wp\/v2\/users\/4"}],"replies":[{"embeddable":true,"href":"https:\/\/dimensionturistica.com\/es\/wp-json\/wp\/v2\/comments?post=354283"}],"version-history":[{"count":0,"href":"https:\/\/dimensionturistica.com\/es\/wp-json\/wp\/v2\/posts\/354283\/revisions"}],"wp:featuredmedia":[{"embeddable":true,"href":"https:\/\/dimensionturistica.com\/es\/wp-json\/wp\/v2\/media\/354284"}],"wp:attachment":[{"href":"https:\/\/dimensionturistica.com\/es\/wp-json\/wp\/v2\/media?parent=354283"}],"wp:term":[{"taxonomy":"category","embeddable":true,"href":"https:\/\/dimensionturistica.com\/es\/wp-json\/wp\/v2\/categories?post=354283"},{"taxonomy":"post_tag","embeddable":true,"href":"https:\/\/dimensionturistica.com\/es\/wp-json\/wp\/v2\/tags?post=354283"}],"curies":[{"name":"wp","href":"https:\/\/api.w.org\/{rel}","templated":true}]}}