{"id":354276,"date":"2022-07-16T19:52:11","date_gmt":"2022-07-16T19:52:11","guid":{"rendered":"https:\/\/dimensionturistica.com\/es\/?p=354276"},"modified":"2022-07-16T19:52:11","modified_gmt":"2022-07-16T19:52:11","slug":"jalisco-impulsa-el-turismo-con-la-campana-de-verano","status":"publish","type":"post","link":"https:\/\/dimensionturistica.com\/es\/jalisco-impulsa-el-turismo-con-la-campana-de-verano\/","title":{"rendered":"Jalisco impulsa el turismo con la campa\u00f1a de verano"},"content":{"rendered":"<p><img decoding=\"async\" class=\"size-medium wp-image-354286 alignright\" src=\"https:\/\/dimensionturistica.com\/es\/wp-content\/uploads\/2022\/07\/GUADA1-300x186.jpg\" alt=\"\" width=\"300\" height=\"186\" srcset=\"https:\/\/dimensionturistica.com\/es\/wp-content\/uploads\/2022\/07\/GUADA1-300x186.jpg 300w, https:\/\/dimensionturistica.com\/es\/wp-content\/uploads\/2022\/07\/GUADA1.jpg 450w\" sizes=\"(max-width: 300px) 100vw, 300px\" \/>Por segundo a\u00f1o consecutivo, se present\u00f3 la campa\u00f1a \u00a1En Verano No te Rajes!, un esfuerzo conjunto entre organismos empresariales, asociaciones y empresas, para promover la Zona Metropolitana de Guadalajara y sus alrededores durante la temporada veraniega y atraer a turistas locales, nacionales e internacionales.<br \/>\n\u00a1En Verano No te Rajes!, que inici\u00f3 el 11 de julio y terminar\u00e1 el 22 de agosto del a\u00f1o en curso, contar\u00e1 con diferentes descuentos en comercios y establecimientos de servicios para incrementar el consumo y generar una mayor derrama econ\u00f3mica tanto en la Perla Tapat\u00eda como en Chapala, Ajijic, Tequila.<br \/>\nEn conferencia de prensa, Ra\u00fal Uranga Lamadrid, presidente de la C\u00e1mara de Comercio mencion\u00f3 que este a\u00f1o el objetivo es alcanzar una ocupaci\u00f3n hotelera del 60 por ciento: \u201cen el tema hotelero se prev\u00e9<img decoding=\"async\" class=\"size-medium wp-image-354287 alignright\" src=\"https:\/\/dimensionturistica.com\/es\/wp-content\/uploads\/2022\/07\/GUADA2-300x201.jpg\" alt=\"\" width=\"300\" height=\"201\" srcset=\"https:\/\/dimensionturistica.com\/es\/wp-content\/uploads\/2022\/07\/GUADA2-300x201.jpg 300w, https:\/\/dimensionturistica.com\/es\/wp-content\/uploads\/2022\/07\/GUADA2.jpg 450w\" sizes=\"(max-width: 300px) 100vw, 300px\" \/> una ocupaci\u00f3n del 60 por ciento, una derrama econ\u00f3mica durante este periodo vacacional de verano de seis mil 500 a siete mil millones de pesos, alrededor de un mill\u00f3n 339 mil 284 visitantes que significa un incremento del 17 por ciento de visitantes con respecto al a\u00f1o anterior.\u201d<br \/>\nGustavo Staufert, director de la Oficina de Visitantes y Convenciones, detall\u00f3 la importancia de este tipo de iniciativas para reforzar el turismo, pues la Zona Metropolitana de Guadalajara representa el 20 por ciento del mercado nacional de las reservaciones en ciudades de este tipo, ocupando el primer lugar (sin tomar en cuenta destinos de playa).<br \/>\nAs\u00ed mismo, se\u00f1al\u00f3 que para esta segunda edici\u00f3n se sumaron m\u00e1s participantes con descuentos y promociones, como el Zool\u00f3gico de Guadalajara, Acuario Michin y Nat Geo Ultimate Explorer.<br \/>\n<img decoding=\"async\" class=\"size-medium wp-image-354288 alignleft\" src=\"https:\/\/dimensionturistica.com\/es\/wp-content\/uploads\/2022\/07\/GUADA4-300x201.jpg\" alt=\"\" width=\"300\" height=\"201\" srcset=\"https:\/\/dimensionturistica.com\/es\/wp-content\/uploads\/2022\/07\/GUADA4-300x201.jpg 300w, https:\/\/dimensionturistica.com\/es\/wp-content\/uploads\/2022\/07\/GUADA4.jpg 450w\" sizes=\"(max-width: 300px) 100vw, 300px\" \/>A trav\u00e9s del micro sitio http:\/\/noterajesgdl.com\/ , los usuarios podr\u00e1n encontrar una gran variedad de ofertas, que van desde 3&#215;2 en hospedaje y diferentes paquetes en alimentos y bebidas 3&#215;2 en recorridos guiados y otras promociones en hoteles, restaurantes, comercios y experiencias.<br \/>\nDe igual manera, los negocios que quieran participar en esta campa\u00f1a pueden registrarse para obtener los distintivos oficiales en la p\u00e1gina oficial.<br \/>\nLa Oficina de Visitantes y Convenciones de Guadalajara te invita a conocer los descuentos y promociones de \u00a1En Verano No te Rajes!, para que aproveches tu estad\u00eda al m\u00e1ximo y disfrutes de la gastronom\u00eda tapat\u00eda, recintos, eventos, zonas culturales y los Pueblos M\u00e1gicos de Jalisco.<\/p>\n","protected":false},"excerpt":{"rendered":"<p>Por segundo a\u00f1o consecutivo, se present\u00f3 la campa\u00f1a \u00a1En Verano No te Rajes!, un esfuerzo conjunto entre organismos empresariales, asociaciones y empresas, para promover la Zona Metropolitana de Guadalajara y sus alrededores durante la temporada veraniega y atraer a turistas locales, nacionales e internacionales. \u00a1En Verano No te Rajes!, que inici\u00f3 el 11 de julio [&hellip;]<\/p>\n","protected":false},"author":1,"featured_media":354280,"comment_status":"open","ping_status":"closed","sticky":false,"template":"","format":"standard","meta":{"om_disable_all_campaigns":false,"jnews-multi-image_gallery":[],"jnews_single_post":{"source_name":"","source_url":"","via_name":"","via_url":"","override_template":"0","override":[{"template":"1","single_blog_custom":"","parallax":"1","fullscreen":"1","layout":"right-sidebar","sidebar":"default-sidebar","second_sidebar":"default-sidebar","sticky_sidebar":"1","share_position":"top","share_float_style":"share-monocrhome","show_share_counter":"1","show_view_counter":"1","show_featured":"1","show_post_meta":"1","show_post_author":"1","show_post_author_image":"1","show_post_date":"1","post_date_format":"default","post_date_format_custom":"Y\/m\/d","show_post_category":"1","show_post_reading_time":"0","post_reading_time_wpm":"300","show_zoom_button":"0","zoom_button_out_step":"2","zoom_button_in_step":"3","show_post_tag":"1","show_prev_next_post":"1","show_popup_post":"1","number_popup_post":"1","show_author_box":"0","show_post_related":"0","show_inline_post_related":"0"}],"override_image_size":"0","image_override":[{"single_post_thumbnail_size":"crop-500","single_post_gallery_size":"crop-500"}],"trending_post":"0","trending_post_position":"meta","trending_post_label":"Trending","sponsored_post":"0","sponsored_post_label":"Sponsored by","sponsored_post_name":"","sponsored_post_url":"","sponsored_post_logo_enable":"0","sponsored_post_logo":"","sponsored_post_desc":"","disable_ad":"0"},"jnews_primary_category":{"id":""},"jnews_social_meta":{"fb_title":"","fb_description":"","fb_image":"","twitter_title":"","twitter_description":"","twitter_image":""},"footnotes":""},"categories":[39],"tags":[],"class_list":["post-354276","post","type-post","status-publish","format-standard","has-post-thumbnail","hentry","category-viajes"],"_links":{"self":[{"href":"https:\/\/dimensionturistica.com\/es\/wp-json\/wp\/v2\/posts\/354276","targetHints":{"allow":["GET"]}}],"collection":[{"href":"https:\/\/dimensionturistica.com\/es\/wp-json\/wp\/v2\/posts"}],"about":[{"href":"https:\/\/dimensionturistica.com\/es\/wp-json\/wp\/v2\/types\/post"}],"author":[{"embeddable":true,"href":"https:\/\/dimensionturistica.com\/es\/wp-json\/wp\/v2\/users\/1"}],"replies":[{"embeddable":true,"href":"https:\/\/dimensionturistica.com\/es\/wp-json\/wp\/v2\/comments?post=354276"}],"version-history":[{"count":0,"href":"https:\/\/dimensionturistica.com\/es\/wp-json\/wp\/v2\/posts\/354276\/revisions"}],"wp:featuredmedia":[{"embeddable":true,"href":"https:\/\/dimensionturistica.com\/es\/wp-json\/wp\/v2\/media\/354280"}],"wp:attachment":[{"href":"https:\/\/dimensionturistica.com\/es\/wp-json\/wp\/v2\/media?parent=354276"}],"wp:term":[{"taxonomy":"category","embeddable":true,"href":"https:\/\/dimensionturistica.com\/es\/wp-json\/wp\/v2\/categories?post=354276"},{"taxonomy":"post_tag","embeddable":true,"href":"https:\/\/dimensionturistica.com\/es\/wp-json\/wp\/v2\/tags?post=354276"}],"curies":[{"name":"wp","href":"https:\/\/api.w.org\/{rel}","templated":true}]}}