{"id":353971,"date":"2022-07-16T04:11:22","date_gmt":"2022-07-16T04:11:22","guid":{"rendered":"https:\/\/dimensionturistica.com\/es\/?p=353971"},"modified":"2022-07-16T04:11:23","modified_gmt":"2022-07-16T04:11:23","slug":"eu-emite-alerta-para-viajes-a-mexico-tras-detencion-de-caro-quintero-temen-enfrentamientos","status":"publish","type":"post","link":"https:\/\/dimensionturistica.com\/es\/eu-emite-alerta-para-viajes-a-mexico-tras-detencion-de-caro-quintero-temen-enfrentamientos\/","title":{"rendered":"EU emite alerta para viajes a M\u00e9xico tras detenci\u00f3n de Caro Quintero: temen enfrentamientos"},"content":{"rendered":"<p> <br \/>\n<\/p>\n<div>\n<p>La embajada y consulados de Estados Unidos emitieron una <strong>alerta de viaje<\/strong> a Sinaloa y Sonora ante posibles <strong>enfentamientos con grupos criminales<\/strong> tras la detenci\u00f3n del narcotraficante <strong><a rel=\"nofollow noopener\" target=\"_blank\" href=\"https:\/\/www.eluniversal.com.mx\/nacion\/detienen-rafael-caro-quintero\"><span style=\"color:#005383;\">Caro Quintero<\/span><\/a><\/strong>.<\/p>\n<p>&#8220;Los ciudadanos estadounidenses deben esperar encontrar una mayor presencia policial mexicana tanto en Sinaloa como en Sonora. Los asesinatos de <strong>organizaciones criminales<\/strong> y las disputas territoriales pueden provocar que los transe\u00fantes resulten heridos o muertos&#8221;, advirti\u00f3 en un comunicado.<\/p>\n<p>La alerta de viaje emitida por el Departamento de Estado para Sinaloa es nivel 4, por lo que se recomienda no viajar por la <strong>delincuencia y secuestros<\/strong>. Mientras que para Sonora es de nivel 3, por lo que se pide reconsiderar el viaje por delincuencia y secuestro.<br \/>\u00a0<\/p>\n<p> Adem\u00e1s, se emitieron las siguientes recomendaciones a los ciudadanos estadounidenses:<\/p>\n<ul>\n<li> Estar al pendiente de su entorno<\/li>\n<li> Mantener un alto nivel de vigilancia<\/li>\n<li> Estar atento a los medios locales para obtener actualizaciones y, en caso de emergencia, llamar al 911<\/li>\n<li> Revisar sus planes de seguridad private y seguir las instrucciones de las autoridades locales<\/li>\n<\/ul>\n<p><em><a rel=\"nofollow noopener\" target=\"_blank\" href=\"https:\/\/www.eluniversal.com.mx\/newsletters\"><u>Suscr\u00edbete aqu\u00ed<\/u><\/a> para recibir directo en tu correo nuestras newsletters sobre noticias del d\u00eda, opini\u00f3n, Qatar 2022 y muchas opciones m\u00e1s.<\/em><\/p>\n<p>vare\/rcr<\/p>\n<\/div>\n<p><script async defer crossorigin=\"anonymous\" src=\"https:\/\/connect.facebook.net\/es_LA\/sdk.js#xfbml=1&#038;version=v10.0&#038;appId=163316950407128&#038;autoLogAppEvents=1\"><\/script><br \/>\n<br \/><\/p>\n<p><em> &#8221; Fuentes www.eluniversal.com.mx &#8221; <\/em><\/p>\n","protected":false},"excerpt":{"rendered":"<p>La embajada y consulados de Estados Unidos emitieron una alerta de viaje a Sinaloa y Sonora ante posibles enfentamientos con grupos criminales tras la detenci\u00f3n del narcotraficante Caro Quintero. &#8220;Los ciudadanos estadounidenses deben esperar encontrar una mayor presencia policial mexicana tanto en Sinaloa como en Sonora. Los asesinatos de organizaciones criminales y las disputas territoriales [&hellip;]<\/p>\n","protected":false},"author":4,"featured_media":353972,"comment_status":"open","ping_status":"closed","sticky":false,"template":"","format":"standard","meta":{"om_disable_all_campaigns":false,"jnews-multi-image_gallery":[],"jnews_single_post":[],"jnews_primary_category":[],"jnews_social_meta":[],"footnotes":""},"categories":[39],"tags":[4919,49680,16821,2481],"class_list":["post-353971","post","type-post","status-publish","format-standard","has-post-thumbnail","hentry","category-viajes","tag-alerta-de-viaje","tag-caro-quintero","tag-grupos-criminales","tag-sinaloa"],"_links":{"self":[{"href":"https:\/\/dimensionturistica.com\/es\/wp-json\/wp\/v2\/posts\/353971","targetHints":{"allow":["GET"]}}],"collection":[{"href":"https:\/\/dimensionturistica.com\/es\/wp-json\/wp\/v2\/posts"}],"about":[{"href":"https:\/\/dimensionturistica.com\/es\/wp-json\/wp\/v2\/types\/post"}],"author":[{"embeddable":true,"href":"https:\/\/dimensionturistica.com\/es\/wp-json\/wp\/v2\/users\/4"}],"replies":[{"embeddable":true,"href":"https:\/\/dimensionturistica.com\/es\/wp-json\/wp\/v2\/comments?post=353971"}],"version-history":[{"count":0,"href":"https:\/\/dimensionturistica.com\/es\/wp-json\/wp\/v2\/posts\/353971\/revisions"}],"wp:featuredmedia":[{"embeddable":true,"href":"https:\/\/dimensionturistica.com\/es\/wp-json\/wp\/v2\/media\/353972"}],"wp:attachment":[{"href":"https:\/\/dimensionturistica.com\/es\/wp-json\/wp\/v2\/media?parent=353971"}],"wp:term":[{"taxonomy":"category","embeddable":true,"href":"https:\/\/dimensionturistica.com\/es\/wp-json\/wp\/v2\/categories?post=353971"},{"taxonomy":"post_tag","embeddable":true,"href":"https:\/\/dimensionturistica.com\/es\/wp-json\/wp\/v2\/tags?post=353971"}],"curies":[{"name":"wp","href":"https:\/\/api.w.org\/{rel}","templated":true}]}}