{"id":353567,"date":"2022-07-15T21:23:12","date_gmt":"2022-07-15T21:23:12","guid":{"rendered":"https:\/\/dimensionturistica.com\/es\/?p=353567"},"modified":"2022-07-15T21:23:12","modified_gmt":"2022-07-15T21:23:12","slug":"se-vivira-la-semifinal-de-bocuse-dor-americas-esto-es-lo-que-debes-saber-el-equipo-mexicano-esta-compuesto-por-chefs-de-baja-california","status":"publish","type":"post","link":"https:\/\/dimensionturistica.com\/es\/se-vivira-la-semifinal-de-bocuse-dor-americas-esto-es-lo-que-debes-saber-el-equipo-mexicano-esta-compuesto-por-chefs-de-baja-california\/","title":{"rendered":"Se vivir\u00e1 la semifinal de Bocuse D\u00b4OR Am\u00e9ricas, esto es lo que debes saber. El equipo mexicano est\u00e1 compuesto por chefs de Baja California"},"content":{"rendered":"<p><img decoding=\"async\" class=\"size-medium wp-image-353667 alignright\" src=\"https:\/\/dimensionturistica.com\/es\/wp-content\/uploads\/2022\/07\/Bocuse-d\u00b4Or-Americas-equipo-Mexico-1-300x200.jpeg\" alt=\"\" width=\"300\" height=\"200\" srcset=\"https:\/\/dimensionturistica.com\/es\/wp-content\/uploads\/2022\/07\/Bocuse-d\u00b4Or-Americas-equipo-Mexico-1-300x200.jpeg 300w, https:\/\/dimensionturistica.com\/es\/wp-content\/uploads\/2022\/07\/Bocuse-d\u00b4Or-Americas-equipo-Mexico-1-1024x684.jpeg 1024w, https:\/\/dimensionturistica.com\/es\/wp-content\/uploads\/2022\/07\/Bocuse-d\u00b4Or-Americas-equipo-Mexico-1-768x513.jpeg 768w, https:\/\/dimensionturistica.com\/es\/wp-content\/uploads\/2022\/07\/Bocuse-d\u00b4Or-Americas-equipo-Mexico-1-1536x1026.jpeg 1536w, https:\/\/dimensionturistica.com\/es\/wp-content\/uploads\/2022\/07\/Bocuse-d\u00b4Or-Americas-equipo-Mexico-1-750x501.jpeg 750w, https:\/\/dimensionturistica.com\/es\/wp-content\/uploads\/2022\/07\/Bocuse-d\u00b4Or-Americas-equipo-Mexico-1-1140x762.jpeg 1140w, https:\/\/dimensionturistica.com\/es\/wp-content\/uploads\/2022\/07\/Bocuse-d\u00b4Or-Americas-equipo-Mexico-1.jpeg 1600w\" sizes=\"(max-width: 300px) 100vw, 300px\" \/> El d\u00eda de hoy se vivir\u00e1 la semifinal de una las contiendas gastron\u00f3micas m\u00e1s relevantes a nivel mundial, Bocuse d\u00b4Or Am\u00e9ricas, competencia en la que el equipo mexicano estar\u00e1 representado por el Chef bajacaliforniano Marcelo Hisaki, creador del Restaurante Amores, ubicado en el pueblo m\u00e1gico Tecate.<br \/>\nBocuse d\u00b4Or Am\u00e9ricas es un concurso internacional de cocina, conocido popularmente como las olimpiadas de gastronom\u00eda, que reunir\u00e1 a los mejores Chefs del continente americano provenientes de Guatemala, Canad\u00e1, Colombia, Bolivia, Estados Unidos, Chile, Ecuador y M\u00e9xico, que en esta edici\u00f3n buscar\u00e1n la clasificaci\u00f3n a la gran final que se vivir\u00e1 en enero del 2023 en Lyon, Francia.<br \/>\nEntre los candidatos del Bocuse d&#8217;Or Americas 2022, el equipo nacional ser\u00e1 encabezado por el Chef Marcelo Hisaki de 32 a\u00f1os, es el cocinero que se instal\u00f3 en esta gran semifinal tras competir con los mejores especialistas provenientes de todo el pa\u00eds desde el a\u00f1o 2019.<br \/>\n\u00bfC\u00f3mo se desarrolla la competencia?<br \/>\nCada combate de Bocuse d\u00b4Or se realiza de manera itinerante con el fin de reconocer la historia e importancia gastron\u00f3mica de diferentes puntos dentro del continente, y en esta ocasi\u00f3n se celebrar\u00e1 en Santiago de Chile (Santiago Metropolitano), y se har\u00e1 mediante dos pruebas que tienen como base un ingrediente chileno, pero exaltando los sabores de cada entidad.<br \/>\nCada candidato participar\u00e1 con apoyo de sus auxiliares, por lo que el equipo de M\u00e9xico se integra con Alexis Collazo, un chef bajacaliforniano que como regla general debe de poseer menos de 21 a\u00f1os, pero que ha desarrollado su experiencia en el restaurante Amores.<br \/>\nAs\u00ed el equipo del Chef Hisaki y Collazo tiene cinco horas para elaborar una receta vegetariana \u2013 nombrada Assiette \u2013, en donde cada producto debe distinguirse en presentaci\u00f3n y sabor; que a su<img decoding=\"async\" class=\"size-medium wp-image-353668 alignright\" src=\"https:\/\/dimensionturistica.com\/es\/wp-content\/uploads\/2022\/07\/Bocuse-d\u00b4Or-Americas-equipo-Mexico-2-300x200.jpeg\" alt=\"\" width=\"300\" height=\"200\" srcset=\"https:\/\/dimensionturistica.com\/es\/wp-content\/uploads\/2022\/07\/Bocuse-d\u00b4Or-Americas-equipo-Mexico-2-300x200.jpeg 300w, https:\/\/dimensionturistica.com\/es\/wp-content\/uploads\/2022\/07\/Bocuse-d\u00b4Or-Americas-equipo-Mexico-2-1024x684.jpeg 1024w, https:\/\/dimensionturistica.com\/es\/wp-content\/uploads\/2022\/07\/Bocuse-d\u00b4Or-Americas-equipo-Mexico-2-768x513.jpeg 768w, https:\/\/dimensionturistica.com\/es\/wp-content\/uploads\/2022\/07\/Bocuse-d\u00b4Or-Americas-equipo-Mexico-2-1536x1026.jpeg 1536w, https:\/\/dimensionturistica.com\/es\/wp-content\/uploads\/2022\/07\/Bocuse-d\u00b4Or-Americas-equipo-Mexico-2-750x501.jpeg 750w, https:\/\/dimensionturistica.com\/es\/wp-content\/uploads\/2022\/07\/Bocuse-d\u00b4Or-Americas-equipo-Mexico-2-1140x762.jpeg 1140w, https:\/\/dimensionturistica.com\/es\/wp-content\/uploads\/2022\/07\/Bocuse-d\u00b4Or-Americas-equipo-Mexico-2.jpeg 1600w\" sizes=\"(max-width: 300px) 100vw, 300px\" \/> vez tiene que ser acompa\u00f1ado de alg\u00fan caldo o salsa.<br \/>\nMientras que para su segunda prueba \u2013 nombrada Plateau \u2013, los candidatos deber\u00e1n homenajear el salm\u00f3n en un platillo que podr\u00e1n preparar en un tiempo de cinco horas 35 minutos.<br \/>\nSer\u00e1 en punto de las dos de la tarde (de Chile) que se iniciar\u00e1n las catas, mismas que evaluar\u00e1n un \u201cJurado de Honor\u201d compuesto por Rodolfo Guzm\u00e1n, Presidente Honorario, Basti\u00e1n Salas, Presidente del Bocuse d&#8217;Or Americas 2022 y David <img decoding=\"async\" class=\"size-medium wp-image-353669 alignleft\" src=\"https:\/\/dimensionturistica.com\/es\/wp-content\/uploads\/2022\/07\/Bocuse-d\u00b4Or-Americas-equipo-Mexico-3-225x300.jpeg\" alt=\"\" width=\"225\" height=\"300\" srcset=\"https:\/\/dimensionturistica.com\/es\/wp-content\/uploads\/2022\/07\/Bocuse-d\u00b4Or-Americas-equipo-Mexico-3-225x300.jpeg 225w, https:\/\/dimensionturistica.com\/es\/wp-content\/uploads\/2022\/07\/Bocuse-d\u00b4Or-Americas-equipo-Mexico-3-768x1024.jpeg 768w, https:\/\/dimensionturistica.com\/es\/wp-content\/uploads\/2022\/07\/Bocuse-d\u00b4Or-Americas-equipo-Mexico-3-1152x1536.jpeg 1152w, https:\/\/dimensionturistica.com\/es\/wp-content\/uploads\/2022\/07\/Bocuse-d\u00b4Or-Americas-equipo-Mexico-3-750x1000.jpeg 750w, https:\/\/dimensionturistica.com\/es\/wp-content\/uploads\/2022\/07\/Bocuse-d\u00b4Or-Americas-equipo-Mexico-3-1140x1520.jpeg 1140w, https:\/\/dimensionturistica.com\/es\/wp-content\/uploads\/2022\/07\/Bocuse-d\u00b4Or-Americas-equipo-Mexico-3.jpeg 1200w\" sizes=\"(max-width: 225px) 100vw, 225px\" \/>Tissot, Bocuse d&#8217;Or 2021 y Presidente del jurado. Adem\u00e1s del \u201cJurado de cocina\u201d, encabezado por Mateo Pedros, campe\u00f3n de Bocuse de Oro 2017 y Sebasti\u00e1n Gibrand, ganador del Bocuse de Plata 2019; quienes evaluar\u00e1n los aspectos t\u00e9cnicos, el cumplimiento de reglas y temas de la contienda.<br \/>\nAs\u00ed mismo ser\u00e1n calificados por el \u201cJurado de cata\u201d, todos chefs designados por cada equipo, y en el cual Ruffo Ibarr\u00e1 del restaurante Oryx Capital de Tijuana, representar\u00e1 a M\u00e9xico.<br \/>\nFinalmente, en punto de las 17:45 de la tarde se revelar\u00e1n los resultados para pronunciar a los candidatos que llegar\u00e1n a la final del 2023.<br \/>\nAnte esto, el Secretario de Turismo del Estado de Baja California declar\u00f3, \u201cEstamos sumamente orgullosos de que el talento de nuestra regi\u00f3n est\u00e9 representando a M\u00e9xico, les deseamos la mejor de las suertes\u201d.<br \/>\nAdem\u00e1s, se\u00f1al\u00f3 \u201csabemos que nuestra gastronom\u00eda es joven, pero hoy est\u00e1 tomando fuerza, es una de las cocinas m\u00e1s fuertes del pa\u00eds y d\u00eda a d\u00eda las y los Chefs de Baja California est\u00e1n trabajando en proyectos que hacen este destino un punto \u00fanico para visitar en el pa\u00eds\u201d.<\/p>\n<p>&nbsp;<\/p>\n","protected":false},"excerpt":{"rendered":"<p>El d\u00eda de hoy se vivir\u00e1 la semifinal de una las contiendas gastron\u00f3micas m\u00e1s relevantes a nivel mundial, Bocuse d\u00b4Or Am\u00e9ricas, competencia en la que el equipo mexicano estar\u00e1 representado por el Chef bajacaliforniano Marcelo Hisaki, creador del Restaurante Amores, ubicado en el pueblo m\u00e1gico Tecate. Bocuse d\u00b4Or Am\u00e9ricas es un concurso internacional de cocina, [&hellip;]<\/p>\n","protected":false},"author":1,"featured_media":353670,"comment_status":"open","ping_status":"closed","sticky":false,"template":"","format":"standard","meta":{"om_disable_all_campaigns":false,"jnews-multi-image_gallery":[],"jnews_single_post":{"source_name":"","source_url":"","via_name":"","via_url":"","override_template":"0","override":[{"template":"1","single_blog_custom":"","parallax":"1","fullscreen":"1","layout":"right-sidebar","sidebar":"default-sidebar","second_sidebar":"default-sidebar","sticky_sidebar":"1","share_position":"top","share_float_style":"share-monocrhome","show_share_counter":"1","show_view_counter":"1","show_featured":"1","show_post_meta":"1","show_post_author":"1","show_post_author_image":"1","show_post_date":"1","post_date_format":"default","post_date_format_custom":"Y\/m\/d","show_post_category":"1","show_post_reading_time":"0","post_reading_time_wpm":"300","show_zoom_button":"0","zoom_button_out_step":"2","zoom_button_in_step":"3","show_post_tag":"1","show_prev_next_post":"1","show_popup_post":"1","number_popup_post":"1","show_author_box":"0","show_post_related":"0","show_inline_post_related":"0"}],"override_image_size":"0","image_override":[{"single_post_thumbnail_size":"crop-500","single_post_gallery_size":"crop-500"}],"trending_post":"0","trending_post_position":"meta","trending_post_label":"Trending","sponsored_post":"0","sponsored_post_label":"Sponsored by","sponsored_post_name":"","sponsored_post_url":"","sponsored_post_logo_enable":"0","sponsored_post_logo":"","sponsored_post_desc":"","disable_ad":"0"},"jnews_primary_category":{"id":""},"jnews_social_meta":{"fb_title":"","fb_description":"","fb_image":"","twitter_title":"","twitter_description":"","twitter_image":""},"footnotes":""},"categories":[43],"tags":[],"class_list":["post-353567","post","type-post","status-publish","format-standard","has-post-thumbnail","hentry","category-gourmet"],"_links":{"self":[{"href":"https:\/\/dimensionturistica.com\/es\/wp-json\/wp\/v2\/posts\/353567","targetHints":{"allow":["GET"]}}],"collection":[{"href":"https:\/\/dimensionturistica.com\/es\/wp-json\/wp\/v2\/posts"}],"about":[{"href":"https:\/\/dimensionturistica.com\/es\/wp-json\/wp\/v2\/types\/post"}],"author":[{"embeddable":true,"href":"https:\/\/dimensionturistica.com\/es\/wp-json\/wp\/v2\/users\/1"}],"replies":[{"embeddable":true,"href":"https:\/\/dimensionturistica.com\/es\/wp-json\/wp\/v2\/comments?post=353567"}],"version-history":[{"count":0,"href":"https:\/\/dimensionturistica.com\/es\/wp-json\/wp\/v2\/posts\/353567\/revisions"}],"wp:featuredmedia":[{"embeddable":true,"href":"https:\/\/dimensionturistica.com\/es\/wp-json\/wp\/v2\/media\/353670"}],"wp:attachment":[{"href":"https:\/\/dimensionturistica.com\/es\/wp-json\/wp\/v2\/media?parent=353567"}],"wp:term":[{"taxonomy":"category","embeddable":true,"href":"https:\/\/dimensionturistica.com\/es\/wp-json\/wp\/v2\/categories?post=353567"},{"taxonomy":"post_tag","embeddable":true,"href":"https:\/\/dimensionturistica.com\/es\/wp-json\/wp\/v2\/tags?post=353567"}],"curies":[{"name":"wp","href":"https:\/\/api.w.org\/{rel}","templated":true}]}}