{"id":353545,"date":"2022-07-15T16:48:24","date_gmt":"2022-07-15T16:48:24","guid":{"rendered":"https:\/\/dimensionturistica.com\/es\/?p=353545"},"modified":"2022-07-15T16:54:37","modified_gmt":"2022-07-15T16:54:37","slug":"mesa-de-trabajo-para-la-ciberseguridad-del-turismo-hace-frente-a-los-fraudes-cometidos-a-los-turistas","status":"publish","type":"post","link":"https:\/\/dimensionturistica.com\/es\/mesa-de-trabajo-para-la-ciberseguridad-del-turismo-hace-frente-a-los-fraudes-cometidos-a-los-turistas\/","title":{"rendered":"Mesa de Trabajo para la Ciberseguridad del Turismo hace frente a los fraudes cometidos a los turistas"},"content":{"rendered":"<p><img decoding=\"async\" class=\"size-medium wp-image-353549 alignright\" src=\"https:\/\/dimensionturistica.com\/es\/wp-content\/uploads\/2022\/07\/Mesa-de-Trabajo-para-la-Ciberseguridad-del-Turismo-2-300x188.jpeg\" alt=\"\" width=\"300\" height=\"188\" srcset=\"https:\/\/dimensionturistica.com\/es\/wp-content\/uploads\/2022\/07\/Mesa-de-Trabajo-para-la-Ciberseguridad-del-Turismo-2-300x188.jpeg 300w, https:\/\/dimensionturistica.com\/es\/wp-content\/uploads\/2022\/07\/Mesa-de-Trabajo-para-la-Ciberseguridad-del-Turismo-2-1024x643.jpeg 1024w, https:\/\/dimensionturistica.com\/es\/wp-content\/uploads\/2022\/07\/Mesa-de-Trabajo-para-la-Ciberseguridad-del-Turismo-2-768x482.jpeg 768w, https:\/\/dimensionturistica.com\/es\/wp-content\/uploads\/2022\/07\/Mesa-de-Trabajo-para-la-Ciberseguridad-del-Turismo-2-1536x965.jpeg 1536w, https:\/\/dimensionturistica.com\/es\/wp-content\/uploads\/2022\/07\/Mesa-de-Trabajo-para-la-Ciberseguridad-del-Turismo-2-750x471.jpeg 750w, https:\/\/dimensionturistica.com\/es\/wp-content\/uploads\/2022\/07\/Mesa-de-Trabajo-para-la-Ciberseguridad-del-Turismo-2-1140x716.jpeg 1140w, https:\/\/dimensionturistica.com\/es\/wp-content\/uploads\/2022\/07\/Mesa-de-Trabajo-para-la-Ciberseguridad-del-Turismo-2.jpeg 1600w\" sizes=\"(max-width: 300px) 100vw, 300px\" \/>El secretario de Turismo del Gobierno de M\u00e9xico, Miguel Torruco Marqu\u00e9s, encabez\u00f3 la instalaci\u00f3n de la \u201cMesa de Trabajo para la Ciberseguridad del Turismo\u201d, con el prop\u00f3sito de implementar medidas para frenar la creciente ola de fraudes v\u00eda internet de la que ha sido v\u00edctima el sector, en perjuicio de las agencias de viajes, empresas de la industria tur\u00edstica y especialmente de los viajeros.<br \/>\nAcompa\u00f1ado del titular de la Procuradur\u00eda Federal del Consumidor (PROFECO), Ricardo Sheffield Padilla; Alejandro Canales Cruz, director general de Gesti\u00f3n de Servicios, Ciberseguridad y Desarrollo Tecnol\u00f3gico de la Secretar\u00eda de Seguridad y Protecci\u00f3n Ciudadana (SSPC); Jacobo Bello, titular de la Guardia Cibern\u00e9tica de la Direcci\u00f3n General Cient\u00edfica de la Guardia Nacional; Nahum Enrique Montoya Iribe, director general de Tecnolog\u00edas de<img decoding=\"async\" class=\"size-medium wp-image-353551 alignright\" src=\"https:\/\/dimensionturistica.com\/es\/wp-content\/uploads\/2022\/07\/Mesa-de-Trabajo-para-la-Ciberseguridad-del-Turismo-5-300x195.jpeg\" alt=\"\" width=\"300\" height=\"195\" srcset=\"https:\/\/dimensionturistica.com\/es\/wp-content\/uploads\/2022\/07\/Mesa-de-Trabajo-para-la-Ciberseguridad-del-Turismo-5-300x195.jpeg 300w, https:\/\/dimensionturistica.com\/es\/wp-content\/uploads\/2022\/07\/Mesa-de-Trabajo-para-la-Ciberseguridad-del-Turismo-5-1024x666.jpeg 1024w, https:\/\/dimensionturistica.com\/es\/wp-content\/uploads\/2022\/07\/Mesa-de-Trabajo-para-la-Ciberseguridad-del-Turismo-5-768x499.jpeg 768w, https:\/\/dimensionturistica.com\/es\/wp-content\/uploads\/2022\/07\/Mesa-de-Trabajo-para-la-Ciberseguridad-del-Turismo-5-1536x998.jpeg 1536w, https:\/\/dimensionturistica.com\/es\/wp-content\/uploads\/2022\/07\/Mesa-de-Trabajo-para-la-Ciberseguridad-del-Turismo-5-750x488.jpeg 750w, https:\/\/dimensionturistica.com\/es\/wp-content\/uploads\/2022\/07\/Mesa-de-Trabajo-para-la-Ciberseguridad-del-Turismo-5-1140x741.jpeg 1140w, https:\/\/dimensionturistica.com\/es\/wp-content\/uploads\/2022\/07\/Mesa-de-Trabajo-para-la-Ciberseguridad-del-Turismo-5.jpeg 1600w\" sizes=\"(max-width: 300px) 100vw, 300px\" \/> la Informaci\u00f3n de la Secretar\u00eda de Econom\u00eda (SE); entre otras autoridades; as\u00ed como los presidentes de las principales c\u00e1maras y asociaciones tur\u00edsticas del pa\u00eds, el titular de la Secretar\u00eda de Turismo (SECTUR) destac\u00f3 la importancia de poner punto final y avanzar para que se castigue severamente a quienes est\u00e1n haciendo fraude.<br \/>\nSubray\u00f3 que esto solo ser\u00e1 posible con el esfuerzo coordinado de las instancias gubernamentales y la estrecha colaboraci\u00f3n del sector privado, piedra angular del desarrollo de la actividad tur\u00edstica.<br \/>\n\u201cVivimos en la era de la digitalizaci\u00f3n, con nuevas tecnolog\u00edas que traen m\u00faltiples beneficios a la sociedad, como la optimizaci\u00f3n, mejora y modernizaci\u00f3n de los flujos financieros, la informaci\u00f3n, el comercio mundial, los servicios y la movilidad humana por todo el planeta\u201d, coment\u00f3 Torruco<img decoding=\"async\" class=\"size-medium wp-image-353552 alignright\" src=\"https:\/\/dimensionturistica.com\/es\/wp-content\/uploads\/2022\/07\/Mesa-de-Trabajo-para-la-Ciberseguridad-del-Turismo-4-300x188.jpeg\" alt=\"\" width=\"300\" height=\"188\" srcset=\"https:\/\/dimensionturistica.com\/es\/wp-content\/uploads\/2022\/07\/Mesa-de-Trabajo-para-la-Ciberseguridad-del-Turismo-4-300x188.jpeg 300w, https:\/\/dimensionturistica.com\/es\/wp-content\/uploads\/2022\/07\/Mesa-de-Trabajo-para-la-Ciberseguridad-del-Turismo-4-1024x641.jpeg 1024w, https:\/\/dimensionturistica.com\/es\/wp-content\/uploads\/2022\/07\/Mesa-de-Trabajo-para-la-Ciberseguridad-del-Turismo-4-768x481.jpeg 768w, https:\/\/dimensionturistica.com\/es\/wp-content\/uploads\/2022\/07\/Mesa-de-Trabajo-para-la-Ciberseguridad-del-Turismo-4-1536x962.jpeg 1536w, https:\/\/dimensionturistica.com\/es\/wp-content\/uploads\/2022\/07\/Mesa-de-Trabajo-para-la-Ciberseguridad-del-Turismo-4-750x470.jpeg 750w, https:\/\/dimensionturistica.com\/es\/wp-content\/uploads\/2022\/07\/Mesa-de-Trabajo-para-la-Ciberseguridad-del-Turismo-4-1140x714.jpeg 1140w, https:\/\/dimensionturistica.com\/es\/wp-content\/uploads\/2022\/07\/Mesa-de-Trabajo-para-la-Ciberseguridad-del-Turismo-4.jpeg 1600w\" sizes=\"(max-width: 300px) 100vw, 300px\" \/> Marqu\u00e9s.<br \/>\nIndic\u00f3 que actualmente en el mundo existen 4 mil 950 millones de internautas, esto es 62.5% de la poblaci\u00f3n mundial; y en el caso de M\u00e9xico, son 96.8 millones de usuarios de cualquier dispositivo, lo que representa alrededor de 74% del total de la poblaci\u00f3n de nuestro pa\u00eds.<br \/>\nSin embargo, el titular de SECTUR reconoci\u00f3 que a lo largo de la pandemia, las malas pr\u00e1cticas en el uso de los recursos digitales cobraron mayor relevancia por atentar contra la privacidad y la ciberseguridad de las instituciones, de las empresas y de las personas, situaci\u00f3n que afect\u00f3 tambi\u00e9n al \u00e1mbito tur\u00edstico, al da\u00f1ar no solo a las agencias de viajes, sino tambi\u00e9n la ilusi\u00f3n de los viajeros que vienen con la intenci\u00f3n de disfrutar de su estancia.<br \/>\n\u201cPor ello, sector p\u00fablico y privado debemos hacer sinergia para afrontar esta amenaza y proteger a nuestra actividad tur\u00edstica, generadora de empleos, divisas e inversi\u00f3n\u201d, enfatiz\u00f3 el secretario de<img decoding=\"async\" class=\"size-medium wp-image-353553 alignright\" src=\"https:\/\/dimensionturistica.com\/es\/wp-content\/uploads\/2022\/07\/Mesa-de-Trabajo-para-la-Ciberseguridad-del-Turismo-3-300x204.jpeg\" alt=\"\" width=\"300\" height=\"204\" srcset=\"https:\/\/dimensionturistica.com\/es\/wp-content\/uploads\/2022\/07\/Mesa-de-Trabajo-para-la-Ciberseguridad-del-Turismo-3-300x204.jpeg 300w, https:\/\/dimensionturistica.com\/es\/wp-content\/uploads\/2022\/07\/Mesa-de-Trabajo-para-la-Ciberseguridad-del-Turismo-3-1024x695.jpeg 1024w, https:\/\/dimensionturistica.com\/es\/wp-content\/uploads\/2022\/07\/Mesa-de-Trabajo-para-la-Ciberseguridad-del-Turismo-3-768x521.jpeg 768w, https:\/\/dimensionturistica.com\/es\/wp-content\/uploads\/2022\/07\/Mesa-de-Trabajo-para-la-Ciberseguridad-del-Turismo-3-1536x1043.jpeg 1536w, https:\/\/dimensionturistica.com\/es\/wp-content\/uploads\/2022\/07\/Mesa-de-Trabajo-para-la-Ciberseguridad-del-Turismo-3-750x509.jpeg 750w, https:\/\/dimensionturistica.com\/es\/wp-content\/uploads\/2022\/07\/Mesa-de-Trabajo-para-la-Ciberseguridad-del-Turismo-3-1140x774.jpeg 1140w, https:\/\/dimensionturistica.com\/es\/wp-content\/uploads\/2022\/07\/Mesa-de-Trabajo-para-la-Ciberseguridad-del-Turismo-3.jpeg 1600w\" sizes=\"(max-width: 300px) 100vw, 300px\" \/> Turismo.<br \/>\nAgreg\u00f3 que con la voluntad pol\u00edtica y la participaci\u00f3n del sector empresarial, mediante la \u201cMesa de Trabajo para la Ciberseguridad del Turismo\u201d se presentar\u00e1 de forma consensuada el programa espec\u00edfico de acci\u00f3n para resolver este problema.<br \/>\nTorruco Marqu\u00e9s precis\u00f3 que para este a\u00f1o se estima la llegada de 42 millones 124 mil turistas internacionales, y se captar\u00e1n 25 mil 370 millones de d\u00f3lares; adem\u00e1s detall\u00f3 los proyectos estrat\u00e9gicos que impulsar\u00e1n la diversificaci\u00f3n de la actividad tur\u00edstica y la conectividad, con el prop\u00f3sito de que sus beneficios lleguen a las comunidades y hacer del turismo una herramienta de reconciliaci\u00f3n social, como lo indica la pol\u00edtica del presidente Andr\u00e9s Manuel L\u00f3pez Obrador.<br \/>\nPor su parte, el titular de PROFECO, Ricardo Sheffield Padilla, inform\u00f3 el protocolo de acci\u00f3n que realiza la dependencia para evitar los fraudes cibern\u00e9ticos, mediante el monitoreo diario de redes sociales y el seguimiento a las ofertas existentes para verificar que est\u00e9n apegadas a la ley; entre otras medidas.<br \/>\nEn tanto, Alejandro Canales Cruz, director general de Gesti\u00f3n de Servicios, Ciberseguridad y Desarrollo Tecnol\u00f3gico de la Secretar\u00eda de Seguridad y Protecci\u00f3n Ciudadana (SSPC); destac\u00f3 la estrecha colaboraci\u00f3n con PROFECO para atender las denuncias, lo que ha llevado a desactivar sitios que incurren en fraudes.<br \/>\nDurante la instalaci\u00f3n de la \u201cMesa de Trabajo para la Ciberseguridad del Turismo\u201d, los l\u00edderes de las principales c\u00e1maras y asociaciones tur\u00edsticas de M\u00e9xico agradecieron la disposici\u00f3n del titular de SECTUR por esta iniciativa que atender\u00e1 una problem\u00e1tica que da\u00f1a al sector y a la econom\u00eda.<br \/>\nA trav\u00e9s de un di\u00e1logo productivo, los dirigentes presentaron sus propuestas de trabajo, entre las que destaca sumar a las autoridades y empresas del sector financiero, al ser uno de los veh\u00edculos que emplean los defraudadores cibern\u00e9ticos para afectar a los consumidores.<img decoding=\"async\" class=\"size-medium wp-image-353554 alignright\" src=\"https:\/\/dimensionturistica.com\/es\/wp-content\/uploads\/2022\/07\/Mesa-de-Trabajo-para-la-Ciberseguridad-del-Turismo-1-300x179.jpeg\" alt=\"\" width=\"300\" height=\"179\" srcset=\"https:\/\/dimensionturistica.com\/es\/wp-content\/uploads\/2022\/07\/Mesa-de-Trabajo-para-la-Ciberseguridad-del-Turismo-1-300x179.jpeg 300w, https:\/\/dimensionturistica.com\/es\/wp-content\/uploads\/2022\/07\/Mesa-de-Trabajo-para-la-Ciberseguridad-del-Turismo-1-1024x609.jpeg 1024w, https:\/\/dimensionturistica.com\/es\/wp-content\/uploads\/2022\/07\/Mesa-de-Trabajo-para-la-Ciberseguridad-del-Turismo-1-768x457.jpeg 768w, https:\/\/dimensionturistica.com\/es\/wp-content\/uploads\/2022\/07\/Mesa-de-Trabajo-para-la-Ciberseguridad-del-Turismo-1-1536x914.jpeg 1536w, https:\/\/dimensionturistica.com\/es\/wp-content\/uploads\/2022\/07\/Mesa-de-Trabajo-para-la-Ciberseguridad-del-Turismo-1-750x446.jpeg 750w, https:\/\/dimensionturistica.com\/es\/wp-content\/uploads\/2022\/07\/Mesa-de-Trabajo-para-la-Ciberseguridad-del-Turismo-1-1140x678.jpeg 1140w, https:\/\/dimensionturistica.com\/es\/wp-content\/uploads\/2022\/07\/Mesa-de-Trabajo-para-la-Ciberseguridad-del-Turismo-1.jpeg 1600w\" sizes=\"(max-width: 300px) 100vw, 300px\" \/><br \/>\nEn la reuni\u00f3n estuvieron presentes el subsecretario de Turismo, Humberto Hern\u00e1ndez Haddad; y representando al sector empresarial el presidente de la Confederaci\u00f3n de C\u00e1maras Nacionales de Comercio, Servicios y Turismo (CONCANACO-SERVYTUR), Jos\u00e9 H\u00e9ctor Tejada Shaar; Lourdes Prieto M\u00e1rquez, directora general del Consejo Nacional Empresarial Tur\u00edstico (CNET); Juan Manuel Olivares, gerente de Atenci\u00f3n y Servicio a Socios de la Asociaci\u00f3n Mexicana de Hoteles y Moteles (AMHM); Givette P\u00e9rez Urea, directora general de la Asociaci\u00f3n Nacional de Cadenas Hoteleras (ANCH); Adolfo Elim Luviano Heredia, director ejecutivo de la C\u00e1mara Nacional del Autotransporte de Pasaje y Turismo (CANAPAT); Eduardo Paniagua Morales, presidente de la Asociaci\u00f3n Mexicana de Agencias de Viajes (AMAV); Jorge Hern\u00e1ndez Delgado, presidente de la Federaci\u00f3n Mexicana de Asociaciones Tur\u00edsticas (FEMATUR); y Judith Guerra, presidenta del Grupo Mexicano de Asociaciones de Agencias de Viaje y Empresas Tur\u00edsticas (GMA).<\/p>\n<p>&nbsp;<\/p>\n","protected":false},"excerpt":{"rendered":"<p>El secretario de Turismo del Gobierno de M\u00e9xico, Miguel Torruco Marqu\u00e9s, encabez\u00f3 la instalaci\u00f3n de la \u201cMesa de Trabajo para la Ciberseguridad del Turismo\u201d, con el prop\u00f3sito de implementar medidas para frenar la creciente ola de fraudes v\u00eda internet de la que ha sido v\u00edctima el sector, en perjuicio de las agencias de viajes, empresas [&hellip;]<\/p>\n","protected":false},"author":1,"featured_media":353550,"comment_status":"open","ping_status":"closed","sticky":false,"template":"","format":"standard","meta":{"om_disable_all_campaigns":false,"jnews-multi-image_gallery":[],"jnews_single_post":{"source_name":"","source_url":"","via_name":"","via_url":"","override_template":"0","override":[{"template":"1","single_blog_custom":"","parallax":"1","fullscreen":"1","layout":"right-sidebar","sidebar":"default-sidebar","second_sidebar":"default-sidebar","sticky_sidebar":"1","share_position":"top","share_float_style":"share-monocrhome","show_share_counter":"1","show_view_counter":"1","show_featured":"1","show_post_meta":"1","show_post_author":"1","show_post_author_image":"1","show_post_date":"1","post_date_format":"default","post_date_format_custom":"Y\/m\/d","show_post_category":"1","show_post_reading_time":"0","post_reading_time_wpm":"300","show_zoom_button":"0","zoom_button_out_step":"2","zoom_button_in_step":"3","show_post_tag":"1","show_prev_next_post":"1","show_popup_post":"1","number_popup_post":"1","show_author_box":"0","show_post_related":"0","show_inline_post_related":"0"}],"override_image_size":"0","image_override":[{"single_post_thumbnail_size":"crop-500","single_post_gallery_size":"crop-500"}],"trending_post":"0","trending_post_position":"meta","trending_post_label":"Trending","sponsored_post":"0","sponsored_post_label":"Sponsored by","sponsored_post_name":"","sponsored_post_url":"","sponsored_post_logo_enable":"0","sponsored_post_logo":"","sponsored_post_desc":"","disable_ad":"0"},"jnews_primary_category":{"id":""},"jnews_social_meta":{"fb_title":"","fb_description":"","fb_image":"","twitter_title":"","twitter_description":"","twitter_image":""},"footnotes":""},"categories":[39],"tags":[],"class_list":["post-353545","post","type-post","status-publish","format-standard","has-post-thumbnail","hentry","category-viajes"],"_links":{"self":[{"href":"https:\/\/dimensionturistica.com\/es\/wp-json\/wp\/v2\/posts\/353545","targetHints":{"allow":["GET"]}}],"collection":[{"href":"https:\/\/dimensionturistica.com\/es\/wp-json\/wp\/v2\/posts"}],"about":[{"href":"https:\/\/dimensionturistica.com\/es\/wp-json\/wp\/v2\/types\/post"}],"author":[{"embeddable":true,"href":"https:\/\/dimensionturistica.com\/es\/wp-json\/wp\/v2\/users\/1"}],"replies":[{"embeddable":true,"href":"https:\/\/dimensionturistica.com\/es\/wp-json\/wp\/v2\/comments?post=353545"}],"version-history":[{"count":0,"href":"https:\/\/dimensionturistica.com\/es\/wp-json\/wp\/v2\/posts\/353545\/revisions"}],"wp:featuredmedia":[{"embeddable":true,"href":"https:\/\/dimensionturistica.com\/es\/wp-json\/wp\/v2\/media\/353550"}],"wp:attachment":[{"href":"https:\/\/dimensionturistica.com\/es\/wp-json\/wp\/v2\/media?parent=353545"}],"wp:term":[{"taxonomy":"category","embeddable":true,"href":"https:\/\/dimensionturistica.com\/es\/wp-json\/wp\/v2\/categories?post=353545"},{"taxonomy":"post_tag","embeddable":true,"href":"https:\/\/dimensionturistica.com\/es\/wp-json\/wp\/v2\/tags?post=353545"}],"curies":[{"name":"wp","href":"https:\/\/api.w.org\/{rel}","templated":true}]}}